{"id":42259,"date":"2017-01-06T11:12:48","date_gmt":"2017-01-06T07:12:48","guid":{"rendered":""},"modified":"-0001-11-30T00:00:00","modified_gmt":"-0001-11-29T20:00:00","slug":"","status":"publish","type":"post","link":"https:\/\/ucnoqta.az\/?p=42259","title":{"rendered":"R\u00f6vn\u0259q Abdullayev: <font color=red><b>\u201cG\u0259lin, bu m\u0259s\u0259l\u0259y\u0259 m\u0259hk\u0259m\u0259d\u0259n sonra qay\u0131daq\u201d<\/b><\/font>"},"content":{"rendered":"<p><span style=\"line-height: 1.6em;\">&ldquo;Bel\u0259 b&ouml;y&uuml;k bir t\u0259dbirin Bak\u0131da ke&ccedil;irilm\u0259sin\u0259 raz\u0131l\u0131q verdiyi &uuml;&ccedil;&uuml;n Beyn\u0259lxalq C&uuml;do Federasiyas\u0131n\u0131n (\u0130JF) prezidenti Marius Vizer\u0259 t\u0259\u015f\u0259kk&uuml;r edir\u0259m. 100 &ouml;lk\u0259d\u0259n 400-\u0259 yax\u0131n n&uuml;may\u0259nd\u0259 g\u0259lib v\u0259 bu, b&uuml;t&uuml;n d&uuml;nyan\u0131 \u0259hat\u0259 ed\u0259n bir seminard\u0131&rdquo;. Apasport.az sayt\u0131n\u0131n m\u0259lumat\u0131na g&ouml;r\u0259, bunu Az\u0259rbaycan C&uuml;do Federasiyas\u0131n\u0131n prezidenti R&ouml;vn\u0259q Abdullayev deyib.<\/span><br \/>\n<span style=\"line-height: 1.6em;\">Bu g&uuml;n Bak\u0131da c&uuml;do hakiml\u0259ri v\u0259 m\u0259\u015fq&ccedil;il\u0259ri &uuml;&ccedil;&uuml;n t\u0259\u015fkil edil\u0259n seminardan sonra brifinq ke&ccedil;ir\u0259n federasiya prezidenti bundan m\u0259mnunluq duydu\u011funu s&ouml;yl\u0259yib: &ldquo;&Ccedil;al\u0131\u015faca\u011f\u0131q ki, qonaqlara Az\u0259rbaycan\u0131n v\u0259 onun c&uuml;dosunun inki\u015fafda oldu\u011funu g&ouml;st\u0259r\u0259k. &Ccedil;ox \u015fad\u0131q ki, c&uuml;donun inki\u015faf\u0131 yolunda b&ouml;y&uuml;k d\u0259yi\u015fiklikl\u0259r m\u0259hz &ouml;lk\u0259mizd\u0259 ba\u015f ver\u0259c\u0259k. Bu da bizim &uuml;&ccedil;&uuml;n \u015f\u0259r\u0259fdi. Az\u0259rbaycanda art\u0131q on minl\u0259rl\u0259 u\u015faq c&uuml;do il\u0259 m\u0259\u015f\u011ful olma\u011fa ba\u015flay\u0131b. Bu idman n&ouml;v&uuml; &ouml;lk\u0259mizd\u0259 populyarla\u015f\u0131b. Bu populyarl\u0131\u011f\u0131n n\u0259tic\u0259sidi ki, d&uuml;nya b&ouml;y&uuml;kl\u0259ri bura topla\u015f\u0131rlar. G\u0259l\u0259n il &ouml;lk\u0259mizd\u0259 ke&ccedil;iril\u0259c\u0259k d&uuml;nya &ccedil;empionat\u0131n\u0131n c&uuml;donun inki\u015faf\u0131na b&ouml;y&uuml;k t\u0259kan ver\u0259c\u0259yin\u0259 inan\u0131ram&rdquo;.<\/span><br \/>\n<span style=\"line-height: 1.6em;\">Abdullayev c&uuml;do &uuml;zr\u0259 milli komandam\u0131z\u0131n ba\u015f m\u0259\u015fq&ccedil;isi m\u0259s\u0259l\u0259sin\u0259 d\u0259 m&uuml;nasib\u0259t bildirib. O, Avstriyada m\u0259hk\u0259m\u0259si davam ed\u0259n ba\u015f m\u0259\u015fq&ccedil;i Peter Zayzenbaherl\u0259 ba\u011fl\u0131 h\u0259l\u0259 q\u0259rar verm\u0259dikl\u0259rini s&ouml;yl\u0259yib. Federasiya prezidenti m\u0259hk\u0259m\u0259nin yekununu g&ouml;zl\u0259dikl\u0259rini vur\u011fulay\u0131b: &ldquo;G\u0259lin, bu m\u0259s\u0259l\u0259y\u0259 m\u0259hk\u0259m\u0259 bitdikd\u0259n sonra qay\u0131daq. H\u0259l\u0259lik n\u0259s\u0259 dem\u0259yim do\u011fru olmaz&rdquo;.<\/span><\/p>\n","protected":false},"excerpt":{"rendered":"<p>&ldquo;Bel\u0259 b&ouml;y&uuml;k bir t\u0259dbirin Bak\u0131da ke&ccedil;irilm\u0259sin\u0259 raz\u0131l\u0131q verdiyi &uuml;&ccedil;&uuml;n Beyn\u0259lxalq C&uuml;do Federasiyas\u0131n\u0131n (\u0130JF) prezidenti Marius Vizer\u0259 t\u0259\u015f\u0259kk&uuml;r edir\u0259m. 100 &ouml;lk\u0259d\u0259n 400-\u0259 yax\u0131n n&uuml;may\u0259nd\u0259 g\u0259lib v\u0259 bu, b&uuml;t&uuml;n d&uuml;nyan\u0131 \u0259hat\u0259 ed\u0259n&hellip;<\/p>\n","protected":false},"author":1,"featured_media":251278,"comment_status":"open","ping_status":"open","sticky":false,"template":"","format":"standard","meta":{"_lmt_disableupdate":"","_lmt_disable":"","footnotes":""},"categories":[],"tags":[],"class_list":["post-42259","post","type-post","status-publish","format-standard","has-post-thumbnail","hentry"],"_links":{"self":[{"href":"https:\/\/ucnoqta.az\/index.php?rest_route=\/wp\/v2\/posts\/42259","targetHints":{"allow":["GET"]}}],"collection":[{"href":"https:\/\/ucnoqta.az\/index.php?rest_route=\/wp\/v2\/posts"}],"about":[{"href":"https:\/\/ucnoqta.az\/index.php?rest_route=\/wp\/v2\/types\/post"}],"author":[{"embeddable":true,"href":"https:\/\/ucnoqta.az\/index.php?rest_route=\/wp\/v2\/users\/1"}],"replies":[{"embeddable":true,"href":"https:\/\/ucnoqta.az\/index.php?rest_route=%2Fwp%2Fv2%2Fcomments&post=42259"}],"version-history":[{"count":0,"href":"https:\/\/ucnoqta.az\/index.php?rest_route=\/wp\/v2\/posts\/42259\/revisions"}],"wp:featuredmedia":[{"embeddable":true,"href":"https:\/\/ucnoqta.az\/index.php?rest_route=\/wp\/v2\/media\/251278"}],"wp:attachment":[{"href":"https:\/\/ucnoqta.az\/index.php?rest_route=%2Fwp%2Fv2%2Fmedia&parent=42259"}],"wp:term":[{"taxonomy":"category","embeddable":true,"href":"https:\/\/ucnoqta.az\/index.php?rest_route=%2Fwp%2Fv2%2Fcategories&post=42259"},{"taxonomy":"post_tag","embeddable":true,"href":"https:\/\/ucnoqta.az\/index.php?rest_route=%2Fwp%2Fv2%2Ftags&post=42259"}],"curies":[{"name":"wp","href":"https:\/\/api.w.org\/{rel}","templated":true}]}}