{"id":42253,"date":"2017-01-06T10:24:30","date_gmt":"2017-01-06T06:24:30","guid":{"rendered":""},"modified":"-0001-11-30T00:00:00","modified_gmt":"-0001-11-29T20:00:00","slug":"","status":"publish","type":"post","link":"https:\/\/ucnoqta.az\/?p=42253","title":{"rendered":"<font color=red><b>Bak\u0131da DYP avtomobili yan\u0131b<\/b><\/font>"},"content":{"rendered":"<p><span style=\"line-height: 1.6em;\">Ab\u015feron rayon Polis \u0130dar\u0259sinin h\u0259y\u0259tind\u0259 yan\u011f\u0131n olub.&nbsp;<\/span><span style=\"line-height: 1.6em;\">APA-n\u0131n m\u0259lumat\u0131na g&ouml;r\u0259, idar\u0259nin h\u0259y\u0259tind\u0259 dayanm\u0131\u015f, &ldquo;BMW&rdquo; markal\u0131 Yol Patrul Xidm\u0259ti avtomobili v\u0259 polis \u0259m\u0259kda\u015flar\u0131ndan birin\u0259 m\u0259xsus &ldquo;Mercedes&rdquo; markal\u0131 ma\u015f\u0131n yan\u0131b.&nbsp;<\/span><span style=\"line-height: 1.6em;\">H\u0259yata ke&ccedil;iril\u0259n t\u0259dbirl\u0259r n\u0259tic\u0259sind\u0259 yan\u011f\u0131n\u0131n polis idar\u0259sinin inzibati binas\u0131na ke&ccedil;m\u0259sinin qar\u015f\u0131s\u0131 al\u0131n\u0131b.<\/span><\/p>\n<p>&nbsp;***<br \/>\n&nbsp;saat 04.55<br \/>\n&nbsp;<br \/>\nA\u011fsu v\u0259 Ab\u015feron rayonlar\u0131nda yan\u011f\u0131n hadis\u0259si qeyd\u0259 al\u0131n\u0131b. APA-n\u0131n F&ouml;vq\u0259lad\u0259 Hallar Nazirliyinin (FHN) sayt\u0131na istinad\u0259n verdiyi x\u0259b\u0259r\u0259 g&ouml;r\u0259, A\u011fsu rayonunda yan\u011f\u0131n v\u0259t\u0259nda\u015fa m\u0259xsus &uuml;mumi sah\u0259si 130 m olan k&uuml;rs&uuml;l&uuml;, birm\u0259rt\u0259b\u0259li 4 otaql\u0131 mansard tipli ya\u015fay\u0131\u015f evind\u0259 ba\u015f verib. N\u0259tic\u0259d\u0259 evin 1 ota\u011f\u0131n\u0131n v\u0259 d\u0259hlizinin yanar konstruksiyalar\u0131 v\u0259 ev \u0259\u015fyalar\u0131 44 m2 sah\u0259d\u0259 yan\u0131b. Evin qalan hiss\u0259si yan\u011f\u0131ndan m&uuml;hafiz\u0259 olunub. &nbsp;<br \/>\n&nbsp;Ab\u015feron rayonunda &ldquo;BMW&rdquo; markal\u0131 minik avtomobilinin m&uuml;h\u0259rrik hiss\u0259si, salonu v\u0259 &ldquo;Mercedes&rdquo; markal\u0131 minik avtomobilinin baqaj\u0131 v\u0259 salonu yan\u0131b. Avtomobill\u0259rin qalan hiss\u0259si yan\u011f\u0131ndan m&uuml;hafiz\u0259 olunub.&nbsp;<\/p>\n","protected":false},"excerpt":{"rendered":"<p>Ab\u015feron rayon Polis \u0130dar\u0259sinin h\u0259y\u0259tind\u0259 yan\u011f\u0131n olub.&nbsp;APA-n\u0131n m\u0259lumat\u0131na g&ouml;r\u0259, idar\u0259nin h\u0259y\u0259tind\u0259 dayanm\u0131\u015f, &ldquo;BMW&rdquo; markal\u0131 Yol Patrul Xidm\u0259ti avtomobili v\u0259 polis \u0259m\u0259kda\u015flar\u0131ndan birin\u0259 m\u0259xsus &ldquo;Mercedes&rdquo; markal\u0131 ma\u015f\u0131n yan\u0131b.&nbsp;H\u0259yata ke&ccedil;iril\u0259n t\u0259dbirl\u0259r n\u0259tic\u0259sind\u0259&hellip;<\/p>\n","protected":false},"author":1,"featured_media":251278,"comment_status":"open","ping_status":"open","sticky":false,"template":"","format":"standard","meta":{"_lmt_disableupdate":"","_lmt_disable":"","footnotes":""},"categories":[],"tags":[],"class_list":["post-42253","post","type-post","status-publish","format-standard","has-post-thumbnail","hentry"],"_links":{"self":[{"href":"https:\/\/ucnoqta.az\/index.php?rest_route=\/wp\/v2\/posts\/42253","targetHints":{"allow":["GET"]}}],"collection":[{"href":"https:\/\/ucnoqta.az\/index.php?rest_route=\/wp\/v2\/posts"}],"about":[{"href":"https:\/\/ucnoqta.az\/index.php?rest_route=\/wp\/v2\/types\/post"}],"author":[{"embeddable":true,"href":"https:\/\/ucnoqta.az\/index.php?rest_route=\/wp\/v2\/users\/1"}],"replies":[{"embeddable":true,"href":"https:\/\/ucnoqta.az\/index.php?rest_route=%2Fwp%2Fv2%2Fcomments&post=42253"}],"version-history":[{"count":0,"href":"https:\/\/ucnoqta.az\/index.php?rest_route=\/wp\/v2\/posts\/42253\/revisions"}],"wp:featuredmedia":[{"embeddable":true,"href":"https:\/\/ucnoqta.az\/index.php?rest_route=\/wp\/v2\/media\/251278"}],"wp:attachment":[{"href":"https:\/\/ucnoqta.az\/index.php?rest_route=%2Fwp%2Fv2%2Fmedia&parent=42253"}],"wp:term":[{"taxonomy":"category","embeddable":true,"href":"https:\/\/ucnoqta.az\/index.php?rest_route=%2Fwp%2Fv2%2Fcategories&post=42253"},{"taxonomy":"post_tag","embeddable":true,"href":"https:\/\/ucnoqta.az\/index.php?rest_route=%2Fwp%2Fv2%2Ftags&post=42253"}],"curies":[{"name":"wp","href":"https:\/\/api.w.org\/{rel}","templated":true}]}}