{"id":42248,"date":"2017-01-05T17:35:16","date_gmt":"2017-01-05T13:35:16","guid":{"rendered":""},"modified":"-0001-11-30T00:00:00","modified_gmt":"-0001-11-29T20:00:00","slug":"","status":"publish","type":"post","link":"https:\/\/ucnoqta.az\/?p=42248","title":{"rendered":"<b><font color=red>R\u0259c\u0259b Tayyib \u018frdo\u011fan:<\/font> &#8220;T\u00fcrkiy\u0259nin t\u0259hl\u00fck\u0259sizliyi Nax\u00e7\u0131vandan, Batumid\u0259n, Balkanlardan ba\u015flay\u0131r&#8221;<\/b>"},"content":{"rendered":"<p><span style=\"line-height: 1.6em;\">&quot;T&uuml;rkiy\u0259nin t\u0259hl&uuml;k\u0259sizliyi &ouml;lk\u0259 s\u0259rh\u0259dl\u0259rind\u0259n yox, Nax&ccedil;\u0131vandan, Batumid\u0259n, Balkanlardan v\u0259 H\u0259l\u0259bd\u0259n ba\u015flay\u0131r&quot;.&nbsp;<\/span><span style=\"line-height: 1.6em;\">&quot;Report&quot; x\u0259b\u0259r verir ki, bu bar\u0259d\u0259 Ankarada &quot;Ke&ccedil;i&ouml;ren&quot; metro stansiyas\u0131n\u0131n a&ccedil;\u0131l\u0131\u015f\u0131nda T&uuml;rkiy\u0259 Prezidenti R\u0259c\u0259b Tayyib \u018frdo\u011fan bildirib.<\/span><\/p>\n<p>&Ouml;lk\u0259d\u0259 t&ouml;r\u0259dil\u0259n terror aktlar\u0131ndan dan\u0131\u015fan d&ouml;vl\u0259t ba\u015f&ccedil;\u0131s\u0131 he&ccedil; kimin T&uuml;rkiy\u0259nin birliyini v\u0259 b&uuml;t&ouml;vl&uuml;y&uuml;n&uuml; sars\u0131da bilm\u0259y\u0259c\u0259yini deyib: &quot;Terror&ccedil;ular v\u0259 onlara d\u0259st\u0259k olanlar m\u0259qs\u0259dl\u0259rin\u0259 &ccedil;ata bilm\u0259y\u0259c\u0259kl\u0259r. T&uuml;rkiy\u0259ni diz &ccedil;&ouml;kd&uuml;rm\u0259y\u0259 &ccedil;al\u0131\u015f\u0131rlar. Amma t&uuml;rk xalq\u0131n\u0131n q\u0259hr\u0259mancas\u0131na m&uuml;qavim\u0259ti buna \u0259n yax\u015f\u0131 cavabd\u0131r&quot;.<\/p>\n<p>R.T.\u018frdo\u011fan n&ouml;vb\u0259ti d\u0259f\u0259 &ouml;lk\u0259d\u0259 &ouml;l&uuml;m h&ouml;km&uuml;n&uuml;n t\u0259tbiqinin m&uuml;mk&uuml;nl&uuml;y&uuml;n&uuml; t\u0259krarlayaraq, parlamentin &ouml;l&uuml;m h&ouml;km&uuml; c\u0259zas\u0131n\u0131 b\u0259rpa etm\u0259k q\u0259rar\u0131na g\u0259l\u0259c\u0259yi t\u0259qdird\u0259 m&uuml;vafiq f\u0259rman\u0131 imzalayaca\u011f\u0131n\u0131 vur\u011fulay\u0131b.<\/p>\n","protected":false},"excerpt":{"rendered":"<p>&quot;T&uuml;rkiy\u0259nin t\u0259hl&uuml;k\u0259sizliyi &ouml;lk\u0259 s\u0259rh\u0259dl\u0259rind\u0259n yox, Nax&ccedil;\u0131vandan, Batumid\u0259n, Balkanlardan v\u0259 H\u0259l\u0259bd\u0259n ba\u015flay\u0131r&quot;.&nbsp;&quot;Report&quot; x\u0259b\u0259r verir ki, bu bar\u0259d\u0259 Ankarada &quot;Ke&ccedil;i&ouml;ren&quot; metro stansiyas\u0131n\u0131n a&ccedil;\u0131l\u0131\u015f\u0131nda T&uuml;rkiy\u0259 Prezidenti R\u0259c\u0259b Tayyib \u018frdo\u011fan bildirib. &Ouml;lk\u0259d\u0259 t&ouml;r\u0259dil\u0259n terror&hellip;<\/p>\n","protected":false},"author":1,"featured_media":251278,"comment_status":"open","ping_status":"open","sticky":false,"template":"","format":"standard","meta":{"_lmt_disableupdate":"","_lmt_disable":"","footnotes":""},"categories":[],"tags":[],"class_list":["post-42248","post","type-post","status-publish","format-standard","has-post-thumbnail","hentry"],"_links":{"self":[{"href":"https:\/\/ucnoqta.az\/index.php?rest_route=\/wp\/v2\/posts\/42248","targetHints":{"allow":["GET"]}}],"collection":[{"href":"https:\/\/ucnoqta.az\/index.php?rest_route=\/wp\/v2\/posts"}],"about":[{"href":"https:\/\/ucnoqta.az\/index.php?rest_route=\/wp\/v2\/types\/post"}],"author":[{"embeddable":true,"href":"https:\/\/ucnoqta.az\/index.php?rest_route=\/wp\/v2\/users\/1"}],"replies":[{"embeddable":true,"href":"https:\/\/ucnoqta.az\/index.php?rest_route=%2Fwp%2Fv2%2Fcomments&post=42248"}],"version-history":[{"count":0,"href":"https:\/\/ucnoqta.az\/index.php?rest_route=\/wp\/v2\/posts\/42248\/revisions"}],"wp:featuredmedia":[{"embeddable":true,"href":"https:\/\/ucnoqta.az\/index.php?rest_route=\/wp\/v2\/media\/251278"}],"wp:attachment":[{"href":"https:\/\/ucnoqta.az\/index.php?rest_route=%2Fwp%2Fv2%2Fmedia&parent=42248"}],"wp:term":[{"taxonomy":"category","embeddable":true,"href":"https:\/\/ucnoqta.az\/index.php?rest_route=%2Fwp%2Fv2%2Fcategories&post=42248"},{"taxonomy":"post_tag","embeddable":true,"href":"https:\/\/ucnoqta.az\/index.php?rest_route=%2Fwp%2Fv2%2Ftags&post=42248"}],"curies":[{"name":"wp","href":"https:\/\/api.w.org\/{rel}","templated":true}]}}