{"id":42241,"date":"2017-01-05T15:14:09","date_gmt":"2017-01-05T11:14:09","guid":{"rendered":""},"modified":"-0001-11-30T00:00:00","modified_gmt":"-0001-11-29T20:00:00","slug":"","status":"publish","type":"post","link":"https:\/\/ucnoqta.az\/?p=42241","title":{"rendered":"<b>Polisin t\u0259l\u0259b\u0259ni d\u00f6ym\u0259si il\u0259 ba\u011fl\u0131 yay\u0131lan m\u0259lumatlara<font color=red> AYDINLIQ<\/font><\/b>"},"content":{"rendered":"<p><span style=\"line-height: 1.6em;\">Bak\u0131da 18 ya\u015fl\u0131 t\u0259l\u0259b\u0259nin polis t\u0259r\u0259find\u0259n d&ouml;y&uuml;lm\u0259si bar\u0259d\u0259 yay\u0131lan m\u0259lumatlara r\u0259smi m&uuml;nasib\u0259t bildirilib.&nbsp;<\/span><span style=\"line-height: 1.6em;\">Bak\u0131 \u015f\u0259h\u0259r Ba\u015f Polis \u0130dar\u0259sind\u0259n APA-ya veril\u0259n m\u0259lumata g&ouml;r\u0259, bayram g&uuml;nl\u0259rind\u0259 b\u0259zi saytlarda Bak\u0131n\u0131n Sabun&ccedil;u rayonu \u0259razisind\u0259 18 ya\u015fl\u0131 lisey t\u0259l\u0259b\u0259si Mirbala Qas\u0131mzad\u0259nin guya polis \u0259m\u0259kda\u015flar\u0131 t\u0259r\u0259find\u0259n d&ouml;y&uuml;lm\u0259si bar\u0259d\u0259 m\u0259lumatlar yay\u0131l\u0131b:&nbsp;<\/span><span style=\"line-height: 1.6em;\">&ldquo;18 ya\u015fl\u0131 Mirbala Qas\u0131mzad\u0259nin polis \u0259m\u0259kda\u015flar\u0131 t\u0259r\u0259find\u0259n d&ouml;y&uuml;lm\u0259si v\u0259 x\u0259sar\u0259t almas\u0131 bar\u0259d\u0259 yay\u0131lan m\u0259lumatlar h\u0259qiq\u0259t\u0259 uy\u011fun deyil. Bu, bayram g&uuml;nl\u0259rind\u0259 g&uuml;cl\u0259ndirilmi\u015f i\u015f rejimind\u0259 &ccedil;al\u0131\u015fan polisin i\u015fg&uuml;zar n&uuml;fuzuna k&ouml;lg\u0259 salma\u011fa y&ouml;n\u0259l\u0259n m\u0259lumatd\u0131r. Bel\u0259 ki, yanvar\u0131n 1-d\u0259 saat 00:30 rad\u0259l\u0259rind\u0259 Sabun&ccedil;u q\u0259s\u0259b\u0259si \u015e\u0259h\u0259r \u015fosesi k&uuml;&ccedil;\u0259sind\u0259 yerl\u0259\u015f\u0259n yer&uuml;st&uuml; ke&ccedil;idin yan\u0131nda bir ne&ccedil;\u0259 \u015f\u0259xsin m&uuml;bahis\u0259 etm\u0259si v\u0259 s\u0259s-k&uuml;y salmas\u0131 bar\u0259d\u0259 Sabun&ccedil;u Rayon Polis \u0130dar\u0259sinin 12-ci Polis B&ouml;lm\u0259sin\u0259 m\u0259lumat daxil olub. Hadis\u0259 yerin\u0259 ged\u0259n polis \u0259m\u0259kda\u015flar\u0131 h\u0259min &uuml;nvanda dava-dala\u015f ed\u0259n \u015f\u0259xsi v\u0259 z\u0259r\u0259r&ccedil;\u0259kmi\u015fi 12-ci Polis B&ouml;lm\u0259sin\u0259 g\u0259tiribl\u0259r. Bu haqda m&uuml;vafiq raportlar yaz\u0131l\u0131b v\u0259 i\u015f materiallar\u0131na \u0259lav\u0259 edilib&rdquo;.&nbsp;<\/span><\/p>\n<p><span style=\"line-height: 1.6em;\">Qeyd olunub ki, z\u0259r\u0259r&ccedil;\u0259kmi\u015f, 1986-c\u0131 il t\u0259v\u0259ll&uuml;dl&uuml; Pa\u015fayev \u0130lham \u018fli o\u011flunun da \u0259riz\u0259 v\u0259 izahat\u0131 al\u0131n\u0131b, x\u0259sar\u0259t al\u0131b-almad\u0131\u011f\u0131n\u0131 m&uuml;\u0259yy\u0259n etm\u0259k &uuml;&ccedil;&uuml;n bar\u0259sind\u0259 M\u0259hk\u0259m\u0259 Tibbi Ekspertizas\u0131 t\u0259yin edilib. Z\u0259r\u0259r&ccedil;\u0259kmi\u015fl\u0259 dala\u015fan, 1998-ci il t\u0259v\u0259ll&uuml;dl&uuml; Qas\u0131mzad\u0259 Mirbala V&uuml;qar o\u011flunun s\u0259rxo\u015fluq d\u0259r\u0259c\u0259sinin t\u0259yini m\u0259qs\u0259dil\u0259 apar\u0131lan tibbi m&uuml;ayin\u0259 zaman\u0131 onda orta d\u0259r\u0259c\u0259li alkoqol s\u0259rxo\u015flu\u011fu m&uuml;\u0259yy\u0259n olunub. Mirbala Qas\u0131mzad\u0259 12-ci Polis B&ouml;lm\u0259sin\u0259 g\u0259tiril\u0259rk\u0259n &uuml;st-ba\u015f\u0131n\u0131n pal&ccedil;\u0131ql\u0131, &uuml;z nahiy\u0259sind\u0259 x\u0131rda s\u0131yr\u0131qlar oldu\u011fu &uuml;&ccedil;&uuml;n m\u0259sul n&ouml;vb\u0259t&ccedil;i t\u0259r\u0259find\u0259n m&uuml;vafiq akt t\u0259rtib edilib. Bundan \u0259lav\u0259, hadis\u0259 yerind\u0259 olan m&uuml;\u015fahid\u0259 kameras\u0131n\u0131n g&ouml;r&uuml;nt&uuml;l\u0259ri i\u015f materiallar\u0131na \u0259lav\u0259 edilib&rdquo;.<\/span><\/p>\n","protected":false},"excerpt":{"rendered":"<p>Bak\u0131da 18 ya\u015fl\u0131 t\u0259l\u0259b\u0259nin polis t\u0259r\u0259find\u0259n d&ouml;y&uuml;lm\u0259si bar\u0259d\u0259 yay\u0131lan m\u0259lumatlara r\u0259smi m&uuml;nasib\u0259t bildirilib.&nbsp;Bak\u0131 \u015f\u0259h\u0259r Ba\u015f Polis \u0130dar\u0259sind\u0259n APA-ya veril\u0259n m\u0259lumata g&ouml;r\u0259, bayram g&uuml;nl\u0259rind\u0259 b\u0259zi saytlarda Bak\u0131n\u0131n Sabun&ccedil;u rayonu \u0259razisind\u0259 18&hellip;<\/p>\n","protected":false},"author":1,"featured_media":251278,"comment_status":"open","ping_status":"open","sticky":false,"template":"","format":"standard","meta":{"_lmt_disableupdate":"","_lmt_disable":"","footnotes":""},"categories":[],"tags":[],"class_list":["post-42241","post","type-post","status-publish","format-standard","has-post-thumbnail","hentry"],"_links":{"self":[{"href":"https:\/\/ucnoqta.az\/index.php?rest_route=\/wp\/v2\/posts\/42241","targetHints":{"allow":["GET"]}}],"collection":[{"href":"https:\/\/ucnoqta.az\/index.php?rest_route=\/wp\/v2\/posts"}],"about":[{"href":"https:\/\/ucnoqta.az\/index.php?rest_route=\/wp\/v2\/types\/post"}],"author":[{"embeddable":true,"href":"https:\/\/ucnoqta.az\/index.php?rest_route=\/wp\/v2\/users\/1"}],"replies":[{"embeddable":true,"href":"https:\/\/ucnoqta.az\/index.php?rest_route=%2Fwp%2Fv2%2Fcomments&post=42241"}],"version-history":[{"count":0,"href":"https:\/\/ucnoqta.az\/index.php?rest_route=\/wp\/v2\/posts\/42241\/revisions"}],"wp:featuredmedia":[{"embeddable":true,"href":"https:\/\/ucnoqta.az\/index.php?rest_route=\/wp\/v2\/media\/251278"}],"wp:attachment":[{"href":"https:\/\/ucnoqta.az\/index.php?rest_route=%2Fwp%2Fv2%2Fmedia&parent=42241"}],"wp:term":[{"taxonomy":"category","embeddable":true,"href":"https:\/\/ucnoqta.az\/index.php?rest_route=%2Fwp%2Fv2%2Fcategories&post=42241"},{"taxonomy":"post_tag","embeddable":true,"href":"https:\/\/ucnoqta.az\/index.php?rest_route=%2Fwp%2Fv2%2Ftags&post=42241"}],"curies":[{"name":"wp","href":"https:\/\/api.w.org\/{rel}","templated":true}]}}