{"id":42239,"date":"2017-01-05T15:09:19","date_gmt":"2017-01-05T11:09:19","guid":{"rendered":""},"modified":"-0001-11-30T00:00:00","modified_gmt":"-0001-11-29T20:00:00","slug":"","status":"publish","type":"post","link":"https:\/\/ucnoqta.az\/?p=42239","title":{"rendered":"<b><font color=red>Ba\u015f pediatr: <\/font>&#8220;Az\u0259rbaycanda u\u015faqlar aras\u0131nda soyuqd\u0259ym\u0259 x\u0259st\u0259likl\u0259ri yay\u0131l\u0131b v\u0259 sayda art\u0131m var&#8221;<\/b>"},"content":{"rendered":"<p><span style=\"line-height: 1.6em;\">&ldquo;Pay\u0131z-q\u0131\u015f m&ouml;vs&uuml;m&uuml;nd\u0259 Az\u0259rbaycanda u\u015faqlar aras\u0131nda soyuqd\u0259ym\u0259 x\u0259st\u0259likl\u0259ri yay\u0131l\u0131b. M&ouml;vs&uuml;mi olaraq x\u0259st\u0259l\u0259rin say\u0131nda art\u0131m var, amma bu, epidemiya xarakterli deyil. Az\u0259rbaycanda qrip virusunun, yaxud ba\u015fqa bir x\u0259st\u0259liyin epidemiyas\u0131 yoxdur&rdquo;.&nbsp;<\/span><span style=\"line-height: 1.6em;\">Bunu APA-ya Elmi-T\u0259dqiqat Pediatriya \u0130nstitutunun direktoru, respublikan\u0131n ba\u015f pediatr\u0131 N\u0259sib Quliyev deyib.&nbsp;<\/span><span style=\"line-height: 1.6em;\">Onun s&ouml;zl\u0259rin\u0259 g&ouml;r\u0259, soyuqd\u0259ym\u0259 x\u0259st\u0259likl\u0259rin\u0259 m&ouml;vs&uuml;mi olaraq ilin soyuq f\u0259sill\u0259rind\u0259 rast g\u0259linir v\u0259 bu da pay\u0131z-q\u0131\u015f m&ouml;vs&uuml;m&uuml;nd\u0259 b\u0259d\u0259nin soyumas\u0131 n\u0259tic\u0259sind\u0259 insan orqanizminin reaktivliyinin azalmas\u0131 il\u0259 \u0259laq\u0259dar olur. N.Quliyev qeyd edib ki, soyu\u011fun t\u0259siri il\u0259 t\u0259n\u0259ff&uuml;s yollar\u0131nda k\u0259skin respirator x\u0259st\u0259likl\u0259r m&uuml;\u015fahid\u0259 olunur: &ldquo;X\u0259st\u0259likl\u0259ri bakteriyalar v\u0259 viruslar t&ouml;r\u0259d\u0259 bil\u0259r. Viruslar\u0131n say\u0131 minl\u0259rl\u0259dir v\u0259 h\u0259r bir virus t\u0259r\u0259find\u0259n bu x\u0259st\u0259lik t&ouml;r\u0259n\u0259nd\u0259 100-d\u0259n art\u0131q \u0259lam\u0259tl\u0259ri olur. Pay\u0131z-q\u0131\u015f m&ouml;vs&uuml;m&uuml;nd\u0259 rast g\u0259lin\u0259n x\u0259st\u0259likl\u0259rin artmas\u0131n\u0131n s\u0259b\u0259bi u\u015faqlar\u0131n bu aylarda kollektivl\u0259rd\u0259 daha &ccedil;ox c\u0259ml\u0259\u015fm\u0259si il\u0259 ba\u011fl\u0131d\u0131r. Yayda u\u015faqlar t\u0259tild\u0259 olur v\u0259 n\u0259tic\u0259d\u0259 k&uuml;tl\u0259vilik az olur. Sentyabrdan is\u0259 ba\u011f&ccedil;alar, m\u0259kt\u0259bl\u0259r a&ccedil;\u0131l\u0131r v\u0259 h\u0259min \u0259razil\u0259rd\u0259 u\u015faqlar\u0131n bir-birini yoluxdurmas\u0131 ehtimal\u0131 qat-qat art\u0131r. Bundan \u0259lav\u0259, temperatur bird\u0259n-bir\u0259 5-10 d\u0259r\u0259c\u0259 d\u0259yi\u015firs\u0259, u\u015faqlar\u0131n geyimi d\u0259 ona uy\u011funla\u015fd\u0131r\u0131lmal\u0131d\u0131r. Bu hallara riay\u0259t olunmad\u0131qda soyuqd\u0259ym\u0259l\u0259r ba\u015f verir v\u0259 sonradan g&uuml;nahkar axtar\u0131l\u0131r&rdquo;.&nbsp;<\/span><\/p>\n<p><span style=\"line-height: 1.6em;\">Valideynl\u0259rin u\u015faqlar\u0131, x&uuml;susil\u0259 k&ouml;rp\u0259l\u0259ri soyuqdan qorumal\u0131 oldu\u011funu dey\u0259n N.Quliyevin s&ouml;zl\u0259rin\u0259 g&ouml;r\u0259, yaz-yay m&ouml;vs&uuml;m&uuml;nd\u0259 g&uuml;n\u0259\u015f-qum vannas\u0131ndan, d\u0259nizd\u0259n, meyv\u0259-t\u0259r\u0259v\u0259zl\u0259rd\u0259n daha &ccedil;ox istifad\u0259 edilm\u0259lidir: &ldquo;U\u015faqlarda x\u0259st\u0259l\u0259nm\u0259 \u0259lam\u0259tl\u0259ri oldu\u011fu zaman onlar\u0131 ba\u011f&ccedil;aya, m\u0259kt\u0259b\u0259 buraxmaq olmaz. Onlar\u0131 vaxt\u0131nda m&uuml;alic\u0259 etm\u0259k laz\u0131md\u0131r. &Ccedil;&uuml;nki x\u0259st\u0259 halda ba\u011f&ccedil;aya-m\u0259kt\u0259b\u0259 getm\u0259k h\u0259m h\u0259min u\u015faq &uuml;&ccedil;&uuml;n t\u0259hl&uuml;k\u0259 yarad\u0131r, h\u0259m d\u0259 dig\u0259r u\u015faqlar\u0131 yoluxdurur&rdquo;.&nbsp;<\/span><\/p>\n<p><span style=\"line-height: 1.6em;\">N.Quliyev qeyd edib ki, bu x\u0259st\u0259likl\u0259rin qar\u015f\u0131s\u0131 vaxt\u0131nda al\u0131nmazsa sonradan a\u011f\u0131r v\u0259 qorxulu f\u0259sadlar-haymorit, a\u011fciy\u0259rl\u0259rin iltihab\u0131, pnevmaniya ba\u015f ver\u0259 bil\u0259r. B\u0259z\u0259n a\u011f\u0131r d\u0259r\u0259c\u0259d\u0259 ba\u015f-beynin z\u0259d\u0259l\u0259nm\u0259si-meningitl\u0259rin inki\u015faf ed\u0259 bil\u0259c\u0259yini dey\u0259n ba\u015f pediatr bildirib ki, bu x\u0259st\u0259likl\u0259r\u0259 m\u0259suliyy\u0259tsiz yana\u015fmaq olmaz: &ldquo;B&ouml;y&uuml;kl\u0259r u\u015faqlar\u0131 qoruma\u011f\u0131 bacarmal\u0131d\u0131r. U\u015faqlar\u0131n sa\u011flaml\u0131\u011f\u0131n\u0131n qorunmas\u0131nda \u0259sas amil valideyn m\u0259suliyy\u0259tidir&quot;.<\/span><\/p>\n","protected":false},"excerpt":{"rendered":"<p>&ldquo;Pay\u0131z-q\u0131\u015f m&ouml;vs&uuml;m&uuml;nd\u0259 Az\u0259rbaycanda u\u015faqlar aras\u0131nda soyuqd\u0259ym\u0259 x\u0259st\u0259likl\u0259ri yay\u0131l\u0131b. M&ouml;vs&uuml;mi olaraq x\u0259st\u0259l\u0259rin say\u0131nda art\u0131m var, amma bu, epidemiya xarakterli deyil. Az\u0259rbaycanda qrip virusunun, yaxud ba\u015fqa bir x\u0259st\u0259liyin epidemiyas\u0131 yoxdur&rdquo;.&nbsp;Bunu APA-ya Elmi-T\u0259dqiqat&hellip;<\/p>\n","protected":false},"author":1,"featured_media":251278,"comment_status":"open","ping_status":"open","sticky":false,"template":"","format":"standard","meta":{"_lmt_disableupdate":"","_lmt_disable":"","footnotes":""},"categories":[101],"tags":[],"class_list":["post-42239","post","type-post","status-publish","format-standard","has-post-thumbnail","hentry","category-cemiyyet"],"_links":{"self":[{"href":"https:\/\/ucnoqta.az\/index.php?rest_route=\/wp\/v2\/posts\/42239","targetHints":{"allow":["GET"]}}],"collection":[{"href":"https:\/\/ucnoqta.az\/index.php?rest_route=\/wp\/v2\/posts"}],"about":[{"href":"https:\/\/ucnoqta.az\/index.php?rest_route=\/wp\/v2\/types\/post"}],"author":[{"embeddable":true,"href":"https:\/\/ucnoqta.az\/index.php?rest_route=\/wp\/v2\/users\/1"}],"replies":[{"embeddable":true,"href":"https:\/\/ucnoqta.az\/index.php?rest_route=%2Fwp%2Fv2%2Fcomments&post=42239"}],"version-history":[{"count":0,"href":"https:\/\/ucnoqta.az\/index.php?rest_route=\/wp\/v2\/posts\/42239\/revisions"}],"wp:featuredmedia":[{"embeddable":true,"href":"https:\/\/ucnoqta.az\/index.php?rest_route=\/wp\/v2\/media\/251278"}],"wp:attachment":[{"href":"https:\/\/ucnoqta.az\/index.php?rest_route=%2Fwp%2Fv2%2Fmedia&parent=42239"}],"wp:term":[{"taxonomy":"category","embeddable":true,"href":"https:\/\/ucnoqta.az\/index.php?rest_route=%2Fwp%2Fv2%2Fcategories&post=42239"},{"taxonomy":"post_tag","embeddable":true,"href":"https:\/\/ucnoqta.az\/index.php?rest_route=%2Fwp%2Fv2%2Ftags&post=42239"}],"curies":[{"name":"wp","href":"https:\/\/api.w.org\/{rel}","templated":true}]}}