{"id":42238,"date":"2017-01-05T15:07:30","date_gmt":"2017-01-05T11:07:30","guid":{"rendered":""},"modified":"-0001-11-30T00:00:00","modified_gmt":"-0001-11-29T20:00:00","slug":"","status":"publish","type":"post","link":"https:\/\/ucnoqta.az\/?p=42238","title":{"rendered":"<b><font color=red>Az\u0259rbaycan X\u0130N:<\/font> &#8220;Erm\u0259nistan beyn\u0259lxalq humanitar h\u00fcququn t\u0259l\u0259bl\u0259rini kobud \u015f\u0259kild\u0259 pozur&#8221;<\/b>"},"content":{"rendered":"<p><span style=\"line-height: 1.6em;\">Erm\u0259nistan beyn\u0259xalq humanitar h&uuml;ququn, x&uuml;susil\u0259 Cenevr\u0259 Konvensiyas\u0131n\u0131n t\u0259l\u0259bl\u0259rini kobud \u015f\u0259kild\u0259 pozur v\u0259 erm\u0259ni t\u0259xribat\u0131 n\u0259tic\u0259sind\u0259 h\u0259lak olmu\u015f h\u0259rbi qulluq&ccedil;umuz &Ccedil;ingiz Qurbanovun meyitini h\u0259l\u0259 d\u0259 geri qaytarmay\u0131b.&nbsp;<\/span><span style=\"line-height: 1.6em;\">Bunu Trend-\u0259 a&ccedil;\u0131qlamas\u0131nda Az\u0259rbaycan Xarici \u0130\u015fl\u0259r Nazirliyinin (X\u0130N) m\u0259tbuat xidm\u0259tinin r\u0259hb\u0259ri Hikm\u0259t Hac\u0131yev deyib.<\/span><\/p>\n<p>O qeyd edib ki, bununla \u0259laq\u0259dar Az\u0259rbaycan X\u0130N dig\u0259r aidiyy\u0259ti d&ouml;vl\u0259t qurumlar\u0131 il\u0259 birlikd\u0259 m&uuml;vafiq beyn\u0259lxalq t\u0259\u015fkilatlara m&uuml;raci\u0259tl\u0259r g&ouml;nd\u0259rib, lakin Erm\u0259nistan t\u0259r\u0259fi Az\u0259rbaycan \u0259sg\u0259rinin meyitinin qaytar\u0131lmas\u0131 il\u0259 ba\u011fl\u0131 m&uuml;raci\u0259tl\u0259ri cavabs\u0131z qoyur v\u0259 &ouml;z qeyri-insani simas\u0131n\u0131 n&uuml;mayi\u015f etdirm\u0259kd\u0259 davam edir:<\/p>\n<p>&ldquo;Bu t\u0259xribat bir daha onu g&ouml;st\u0259rdi ki, regionda s&uuml;lh &uuml;&ccedil;&uuml;n \u0259n b&ouml;y&uuml;k t\u0259hl&uuml;k\u0259 m\u0259hz Erm\u0259nistan\u0131n h\u0259rbi-siyasi rejimidir. Erm\u0259nistan\u0131n bel\u0259 t\u0259xribatlar\u0131n\u0131n \u0259sl m\u0259qs\u0259di m&uuml;naqi\u015f\u0259nin h\u0259llin\u0259 imkan verm\u0259m\u0259k v\u0259 v\u0259ziyy\u0259ti g\u0259rginl\u0259\u015fdirm\u0259kd\u0259n ibar\u0259tdir. D&ouml;vl\u0259t s\u0259rh\u0259dind\u0259 ba\u015f ver\u0259n t\u0259xribatlar\u0131n arxas\u0131nda bilavasit\u0259 Erm\u0259nistan durur&rdquo;.<\/p>\n<p>H.Hac\u0131yev \u0259lav\u0259 edib ki, Erm\u0259nistan Kollektiv T\u0259hl&uuml;k\u0259sizlik M&uuml;qavil\u0259si T\u0259\u015fkilat\u0131n\u0131 (KTMT) proses\u0259 c\u0259lb etm\u0259kl\u0259 regional s&uuml;lh v\u0259 t\u0259hl&uuml;k\u0259sizliyi ciddi t\u0259hdid alt\u0131na qoyur v\u0259 AT\u018fT-in Minsk qrupunun h\u0259ms\u0259drl\u0259ri t\u0259r\u0259find\u0259n apar\u0131lan dan\u0131\u015f\u0131qlara ciddi z\u0259rb\u0259 vurur:<\/p>\n<p>&ldquo;Bu g&uuml;n Erm\u0259nistanda v\u0259 erm\u0259ni diaspor dair\u0259l\u0259rind\u0259 bir s\u0131ra sa\u011flam d&uuml;\u015f&uuml;nc\u0259li q&uuml;vv\u0259l\u0259r m&uuml;naqi\u015f\u0259nin h\u0259lli il\u0259 \u0259laq\u0259dar pozitiv v\u0259 konstruktiv fikirl\u0259rl\u0259 &ccedil;\u0131x\u0131\u015f ets\u0259l\u0259r d\u0259, Erm\u0259nistan\u0131n h\u0259rbi-siyasi rejimi buna imkan vermir. Erm\u0259nistan\u0131n Xarici \u0130\u015fl\u0259r Nazirliyi v\u0259 dig\u0259r r\u0259hb\u0259r \u015f\u0259xsl\u0259rinin son a&ccedil;\u0131qlamalar\u0131 da bir daha bunun bariz n&uuml;mun\u0259sidir ki, Erm\u0259nistan regionda &ouml;z aqressiv siyas\u0259tini davam etdirir v\u0259 bunun da mahiyy\u0259ti Az\u0259rbaycan \u0259razil\u0259rinin i\u015f\u011fal\u0131n\u0131n davam etdirilm\u0259si v\u0259 m&ouml;vcud status-kvonun saxlanmas\u0131d\u0131r&rdquo;.<\/p>\n<p>Qeyd ed\u0259k ki, dekabr\u0131n 29-da s\u0259h\u0259r saatlar\u0131nda Erm\u0259nistan Silahl\u0131 Q&uuml;vv\u0259l\u0259rinin k\u0259\u015ffiyyat qrupu Az\u0259rbaycan-Erm\u0259nistan d&ouml;vl\u0259t s\u0259rh\u0259dini pozma\u011fa c\u0259hd g&ouml;st\u0259r\u0259rk\u0259n b&ouml;lm\u0259l\u0259rimizin pusqusuna d&uuml;\u015f&uuml;b. D&ouml;y&uuml;\u015f toqqu\u015fmas\u0131 zaman\u0131 d&uuml;\u015fm\u0259n t\u0259r\u0259fi canl\u0131 q&uuml;vv\u0259 sar\u0131dan xeyli itki ver\u0259r\u0259k geri &ccedil;\u0259kilm\u0259y\u0259 m\u0259cbur edilib. Hadis\u0259 n\u0259tic\u0259sind\u0259 Silahl\u0131 Q&uuml;vv\u0259l\u0259rimizin h\u0259rbi qulluq&ccedil;usu, \u0259sg\u0259r Qurbanov &Ccedil;ingiz Salman o\u011flu itkin d&uuml;\u015f&uuml;b.<\/p>\n","protected":false},"excerpt":{"rendered":"<p>Erm\u0259nistan beyn\u0259xalq humanitar h&uuml;ququn, x&uuml;susil\u0259 Cenevr\u0259 Konvensiyas\u0131n\u0131n t\u0259l\u0259bl\u0259rini kobud \u015f\u0259kild\u0259 pozur v\u0259 erm\u0259ni t\u0259xribat\u0131 n\u0259tic\u0259sind\u0259 h\u0259lak olmu\u015f h\u0259rbi qulluq&ccedil;umuz &Ccedil;ingiz Qurbanovun meyitini h\u0259l\u0259 d\u0259 geri qaytarmay\u0131b.&nbsp;Bunu Trend-\u0259 a&ccedil;\u0131qlamas\u0131nda Az\u0259rbaycan Xarici&hellip;<\/p>\n","protected":false},"author":1,"featured_media":251278,"comment_status":"open","ping_status":"open","sticky":false,"template":"","format":"standard","meta":{"_lmt_disableupdate":"","_lmt_disable":"","footnotes":""},"categories":[86],"tags":[],"class_list":["post-42238","post","type-post","status-publish","format-standard","has-post-thumbnail","hentry","category-siyaset"],"_links":{"self":[{"href":"https:\/\/ucnoqta.az\/index.php?rest_route=\/wp\/v2\/posts\/42238","targetHints":{"allow":["GET"]}}],"collection":[{"href":"https:\/\/ucnoqta.az\/index.php?rest_route=\/wp\/v2\/posts"}],"about":[{"href":"https:\/\/ucnoqta.az\/index.php?rest_route=\/wp\/v2\/types\/post"}],"author":[{"embeddable":true,"href":"https:\/\/ucnoqta.az\/index.php?rest_route=\/wp\/v2\/users\/1"}],"replies":[{"embeddable":true,"href":"https:\/\/ucnoqta.az\/index.php?rest_route=%2Fwp%2Fv2%2Fcomments&post=42238"}],"version-history":[{"count":0,"href":"https:\/\/ucnoqta.az\/index.php?rest_route=\/wp\/v2\/posts\/42238\/revisions"}],"wp:featuredmedia":[{"embeddable":true,"href":"https:\/\/ucnoqta.az\/index.php?rest_route=\/wp\/v2\/media\/251278"}],"wp:attachment":[{"href":"https:\/\/ucnoqta.az\/index.php?rest_route=%2Fwp%2Fv2%2Fmedia&parent=42238"}],"wp:term":[{"taxonomy":"category","embeddable":true,"href":"https:\/\/ucnoqta.az\/index.php?rest_route=%2Fwp%2Fv2%2Fcategories&post=42238"},{"taxonomy":"post_tag","embeddable":true,"href":"https:\/\/ucnoqta.az\/index.php?rest_route=%2Fwp%2Fv2%2Ftags&post=42238"}],"curies":[{"name":"wp","href":"https:\/\/api.w.org\/{rel}","templated":true}]}}