{"id":42236,"date":"2017-01-05T15:05:11","date_gmt":"2017-01-05T11:05:11","guid":{"rendered":""},"modified":"-0001-11-30T00:00:00","modified_gmt":"-0001-11-29T20:00:00","slug":"","status":"publish","type":"post","link":"https:\/\/ucnoqta.az\/?p=42236","title":{"rendered":"<b>Vergil\u0259r nazirinin sabiq m\u00fc\u015faviri departament direktoru t\u0259yin olunub<\/b>"},"content":{"rendered":"<p><span style=\"line-height: 1.6em;\">Vergil\u0259r Nazirliyind\u0259 n&ouml;vb\u0259ti kadr d\u0259yi\u015fikliyi olub. Vergil\u0259r naziri Fazil M\u0259mm\u0259dovun b&uuml;dc\u0259 proqnozlar\u0131n\u0131n icras\u0131 &uuml;zr\u0259 ke&ccedil;mi\u015f m&uuml;\u015faviri Habil M\u0259mm\u0259dov Vergil\u0259r Nazirliyi yan\u0131nda X&uuml;susi G\u0259lirl\u0259r Departamentinin ba\u015f direktoru t\u0259yin edilib.&nbsp;<\/span><span style=\"line-height: 1.6em;\">Qeyd ed\u0259k ki, Vergil\u0259r Nazirliyi yan\u0131nda 1 sayl\u0131 Vergil\u0259r Departamentinin yerind\u0259 Vergil\u0259r Nazirliyi yan\u0131nda X&uuml;susi G\u0259lirl\u0259r Departamenti yarad\u0131l\u0131b.<\/span><\/p>\n<p>H\u0259m&ccedil;inin, nazirin \u0259mrin\u0259 \u0259sas\u0259n, S\u0259rxan Murad o\u011flu M\u0259mm\u0259dov yeni yarad\u0131lan Vergil\u0259r Nazirliyi yan\u0131nda Bak\u0131 \u015f\u0259h\u0259ri Ki&ccedil;ik sahibkarl\u0131qla i\u015f Departamentinin ba\u015f direktoru t\u0259yin edilib.<\/p>\n<p>Qeyd ed\u0259k ki, Bak\u0131 \u015f\u0259h\u0259ri Ki&ccedil;ik sahibkarl\u0131qla i\u015f Departamenti Vergil\u0259r Nazirliyi yan\u0131nda Bak\u0131 Vergil\u0259r Departamentinin yerind\u0259 yarad\u0131l\u0131b.<\/p>\n","protected":false},"excerpt":{"rendered":"<p>Vergil\u0259r Nazirliyind\u0259 n&ouml;vb\u0259ti kadr d\u0259yi\u015fikliyi olub. Vergil\u0259r naziri Fazil M\u0259mm\u0259dovun b&uuml;dc\u0259 proqnozlar\u0131n\u0131n icras\u0131 &uuml;zr\u0259 ke&ccedil;mi\u015f m&uuml;\u015faviri Habil M\u0259mm\u0259dov Vergil\u0259r Nazirliyi yan\u0131nda X&uuml;susi G\u0259lirl\u0259r Departamentinin ba\u015f direktoru t\u0259yin edilib.&nbsp;Qeyd ed\u0259k ki,&hellip;<\/p>\n","protected":false},"author":1,"featured_media":251278,"comment_status":"open","ping_status":"open","sticky":false,"template":"","format":"standard","meta":{"_lmt_disableupdate":"","_lmt_disable":"","footnotes":""},"categories":[],"tags":[],"class_list":["post-42236","post","type-post","status-publish","format-standard","has-post-thumbnail","hentry"],"_links":{"self":[{"href":"https:\/\/ucnoqta.az\/index.php?rest_route=\/wp\/v2\/posts\/42236","targetHints":{"allow":["GET"]}}],"collection":[{"href":"https:\/\/ucnoqta.az\/index.php?rest_route=\/wp\/v2\/posts"}],"about":[{"href":"https:\/\/ucnoqta.az\/index.php?rest_route=\/wp\/v2\/types\/post"}],"author":[{"embeddable":true,"href":"https:\/\/ucnoqta.az\/index.php?rest_route=\/wp\/v2\/users\/1"}],"replies":[{"embeddable":true,"href":"https:\/\/ucnoqta.az\/index.php?rest_route=%2Fwp%2Fv2%2Fcomments&post=42236"}],"version-history":[{"count":0,"href":"https:\/\/ucnoqta.az\/index.php?rest_route=\/wp\/v2\/posts\/42236\/revisions"}],"wp:featuredmedia":[{"embeddable":true,"href":"https:\/\/ucnoqta.az\/index.php?rest_route=\/wp\/v2\/media\/251278"}],"wp:attachment":[{"href":"https:\/\/ucnoqta.az\/index.php?rest_route=%2Fwp%2Fv2%2Fmedia&parent=42236"}],"wp:term":[{"taxonomy":"category","embeddable":true,"href":"https:\/\/ucnoqta.az\/index.php?rest_route=%2Fwp%2Fv2%2Fcategories&post=42236"},{"taxonomy":"post_tag","embeddable":true,"href":"https:\/\/ucnoqta.az\/index.php?rest_route=%2Fwp%2Fv2%2Ftags&post=42236"}],"curies":[{"name":"wp","href":"https:\/\/api.w.org\/{rel}","templated":true}]}}