{"id":40575,"date":"2016-11-23T23:09:41","date_gmt":"2016-11-23T19:09:41","guid":{"rendered":""},"modified":"-0001-11-30T00:00:00","modified_gmt":"-0001-11-29T20:00:00","slug":"","status":"publish","type":"post","link":"https:\/\/ucnoqta.az\/?p=40575","title":{"rendered":"<b>Azay Quliyev: <font color=red>&#8220;T\u0259hqir v\u0259 b\u00f6htana g\u00f6r\u0259 \u0259n ciddi c\u0259zalar verilm\u0259lidir&#8221;<\/font><\/b>"},"content":{"rendered":"<p>&quot;\u0130st\u0259r h\u0259qiqi, ist\u0259rs\u0259 d\u0259 sax&shy;ta pro&shy;fil&shy;l\u0259r vasit\u0259sil\u0259 so&shy;si&shy;al \u015f\u0259&shy;b\u0259&shy;k\u0259&shy;l\u0259r&shy;d\u0259 kiml\u0259ris\u0259 t\u0259h&shy;qir etm\u0259k yol&shy;ve&shy;ril&shy;m\u0259z&shy;dir&quot;. Bunu Trend-\u0259 Milli M\u0259clisin deputat\u0131, Az\u0259rbaycan Prezidenti yan\u0131nda Qeyri-H&ouml;kum\u0259t T\u0259\u015fkilatlar\u0131na D&ouml;vl\u0259t D\u0259st\u0259yi \u015euras\u0131n\u0131n s\u0259dri Azay Quliyev Cinay\u0259t M\u0259c\u0259ll\u0259sin\u0259 &quot;\u0130nternet informasiya ehtiyat\u0131nda saxta istifad\u0259&ccedil;i adlar, profil v\u0259 ya hesablardan istifad\u0259 ed\u0259r\u0259k b&ouml;htanatma v\u0259 ya t\u0259hqiretm\u0259&quot; madd\u0259sinin \u0259lav\u0259 edilm\u0259sin\u0259 m&uuml;nasib\u0259t bildir\u0259rk\u0259n deyib. A.Quliyev bildirib ki, m&uuml;asir d&ouml;vrd\u0259 kommunikasiya vasit\u0259l\u0259rinin inki\u015faf\u0131, x&uuml;susil\u0259 ekspertl\u0259rin \u0259n yeni media adland\u0131rd\u0131\u011f\u0131 &ldquo;Feysbuk&rdquo;, &ldquo;Tvitter&rdquo;, &ldquo;Yutub&rdquo;, &ldquo;\u0130nstaqram&rdquo;, &ldquo;Linkedin&rdquo; v\u0259 s. kimi sosial \u015f\u0259b\u0259k\u0259l\u0259rin geni\u015f yay\u0131lmas\u0131 informasiyan\u0131n daha asan v\u0259 operativ \u0259ld\u0259 olunmas\u0131 bax\u0131m\u0131ndan m&uuml;h&uuml;m \u0259h\u0259miyy\u0259t k\u0259sb edir:<\/p>\n<p>&quot;Yaln\u0131z &quot;Feysbuk&quot; sosial \u015f\u0259b\u0259k\u0259sinin istifad\u0259&ccedil;il\u0259rinin say\u0131 haz\u0131rda d&uuml;nyada 1,8 milyarda, &ouml;lk\u0259mizd\u0259 is\u0259 1,5 milyona yax\u0131nd\u0131r. Az\u0259rbaycan beyn\u0259lxalq t\u0259\u015fkilatlar\u0131n hesabatlar\u0131nda internet azadl\u0131\u011f\u0131na g&ouml;r\u0259 \u0259n qabaqc\u0131l yerl\u0259rd\u0259n birini tutur. Ancaq t\u0259\u0259s&uuml;fl\u0259r olsun ki, haz\u0131rk\u0131 d&ouml;vrd\u0259 sosial \u015f\u0259b\u0259k\u0259l\u0259rd\u0259n cinay\u0259t xarakterli \u0259m\u0259ll\u0259rin t&ouml;r\u0259dilm\u0259si m\u0259qs\u0259dil\u0259 d\u0259 istifad\u0259 olunmas\u0131 hallar\u0131 m&ouml;vcuddur v\u0259 bel\u0259 hallar artmaqdad\u0131r. Bel\u0259 ki, sosial \u015f\u0259b\u0259k\u0259l\u0259r vasit\u0259sil\u0259 m&uuml;xt\u0259lif v\u0259t\u0259nda\u015flara, o c&uuml;ml\u0259d\u0259n ali d&ouml;vl\u0259t qurumlar\u0131nda v\u0259zif\u0259l\u0259r tutan \u015f\u0259xsl\u0259r\u0259 qar\u015f\u0131 t\u0259hqiramiz v\u0259 \u015f\u0259r-b&ouml;htan xarakterli yaz\u0131lar\u0131n yay\u0131lmas\u0131 tendensiyas\u0131n\u0131 m&uuml;\u015fahid\u0259 etm\u0259kd\u0259yik&quot;.<\/p>\n<p>A.Quliyev \u0259lav\u0259 edib ki, ist\u0259r h\u0259qiqi, ist\u0259rs\u0259 d\u0259 sax&shy;ta pro&shy;fil&shy;l\u0259r vasit\u0259sil\u0259 so&shy;si&shy;al \u015f\u0259&shy;b\u0259&shy;k\u0259&shy;l\u0259r&shy;d\u0259 kiml\u0259ris\u0259 t\u0259h&shy;qir etm\u0259k, onlar\u0131n i\u015fg&uuml;zar n&uuml;fuzuna x\u0259l\u0259l g\u0259tirm\u0259k, \u015fan&shy;taj v\u0259 b&ouml;htan yolu il\u0259 n\u0259y\u0259s\u0259 nail olma\u011fa c\u0259hd etm\u0259k yol&shy;ve&shy;ril&shy;m\u0259z&shy;dir: &quot;\u018fg\u0259r h&uuml;quqi t\u0259nziml\u0259m\u0259 olmazsa, bu, a\u011f\u0131r n\u0259tic\u0259l\u0259r\u0259 g\u0259tirib &ccedil;\u0131xara bil\u0259r. Eyni zamanda biz g&ouml;r&uuml;r&uuml;k ki, sosial \u015f\u0259b\u0259k\u0259l\u0259rd\u0259 m&uuml;\u0259yy\u0259n dini-ekstremist, separat&ccedil;\u0131 &ccedil;a\u011f\u0131r\u0131\u015flar da edilir&quot;.<\/p>\n<p>Deputat vur\u011fulay\u0131b ki, bu g&uuml;n bu c&uuml;r qanuna, \u0259xlaqa v\u0259 m\u0259n\u0259viyyata zidd hallara t\u0259kc\u0259 sosial \u015f\u0259b\u0259k\u0259l\u0259rd\u0259 deyil, &ldquo;reket&rdquo; m\u0259tbuatda da tez-tez rast g\u0259linir: &ldquo;&Uuml;mumiyy\u0259tl\u0259, hesab edir\u0259m ki, yarad\u0131lm\u0131\u015f \u015f\u0259raitd\u0259n, m\u0259tbuat v\u0259 internet azadl\u0131\u011f\u0131ndan sui-istifad\u0259 edilm\u0259si q\u0259tiyy\u0259n yolverilm\u0259zdir v\u0259 bunun qar\u015f\u0131s\u0131 h&uuml;quqi yollarla al\u0131nmal\u0131d\u0131r. Bu \u0259m\u0259ll\u0259ri t&ouml;r\u0259d\u0259nl\u0259r bilm\u0259li v\u0259 \u0259min olmald\u0131rlar ki, onlar\u0131n bel\u0259 qanunsuz h\u0259r\u0259k\u0259tl\u0259rinin ciddi h&uuml;quqi n\u0259tic\u0259l\u0259ri olacaq. &ldquo;Reket&rdquo; f\u0259aliyy\u0259ti il\u0259 m\u0259\u015f\u011ful olan &ldquo;m\u0259tbu orqanlar&rdquo; &ccedil;ox \u015f\u0259r\u0259fli tarix\u0259 v\u0259 pe\u015f\u0259kar \u0259n\u0259n\u0259l\u0259r\u0259 malik Az\u0259rbaycan medias\u0131na b&ouml;y&uuml;k l\u0259k\u0259dir.<\/p>\n<p>Onu da dey\u0259 bil\u0259r\u0259m ki, bel\u0259 z\u0259r\u0259rli tendensiyan\u0131n qar\u015f\u0131s\u0131n\u0131 almaq m\u0259qs\u0259dil\u0259 bir s\u0131ra &ouml;lk\u0259l\u0259rin, o c&uuml;ml\u0259d\u0259n Avropa \u0130ttifaq\u0131na daxil olan d&ouml;vl\u0259tl\u0259rin qanunvericiliyind\u0259 m&uuml;vafiq d\u0259yi\u015fiklikl\u0259r edilm\u0259si, y\u0259ni c\u0259zan\u0131n daha da s\u0259rtl\u0259\u015fm\u0259si il\u0259 ba\u011fl\u0131 add\u0131mlar at\u0131l\u0131r. Misal &uuml;&ccedil;&uuml;n, bu yax\u0131nlarda \u0130taliya Senat\u0131na t\u0259qdim olunmu\u015f qanun layih\u0259si &ouml;lk\u0259nin ictimai-siyasi dair\u0259l\u0259rinin n&uuml;may\u0259nd\u0259l\u0259rinin \u015f\u0259r\u0259f v\u0259 l\u0259yaq\u0259tini t\u0259hqir olunmas\u0131na, onlara qar\u015f\u0131 \u015f\u0259r v\u0259 b&ouml;htan xarakterli yaz\u0131lara g&ouml;r\u0259 jurnalistin 6 ild\u0259n 9 il\u0259 q\u0259d\u0259r h\u0259bs c\u0259zas\u0131na m\u0259hkum olunmas\u0131n\u0131 n\u0259z\u0259rd\u0259 tutur&quot;.<\/p>\n<p>A.Quliyevin fikrinc\u0259, bu c\u0259h\u0259td\u0259n Az\u0259rbaycan qanunvericiliyind\u0259 bu c&uuml;r \u0259m\u0259ll\u0259rin aradan qald\u0131r\u0131lmas\u0131 m\u0259qs\u0259di il\u0259 d\u0259yi\u015fiklikl\u0259rin edilm\u0259si, t\u0259n&shy;zim&shy;l\u0259n&shy;m\u0259 mexanizminin i\u015f\u0259 sal\u0131nmas\u0131 vacibdir: &quot;D&uuml;\u015f&uuml;n&uuml;r\u0259m ki, bu g&uuml;nl\u0259rd\u0259 Ba\u015f pro&shy;ku&shy;ror Za&shy;kir Qa&shy;ra&shy;lovun bu m\u0259s\u0259l\u0259 il\u0259 ba\u011fl\u0131 Ci&shy;na&shy;y\u0259t M\u0259&shy;c\u0259l&shy;l\u0259&shy;si&shy;n\u0259 148-1-ci (\u0130n&shy;ter&shy;net in&shy;for&shy;ma&shy;si&shy;ya eh&shy;ti&shy;ya&shy;t\u0131n&shy;da sax&shy;ta is&shy;ti&shy;fa&shy;d\u0259&shy;&ccedil;i ad&shy;lar, pro&shy;fil v\u0259 ya he&shy;sab&shy;lar&shy;dan is&shy;ti&shy;fa&shy;d\u0259 ed\u0259&shy;r\u0259k b&ouml;h&shy;tanat&shy;ma v\u0259 ya t\u0259h&shy;qiret&shy;m\u0259) madd\u0259nin \u0259la&shy;v\u0259 edil&shy;m\u0259&shy;si il\u0259 ba\u011f&shy;l\u0131 Mil&shy;li M\u0259c&shy;li&shy;s\u0259 t\u0259k&shy;lif&shy;l\u0259r la&shy;yi&shy;h\u0259&shy;si t\u0259qdim etm\u0259si v\u0259t\u0259nda\u015flar\u0131n m\u0259nafeyin\u0259 xidm\u0259t edir. Qanuna m&uuml;vafiq d\u0259yi\u015fiklik t\u0259klifi q\u0259bul edil\u0259nd\u0259n sonra sosial \u015f\u0259b\u0259k\u0259l\u0259rd\u0259 saxta profill\u0259r yaradaraq insanlar\u0131 t\u0259hqir ed\u0259n \u015f\u0259xsl\u0259rin h&uuml;quq-m&uuml;hafiz\u0259 orqanlar\u0131 t\u0259r\u0259find\u0259n a\u015fkara &ccedil;\u0131xar\u0131lmas\u0131 asanla\u015facaq v\u0259 zaman &ouml;td&uuml;kc\u0259 bel\u0259 m\u0259nfi hallar aradan qalxacaq&quot;.<\/p>\n","protected":false},"excerpt":{"rendered":"<p>&quot;\u0130st\u0259r h\u0259qiqi, ist\u0259rs\u0259 d\u0259 sax&shy;ta pro&shy;fil&shy;l\u0259r vasit\u0259sil\u0259 so&shy;si&shy;al \u015f\u0259&shy;b\u0259&shy;k\u0259&shy;l\u0259r&shy;d\u0259 kiml\u0259ris\u0259 t\u0259h&shy;qir etm\u0259k yol&shy;ve&shy;ril&shy;m\u0259z&shy;dir&quot;. Bunu Trend-\u0259 Milli M\u0259clisin deputat\u0131, Az\u0259rbaycan Prezidenti yan\u0131nda Qeyri-H&ouml;kum\u0259t T\u0259\u015fkilatlar\u0131na D&ouml;vl\u0259t D\u0259st\u0259yi \u015euras\u0131n\u0131n s\u0259dri Azay Quliyev Cinay\u0259t&hellip;<\/p>\n","protected":false},"author":1,"featured_media":251278,"comment_status":"open","ping_status":"open","sticky":false,"template":"","format":"standard","meta":{"_lmt_disableupdate":"","_lmt_disable":"","footnotes":""},"categories":[86],"tags":[],"class_list":["post-40575","post","type-post","status-publish","format-standard","has-post-thumbnail","hentry","category-siyaset"],"_links":{"self":[{"href":"https:\/\/ucnoqta.az\/index.php?rest_route=\/wp\/v2\/posts\/40575","targetHints":{"allow":["GET"]}}],"collection":[{"href":"https:\/\/ucnoqta.az\/index.php?rest_route=\/wp\/v2\/posts"}],"about":[{"href":"https:\/\/ucnoqta.az\/index.php?rest_route=\/wp\/v2\/types\/post"}],"author":[{"embeddable":true,"href":"https:\/\/ucnoqta.az\/index.php?rest_route=\/wp\/v2\/users\/1"}],"replies":[{"embeddable":true,"href":"https:\/\/ucnoqta.az\/index.php?rest_route=%2Fwp%2Fv2%2Fcomments&post=40575"}],"version-history":[{"count":0,"href":"https:\/\/ucnoqta.az\/index.php?rest_route=\/wp\/v2\/posts\/40575\/revisions"}],"wp:featuredmedia":[{"embeddable":true,"href":"https:\/\/ucnoqta.az\/index.php?rest_route=\/wp\/v2\/media\/251278"}],"wp:attachment":[{"href":"https:\/\/ucnoqta.az\/index.php?rest_route=%2Fwp%2Fv2%2Fmedia&parent=40575"}],"wp:term":[{"taxonomy":"category","embeddable":true,"href":"https:\/\/ucnoqta.az\/index.php?rest_route=%2Fwp%2Fv2%2Fcategories&post=40575"},{"taxonomy":"post_tag","embeddable":true,"href":"https:\/\/ucnoqta.az\/index.php?rest_route=%2Fwp%2Fv2%2Ftags&post=40575"}],"curies":[{"name":"wp","href":"https:\/\/api.w.org\/{rel}","templated":true}]}}