{"id":40574,"date":"2016-11-23T17:50:04","date_gmt":"2016-11-23T13:50:04","guid":{"rendered":""},"modified":"-0001-11-30T00:00:00","modified_gmt":"-0001-11-29T20:00:00","slug":"","status":"publish","type":"post","link":"https:\/\/ucnoqta.az\/?p=40574","title":{"rendered":"<b>U\u015faq ba\u011f\u00e7as\u0131nda r\u0259zal\u0259t<\/b>"},"content":{"rendered":"<p><span style=\"line-height: 1.6em;\">Bak\u0131n\u0131n Bil\u0259c\u0259ri q\u0259s\u0259b\u0259sind\u0259ki u\u015faq ba\u011f&ccedil;as\u0131nda &ouml;zba\u015f\u0131nal\u0131q ba\u015f al\u0131b gedir. Sfera.az-\u0131 redaksiyas\u0131na m&uuml;raci\u0259t ed\u0259n bir qrup valideyn 298 ayl\u0131 u\u015faq ba\u011f&ccedil;as\u0131ndan \u015fikay\u0259tl\u0259rinin oldu\u011funu bildiribl\u0259r. Onlar\u0131n s&ouml;zl\u0259rin\u0259 g&ouml;r\u0259, havalar soyuyandan m&uuml;\u0259ssis\u0259nin istilik sistemi normal i\u015fl\u0259m\u0259yib.<\/span><\/p>\n<p>Bu il soyuqlar tez d&uuml;\u015fs\u0259 d\u0259 ad\u0131&ccedil;\u0259kil\u0259n ba\u011f&ccedil;ada n\u0259z\u0259r\u0259 al\u0131nmay\u0131b. \u0130stilik sisteminin t\u0259qvim &uuml;zr\u0259 i\u015f\u0259 d&uuml;\u015fm\u0259li olan 15 noyabr tarixin\u0259 q\u0259d\u0259r sinifl\u0259rd\u0259 q\u0131zd\u0131r\u0131c\u0131larla yola verilib. Bu s\u0259b\u0259bd\u0259n xeyli k&ouml;rp\u0259 x\u0259st\u0259lik tap\u0131b. H\u0259tta b\u0259z\u0259n u\u015faqlar\u0131n yar\u0131s\u0131n\u0131n d\u0259rs\u0259 g\u0259lm\u0259diyi g&uuml;nl\u0259r d\u0259 olub.<br \/>\nSon zamanlar is\u0259 u\u015faqlar\u0131n qida rasionunda d\u0259yi\u015fiklikl\u0259r olub. Laz\u0131m olan yem\u0259kl\u0259r daha b\u0259sitl\u0259ri il\u0259 \u0259v\u0259z olunub. M\u0259s\u0259l\u0259n, g&uuml;n&uuml;n ikinci yar\u0131s\u0131nda verilm\u0259li olan isti qidalar pe&ccedil;enye v\u0259 pendir-&ccedil;&ouml;r\u0259k \u0259v\u0259zl\u0259nib. G&uuml;norta yem\u0259yind\u0259 is\u0259 iki &ccedil;e\u015fit yem\u0259k \u0259v\u0259zin\u0259 ancaq ya\u011fs\u0131z kartof p&uuml;resi yedizdirilir.<br \/>\nU\u015faq bax&ccedil;as\u0131nda &ouml;zba\u015f\u0131nal\u0131qlar bununla da bitmir. M&uuml;\u0259ssis\u0259nin direktoru \u0130rad\u0259 \u018fhm\u0259dova ba\u011f&ccedil;adak\u0131 yerl\u0259ri satmala m\u0259\u015f\u011fuldu. H\u0259r yeni u\u015faqdan 350 manat v\u0259 ayl\u0131q da 50 manat t\u0259l\u0259b edir. Raz\u0131la\u015fmayan valideynl\u0259r\u0259 is\u0259 &quot;hara m&uuml;raci\u0259t edirsiniz edin, m\u0259nim arxam g&uuml;cl&uuml;d&uuml;r&rdquo; deyir.<br \/>\nM&uuml;dirin r&uuml;\u015fv\u0259t ehtiras\u0131ndan t\u0259kc\u0259 valideynl\u0259r yox, t\u0259rbiy\u0259&ccedil;il\u0259r d\u0259 \u015fikay\u0259t&ccedil;idil\u0259r. Son g&uuml;nl\u0259r \u0130.\u018fhm\u0259dova h\u0259r t\u0259rbiy\u0259&ccedil;inin &uuml;z\u0259rin\u0259 50 manat &quot;tas&rdquo; qoyub v\u0259 bununla \u0259sasland\u0131r\u0131b ki, &quot;hesablama palatas\u0131&rdquo;ndan yoxlama var, ona g&ouml;r\u0259 y\u0131\u011f\u0131l\u0131r.&nbsp;<br \/>\nXat\u0131rladaq ki, 298 sayl\u0131 k&ouml;rp\u0259l\u0259r evi-u\u015faq ba\u011f&ccedil;as\u0131 d&ouml;vl\u0259t m&uuml;\u0259ssis\u0259sidir v\u0259 orada t\u0259rbiy\u0259 alan u\u015faqlar &uuml;&ccedil;&uuml;n valideynl\u0259r he&ccedil; bir &ouml;d\u0259ni\u015f etm\u0259li deyill\u0259r.<\/p>\n","protected":false},"excerpt":{"rendered":"<p>Bak\u0131n\u0131n Bil\u0259c\u0259ri q\u0259s\u0259b\u0259sind\u0259ki u\u015faq ba\u011f&ccedil;as\u0131nda &ouml;zba\u015f\u0131nal\u0131q ba\u015f al\u0131b gedir. Sfera.az-\u0131 redaksiyas\u0131na m&uuml;raci\u0259t ed\u0259n bir qrup valideyn 298 ayl\u0131 u\u015faq ba\u011f&ccedil;as\u0131ndan \u015fikay\u0259tl\u0259rinin oldu\u011funu bildiribl\u0259r. Onlar\u0131n s&ouml;zl\u0259rin\u0259 g&ouml;r\u0259, havalar soyuyandan m&uuml;\u0259ssis\u0259nin istilik&hellip;<\/p>\n","protected":false},"author":1,"featured_media":251278,"comment_status":"open","ping_status":"open","sticky":false,"template":"","format":"standard","meta":{"_lmt_disableupdate":"","_lmt_disable":"","footnotes":""},"categories":[],"tags":[],"class_list":["post-40574","post","type-post","status-publish","format-standard","has-post-thumbnail","hentry"],"_links":{"self":[{"href":"https:\/\/ucnoqta.az\/index.php?rest_route=\/wp\/v2\/posts\/40574","targetHints":{"allow":["GET"]}}],"collection":[{"href":"https:\/\/ucnoqta.az\/index.php?rest_route=\/wp\/v2\/posts"}],"about":[{"href":"https:\/\/ucnoqta.az\/index.php?rest_route=\/wp\/v2\/types\/post"}],"author":[{"embeddable":true,"href":"https:\/\/ucnoqta.az\/index.php?rest_route=\/wp\/v2\/users\/1"}],"replies":[{"embeddable":true,"href":"https:\/\/ucnoqta.az\/index.php?rest_route=%2Fwp%2Fv2%2Fcomments&post=40574"}],"version-history":[{"count":0,"href":"https:\/\/ucnoqta.az\/index.php?rest_route=\/wp\/v2\/posts\/40574\/revisions"}],"wp:featuredmedia":[{"embeddable":true,"href":"https:\/\/ucnoqta.az\/index.php?rest_route=\/wp\/v2\/media\/251278"}],"wp:attachment":[{"href":"https:\/\/ucnoqta.az\/index.php?rest_route=%2Fwp%2Fv2%2Fmedia&parent=40574"}],"wp:term":[{"taxonomy":"category","embeddable":true,"href":"https:\/\/ucnoqta.az\/index.php?rest_route=%2Fwp%2Fv2%2Fcategories&post=40574"},{"taxonomy":"post_tag","embeddable":true,"href":"https:\/\/ucnoqta.az\/index.php?rest_route=%2Fwp%2Fv2%2Ftags&post=40574"}],"curies":[{"name":"wp","href":"https:\/\/api.w.org\/{rel}","templated":true}]}}