{"id":40573,"date":"2016-11-23T17:28:32","date_gmt":"2016-11-23T13:28:32","guid":{"rendered":""},"modified":"-0001-11-30T00:00:00","modified_gmt":"-0001-11-29T20:00:00","slug":"","status":"publish","type":"post","link":"https:\/\/ucnoqta.az\/?p=40573","title":{"rendered":"Cavid Qurbanov: <font color=red><b> Bak\u0131 Dair\u0259vi d\u0259mir yolunun t\u0259miri s\u00fcr\u0259tl\u0259ndiril\u0259c\u0259k<\/b><\/font>"},"content":{"rendered":"<p><span style=\"line-height: 1.6em;\">&quot;Az\u0259rbaycan D\u0259mir Yollar\u0131&quot; Qapal\u0131 S\u0259hmdar C\u0259miyy\u0259ti Bak\u0131 Dair\u0259vi d\u0259mir yolunun t\u0259mirini q\u0131sa zamanda ba\u015fa vurmaq niyy\u0259tind\u0259dir.<\/span><span style=\"line-height: 1.6em;\">Trend-in m\u0259lumat\u0131na g&ouml;r\u0259, bu s&ouml;zl\u0259ri jurnalistl\u0259r\u0259 qurumun r\u0259hb\u0259ri Cavid Qurbanov deyib.<\/span><br \/>\n<span style=\"line-height: 1.6em;\">Bununla bel\u0259, o, t\u0259mir i\u015fl\u0259rinin n\u0259 zaman ba\u015fa &ccedil;ataca\u011f\u0131 v\u0259 d\u0259mir yolunun istismara veril\u0259c\u0259yi tarix bar\u0259d\u0259 d\u0259qiq m\u0259lumat verm\u0259yib.<\/span><br \/>\n<span style=\"line-height: 1.6em;\">C.Qurbanov deyib: &ldquo;D\u0259mir yolunun t\u0259mir t\u0259l\u0259b ed\u0259n hiss\u0259sinin &uuml;mumi uzunlu\u011fu 100 kilometrd\u0259n &ccedil;oxdur. Bu o dem\u0259kdir ki, 13 min tondan &ccedil;ox rels v\u0259 180 mind\u0259n &ccedil;ox \u015fpal d\u0259yi\u015fdirilm\u0259lidir. &rdquo;<\/span><br \/>\n<span style=\"line-height: 1.6em;\">Cavid Qurbanov Bak\u0131-Sumqay\u0131t d\u0259mir yolunun da q\u0131sa m&uuml;dd\u0259t \u0259rzind\u0259 b\u0259rpa olundu\u011funu deyib.<\/span><br \/>\n<span style=\"line-height: 1.6em;\">Qeyd ed\u0259k ki, bu layih\u0259 h\u0259yata ke&ccedil;irildikd\u0259n sonra Bak\u0131 v\u0259 Bak\u0131\u0259traf\u0131 q\u0259s\u0259b\u0259 v\u0259 k\u0259ndl\u0259rin \u0259halisinin d\u0259mir yolundan istifad\u0259 etm\u0259kl\u0259 n\u0259qliyyat problemi qism\u0259n d\u0259 olsa aradan qald\u0131r\u0131lacaq. 8-ci km q\u0259s\u0259b\u0259si, Sabun&ccedil;u, Zabrat, Pir\u015fa\u011f\u0131, K&uuml;rd\u0259xan\u0131, Goradil, Saray v\u0259 Sumqay\u0131t \u0259halisi elektrik qatarlar\u0131n\u0131n xidm\u0259tind\u0259n istifad\u0259 ed\u0259r\u0259k, m\u0259nzil ba\u015f\u0131na rahat v\u0259 t\u0259hl&uuml;k\u0259siz \u015f\u0259raitd\u0259 &ccedil;atacaq.<\/span><\/p>\n","protected":false},"excerpt":{"rendered":"<p>&quot;Az\u0259rbaycan D\u0259mir Yollar\u0131&quot; Qapal\u0131 S\u0259hmdar C\u0259miyy\u0259ti Bak\u0131 Dair\u0259vi d\u0259mir yolunun t\u0259mirini q\u0131sa zamanda ba\u015fa vurmaq niyy\u0259tind\u0259dir.Trend-in m\u0259lumat\u0131na g&ouml;r\u0259, bu s&ouml;zl\u0259ri jurnalistl\u0259r\u0259 qurumun r\u0259hb\u0259ri Cavid Qurbanov deyib. Bununla bel\u0259, o, t\u0259mir&hellip;<\/p>\n","protected":false},"author":1,"featured_media":251278,"comment_status":"open","ping_status":"open","sticky":false,"template":"","format":"standard","meta":{"_lmt_disableupdate":"","_lmt_disable":"","footnotes":""},"categories":[],"tags":[],"class_list":["post-40573","post","type-post","status-publish","format-standard","has-post-thumbnail","hentry"],"_links":{"self":[{"href":"https:\/\/ucnoqta.az\/index.php?rest_route=\/wp\/v2\/posts\/40573","targetHints":{"allow":["GET"]}}],"collection":[{"href":"https:\/\/ucnoqta.az\/index.php?rest_route=\/wp\/v2\/posts"}],"about":[{"href":"https:\/\/ucnoqta.az\/index.php?rest_route=\/wp\/v2\/types\/post"}],"author":[{"embeddable":true,"href":"https:\/\/ucnoqta.az\/index.php?rest_route=\/wp\/v2\/users\/1"}],"replies":[{"embeddable":true,"href":"https:\/\/ucnoqta.az\/index.php?rest_route=%2Fwp%2Fv2%2Fcomments&post=40573"}],"version-history":[{"count":0,"href":"https:\/\/ucnoqta.az\/index.php?rest_route=\/wp\/v2\/posts\/40573\/revisions"}],"wp:featuredmedia":[{"embeddable":true,"href":"https:\/\/ucnoqta.az\/index.php?rest_route=\/wp\/v2\/media\/251278"}],"wp:attachment":[{"href":"https:\/\/ucnoqta.az\/index.php?rest_route=%2Fwp%2Fv2%2Fmedia&parent=40573"}],"wp:term":[{"taxonomy":"category","embeddable":true,"href":"https:\/\/ucnoqta.az\/index.php?rest_route=%2Fwp%2Fv2%2Fcategories&post=40573"},{"taxonomy":"post_tag","embeddable":true,"href":"https:\/\/ucnoqta.az\/index.php?rest_route=%2Fwp%2Fv2%2Ftags&post=40573"}],"curies":[{"name":"wp","href":"https:\/\/api.w.org\/{rel}","templated":true}]}}