{"id":40570,"date":"2016-11-23T17:02:16","date_gmt":"2016-11-23T13:02:16","guid":{"rendered":""},"modified":"-0001-11-30T00:00:00","modified_gmt":"-0001-11-29T20:00:00","slug":"","status":"publish","type":"post","link":"https:\/\/ucnoqta.az\/?p=40570","title":{"rendered":"Milli \u015euran\u0131n \u00fczv t\u0259\u015fkilatlar\u0131n\u0131n n\u00fcmay\u0259nd\u0259l\u0259ri Az\u0259rbaycan\u0131 beyn\u0259lxalq t\u0259dbird\u0259 t\u0259msil edib"},"content":{"rendered":"<p><span style=\"line-height: 1.6em;\">Milli \u015euran\u0131n &uuml;zv t\u0259\u015fkilat\u0131 olan &ldquo;DAN&rdquo; Beyn\u0259lmil\u0259l&ccedil;i G\u0259ncl\u0259r \u0130ctimai Birliyi v\u0259 \u0130nternat M\u0259zunlar\u0131n\u0131n Sosial \u0130nteqrasiyas\u0131 \u0130ctimai Birliyinin n&uuml;may\u0259nd\u0259l\u0259ri T&uuml;rkiy\u0259nin &Ccedil;anaqqala \u015f\u0259h\u0259rind\u0259 m\u0259hdud imkanlara malik g\u0259ncl\u0259rin c\u0259miyy\u0259t\u0259 inteqrasiyas\u0131 m&ouml;vzusunda ke&ccedil;iril\u0259n &ldquo;Access&rdquo; adl\u0131 beyn\u0259lxalq layih\u0259d\u0259 i\u015ftirak edibl\u0259r. Az\u0259rbaycan, G&uuml;rc&uuml;stan, Sloveniya, Portuqaliya v\u0259 T&uuml;rkiy\u0259 g\u0259ncl\u0259rinin i\u015ftirak etdiyi layih\u0259 h\u0259r &ouml;lk\u0259d\u0259n 6 n&uuml;may\u0259nd\u0259 olmaqla 30 g\u0259ncin i\u015ftirak\u0131 il\u0259 ba\u015f tutub.&nbsp;<\/span><\/p>\n<p>T\u0259dbirin ke&ccedil;irilm\u0259sind\u0259 m\u0259qs\u0259d m\u0259hdud imkanlara malik g\u0259ncl\u0259rin sosial h\u0259yata inteqrasiyas\u0131, onlara f\u0259al v\u0259t\u0259nda\u015fl\u0131q ruhunun a\u015f\u0131lanmas\u0131, \u015f\u0259xsi v\u0259 pe\u015f\u0259kar keyfiyy\u0259t v\u0259 bacar\u0131qlar\u0131n\u0131n inki\u015fa etdirilm\u0259si il\u0259 onlar\u0131n i\u015fqabiliyy\u0259tinin art\u0131r\u0131lmas\u0131d\u0131r.&nbsp;<br \/>\nT\u0259qdimatlar\u0131n, m&uuml;zakir\u0259l\u0259rin v\u0259 debatlar\u0131n ke&ccedil;irildiyi t\u0259dbird\u0259, h\u0259m&ccedil;inin i\u015ftirak&ccedil;\u0131 &ouml;lk\u0259l\u0259rin bu sah\u0259d\u0259 olan t\u0259cr&uuml;b\u0259l\u0259ri payla\u015f\u0131l\u0131b v\u0259 qeyd olunan m&ouml;vzu &ccedil;\u0259r&ccedil;iv\u0259sind\u0259 g\u0259l\u0259c\u0259k f\u0259aliyy\u0259tl\u0259rl\u0259 ba\u011fl\u0131 s&ouml;hb\u0259tl\u0259r apar\u0131l\u0131b.<br \/>\nQeyd ed\u0259k ki, son zamanlar respublikam\u0131zda m\u0259hdud imkanlara malik g\u0259ncl\u0259rin probleml\u0259rinin h\u0259lli v\u0259 onlar\u0131n c\u0259miyy\u0259t\u0259 f\u0259al inteqrasiyas\u0131na nail olmaq m\u0259qs\u0259di il\u0259 m&uuml;xt\u0259lif t\u0259dbirl\u0259r h\u0259yata ke&ccedil;irilib v\u0259 bu sah\u0259d\u0259 olan ir\u0259lil\u0259yi\u015fl\u0259r t\u0259qdir\u0259layiqdir. Bu bax\u0131mdan Az\u0259rbaycan g\u0259ncl\u0259rinin bel\u0259 beyn\u0259lxalq layih\u0259l\u0259rd\u0259 i\u015ftirak ed\u0259r\u0259k, h\u0259m &ouml;zinki\u015fafa t\u0259kan verm\u0259l\u0259ri, h\u0259m d\u0259 &ouml;lk\u0259ni beyn\u0259lxalq m&uuml;st\u0259vid\u0259 t\u0259msil ed\u0259r\u0259k &ouml;lk\u0259 t\u0259cr&uuml;b\u0259l\u0259rinin t\u0259bli\u011f edilm\u0259si aktuall\u0131q v\u0259 \u0259h\u0259miyy\u0259t k\u0259sb edir.<\/p>\n","protected":false},"excerpt":{"rendered":"<p>Milli \u015euran\u0131n &uuml;zv t\u0259\u015fkilat\u0131 olan &ldquo;DAN&rdquo; Beyn\u0259lmil\u0259l&ccedil;i G\u0259ncl\u0259r \u0130ctimai Birliyi v\u0259 \u0130nternat M\u0259zunlar\u0131n\u0131n Sosial \u0130nteqrasiyas\u0131 \u0130ctimai Birliyinin n&uuml;may\u0259nd\u0259l\u0259ri T&uuml;rkiy\u0259nin &Ccedil;anaqqala \u015f\u0259h\u0259rind\u0259 m\u0259hdud imkanlara malik g\u0259ncl\u0259rin c\u0259miyy\u0259t\u0259 inteqrasiyas\u0131 m&ouml;vzusunda ke&ccedil;iril\u0259n &ldquo;Access&rdquo;&hellip;<\/p>\n","protected":false},"author":1,"featured_media":251278,"comment_status":"open","ping_status":"open","sticky":false,"template":"","format":"standard","meta":{"_lmt_disableupdate":"","_lmt_disable":"","footnotes":""},"categories":[],"tags":[],"class_list":["post-40570","post","type-post","status-publish","format-standard","has-post-thumbnail","hentry"],"_links":{"self":[{"href":"https:\/\/ucnoqta.az\/index.php?rest_route=\/wp\/v2\/posts\/40570","targetHints":{"allow":["GET"]}}],"collection":[{"href":"https:\/\/ucnoqta.az\/index.php?rest_route=\/wp\/v2\/posts"}],"about":[{"href":"https:\/\/ucnoqta.az\/index.php?rest_route=\/wp\/v2\/types\/post"}],"author":[{"embeddable":true,"href":"https:\/\/ucnoqta.az\/index.php?rest_route=\/wp\/v2\/users\/1"}],"replies":[{"embeddable":true,"href":"https:\/\/ucnoqta.az\/index.php?rest_route=%2Fwp%2Fv2%2Fcomments&post=40570"}],"version-history":[{"count":0,"href":"https:\/\/ucnoqta.az\/index.php?rest_route=\/wp\/v2\/posts\/40570\/revisions"}],"wp:featuredmedia":[{"embeddable":true,"href":"https:\/\/ucnoqta.az\/index.php?rest_route=\/wp\/v2\/media\/251278"}],"wp:attachment":[{"href":"https:\/\/ucnoqta.az\/index.php?rest_route=%2Fwp%2Fv2%2Fmedia&parent=40570"}],"wp:term":[{"taxonomy":"category","embeddable":true,"href":"https:\/\/ucnoqta.az\/index.php?rest_route=%2Fwp%2Fv2%2Fcategories&post=40570"},{"taxonomy":"post_tag","embeddable":true,"href":"https:\/\/ucnoqta.az\/index.php?rest_route=%2Fwp%2Fv2%2Ftags&post=40570"}],"curies":[{"name":"wp","href":"https:\/\/api.w.org\/{rel}","templated":true}]}}