{"id":40569,"date":"2016-11-23T16:56:57","date_gmt":"2016-11-23T12:56:57","guid":{"rendered":""},"modified":"-0001-11-30T00:00:00","modified_gmt":"-0001-11-29T20:00:00","slug":"","status":"publish","type":"post","link":"https:\/\/ucnoqta.az\/?p=40569","title":{"rendered":"Elmar M\u0259mm\u0259dyarov M\u0259rake\u015fin Az\u0259rbaycana yeni t\u0259yin olunmu\u015f s\u0259firini q\u0259bul edib"},"content":{"rendered":"<p><span style=\"line-height: 1.6em;\">Xarici i\u015fl\u0259r naziri Elmar M\u0259mm\u0259dyarov M\u0259rake\u015fin Az\u0259rbaycana yeni t\u0259yin olunmu\u015f s\u0259firi Adil Embark\u0131 q\u0259bul edib.<\/span><br \/>\n<span style=\"line-height: 1.6em;\">S\u0259fir etimadnam\u0259sinin sur\u0259tini nazir Elmar M\u0259mm\u0259dyarova t\u0259qdim edib. Nazir onu Az\u0259rbaycana s\u0259fir t\u0259yin olunmas\u0131 m&uuml;nasib\u0259til\u0259 t\u0259brik ed\u0259r\u0259k, g\u0259l\u0259c\u0259k f\u0259aliyy\u0259tind\u0259 u\u011furlar arzulay\u0131b. G&ouml;r&uuml;\u015fd\u0259 Az\u0259rbaycan v\u0259 M\u0259rake\u015f aras\u0131nda ikit\u0259r\u0259fli siyasi m&uuml;nasib\u0259tl\u0259rin inki\u015faf\u0131ndan dan\u0131\u015f\u0131l\u0131b, iqtisadiyyat, humanitar, turizm, alternativ v\u0259 b\u0259rpa olunan enerji kimi sah\u0259l\u0259rind\u0259 \u0259m\u0259kda\u015fl\u0131\u011f\u0131n inki\u015faf\u0131 &uuml;&ccedil;&uuml;n \u0259lveri\u015fli imkanlar\u0131n v\u0259 \u0259hat\u0259li m&uuml;qavil\u0259-h&uuml;quq bazas\u0131n\u0131n oldu\u011fu diqq\u0259t\u0259 &ccedil;atd\u0131r\u0131l\u0131b. Ticar\u0259t \u0259laq\u0259l\u0259rinin geni\u015fl\u0259ndirilm\u0259si &uuml;&ccedil;&uuml;n biznes dair\u0259l\u0259ri aras\u0131nda \u0259laq\u0259l\u0259rin t\u0259\u015fviq edilm\u0259sinin v\u0259 biznes forumlar\u0131n\u0131n ke&ccedil;irilm\u0259sinin vacibliyi vur\u011fulan\u0131b.&nbsp;<\/span><\/p>\n<p>&nbsp;<br \/>\nNazir M\u0259rake\u015fin Erm\u0259nistan-Az\u0259rbaycan m&uuml;naqi\u015f\u0259sinin h\u0259lli il\u0259 \u0259laq\u0259dar \u0259dal\u0259tli m&ouml;vqeyinin, Erm\u0259nistan\u0131n Az\u0259rbaycana qar\u015f\u0131 t\u0259cav&uuml;z&uuml;n\u0259 dair \u0130slam \u018fm\u0259kda\u015fl\u0131q T\u0259\u015fkilat\u0131n\u0131n Kontakt Qrupuna qo\u015fulmas\u0131n\u0131n t\u0259qdir edildiyini bildirib.<br \/>\n&nbsp;<br \/>\nS\u0259fir iki &ouml;lk\u0259 aras\u0131nda \u0259laq\u0259l\u0259rin daha da inki\u015faf\u0131 namin\u0259 s\u0259yl\u0259rini \u0259sirg\u0259m\u0259y\u0259c\u0259yini vur\u011fulay\u0131b.<\/p>\n","protected":false},"excerpt":{"rendered":"<p>Xarici i\u015fl\u0259r naziri Elmar M\u0259mm\u0259dyarov M\u0259rake\u015fin Az\u0259rbaycana yeni t\u0259yin olunmu\u015f s\u0259firi Adil Embark\u0131 q\u0259bul edib. S\u0259fir etimadnam\u0259sinin sur\u0259tini nazir Elmar M\u0259mm\u0259dyarova t\u0259qdim edib. Nazir onu Az\u0259rbaycana s\u0259fir t\u0259yin olunmas\u0131 m&uuml;nasib\u0259til\u0259&hellip;<\/p>\n","protected":false},"author":1,"featured_media":251278,"comment_status":"open","ping_status":"open","sticky":false,"template":"","format":"standard","meta":{"_lmt_disableupdate":"","_lmt_disable":"","footnotes":""},"categories":[86],"tags":[],"class_list":["post-40569","post","type-post","status-publish","format-standard","has-post-thumbnail","hentry","category-siyaset"],"_links":{"self":[{"href":"https:\/\/ucnoqta.az\/index.php?rest_route=\/wp\/v2\/posts\/40569","targetHints":{"allow":["GET"]}}],"collection":[{"href":"https:\/\/ucnoqta.az\/index.php?rest_route=\/wp\/v2\/posts"}],"about":[{"href":"https:\/\/ucnoqta.az\/index.php?rest_route=\/wp\/v2\/types\/post"}],"author":[{"embeddable":true,"href":"https:\/\/ucnoqta.az\/index.php?rest_route=\/wp\/v2\/users\/1"}],"replies":[{"embeddable":true,"href":"https:\/\/ucnoqta.az\/index.php?rest_route=%2Fwp%2Fv2%2Fcomments&post=40569"}],"version-history":[{"count":0,"href":"https:\/\/ucnoqta.az\/index.php?rest_route=\/wp\/v2\/posts\/40569\/revisions"}],"wp:featuredmedia":[{"embeddable":true,"href":"https:\/\/ucnoqta.az\/index.php?rest_route=\/wp\/v2\/media\/251278"}],"wp:attachment":[{"href":"https:\/\/ucnoqta.az\/index.php?rest_route=%2Fwp%2Fv2%2Fmedia&parent=40569"}],"wp:term":[{"taxonomy":"category","embeddable":true,"href":"https:\/\/ucnoqta.az\/index.php?rest_route=%2Fwp%2Fv2%2Fcategories&post=40569"},{"taxonomy":"post_tag","embeddable":true,"href":"https:\/\/ucnoqta.az\/index.php?rest_route=%2Fwp%2Fv2%2Ftags&post=40569"}],"curies":[{"name":"wp","href":"https:\/\/api.w.org\/{rel}","templated":true}]}}