{"id":40558,"date":"2016-11-23T15:47:30","date_gmt":"2016-11-23T11:47:30","guid":{"rendered":""},"modified":"-0001-11-30T00:00:00","modified_gmt":"-0001-11-29T20:00:00","slug":"","status":"publish","type":"post","link":"https:\/\/ucnoqta.az\/?p=40558","title":{"rendered":"Ay\u0259tullah Xamenei: <font color=red><b>\u201cAB\u015e-\u0131n sanksiyalar\u0131 uzatmas\u0131 cavabs\u0131z qalmayacaq\u201d<\/b><\/font>"},"content":{"rendered":"<p><span style=\"line-height: 1.6em;\">&ldquo;AB\u015e-\u0131n \u0130rana qar\u015f\u0131 sanksiyalar\u0131 10 illik uzatmas\u0131 H\u0259rt\u0259r\u0259fli Birg\u0259 F\u0259aliyy\u0259t Plan\u0131n\u0131n pozulmas\u0131 dem\u0259kdir, biz h&ouml;km\u0259n buna reaksiya ver\u0259c\u0259yik&rdquo;. Ucnoqta.az&nbsp;<\/span><span style=\"line-height: 1.6em;\">APA-ya istinad\u0259n x\u0259b\u0259r verir ki,&nbsp;bu s&ouml;zl\u0259ri \u0130ran\u0131n ali lideri ay\u0259tullah Seyid \u018fli Xamenei &ldquo;B\u0259sic&rdquo; k&ouml;n&uuml;ll&uuml;l\u0259r t\u0259\u015fkilat\u0131n\u0131n komandirl\u0259ri v\u0259 &uuml;zvl\u0259ri il\u0259 g&ouml;r&uuml;\u015fd\u0259 deyib.<\/span><br \/>\n<span style=\"line-height: 1.6em;\">Ay\u0259tullah Xamenei bildirib ki, Amerikan\u0131n haz\u0131rk\u0131 h&ouml;kum\u0259ti indiy\u0259d\u0259k n&uuml;v\u0259 sazi\u015fi m\u0259s\u0259l\u0259sind\u0259 d\u0259f\u0259l\u0259rl\u0259 &ouml;hd\u0259likl\u0259rini yerin\u0259 yetirm\u0259yib: &ldquo;Onlardan \u0259n yenisi sanksiyalar\u0131n 10 il m&uuml;dd\u0259tin\u0259 uzad\u0131lmas\u0131d\u0131r. \u018fg\u0259r bu sanksiya icra olunarsa, H\u0259rt\u0259r\u0259fli Birg\u0259 F\u0259aliyy\u0259t Plan\u0131 pozular. Onlar bilsinl\u0259r ki, \u0130slam Respublikas\u0131 buna reaksiya ver\u0259c\u0259k&rdquo;.<\/span><br \/>\n<span style=\"line-height: 1.6em;\">\u0130ran\u0131n ali r\u0259hb\u0259ri &ccedil;\u0131x\u0131\u015f\u0131n\u0131n davam\u0131nda qeyd edib ki, &ldquo;B\u0259sic&rdquo; inqilab d&ouml;vr&uuml;n&uuml;n heyr\u0259t do\u011furan fenomenl\u0259rind\u0259n biridir: &ldquo;Bu fenomenin yarad\u0131lmas\u0131 &uuml;&ccedil;&uuml;n imam Xomeyniy\u0259 Allah t\u0259r\u0259find\u0259n ilham verilmi\u015fdi ki, islam inqilab\u0131n\u0131n taleyini g\u0259ncl\u0259r\u0259 tap\u015f\u0131rs\u0131n&rdquo;.<\/span><br \/>\n<span style=\"line-height: 1.6em;\">Qeyd ed\u0259k ki, &ouml;t\u0259n h\u0259ft\u0259 AB\u015e Konqresi \u0130rana qar\u015f\u0131 daha &ouml;nc\u0259 t\u0259tbiq edilmi\u015f sanksiyalar\u0131n m&uuml;dd\u0259tini daha 10 il uzad\u0131b.<\/span><\/p>\n","protected":false},"excerpt":{"rendered":"<p>&ldquo;AB\u015e-\u0131n \u0130rana qar\u015f\u0131 sanksiyalar\u0131 10 illik uzatmas\u0131 H\u0259rt\u0259r\u0259fli Birg\u0259 F\u0259aliyy\u0259t Plan\u0131n\u0131n pozulmas\u0131 dem\u0259kdir, biz h&ouml;km\u0259n buna reaksiya ver\u0259c\u0259yik&rdquo;. Ucnoqta.az&nbsp;APA-ya istinad\u0259n x\u0259b\u0259r verir ki,&nbsp;bu s&ouml;zl\u0259ri \u0130ran\u0131n ali lideri ay\u0259tullah Seyid \u018fli&hellip;<\/p>\n","protected":false},"author":1,"featured_media":251278,"comment_status":"open","ping_status":"open","sticky":false,"template":"","format":"standard","meta":{"_lmt_disableupdate":"","_lmt_disable":"","footnotes":""},"categories":[89],"tags":[],"class_list":["post-40558","post","type-post","status-publish","format-standard","has-post-thumbnail","hentry","category-dunya-butun-xeberler"],"_links":{"self":[{"href":"https:\/\/ucnoqta.az\/index.php?rest_route=\/wp\/v2\/posts\/40558","targetHints":{"allow":["GET"]}}],"collection":[{"href":"https:\/\/ucnoqta.az\/index.php?rest_route=\/wp\/v2\/posts"}],"about":[{"href":"https:\/\/ucnoqta.az\/index.php?rest_route=\/wp\/v2\/types\/post"}],"author":[{"embeddable":true,"href":"https:\/\/ucnoqta.az\/index.php?rest_route=\/wp\/v2\/users\/1"}],"replies":[{"embeddable":true,"href":"https:\/\/ucnoqta.az\/index.php?rest_route=%2Fwp%2Fv2%2Fcomments&post=40558"}],"version-history":[{"count":0,"href":"https:\/\/ucnoqta.az\/index.php?rest_route=\/wp\/v2\/posts\/40558\/revisions"}],"wp:featuredmedia":[{"embeddable":true,"href":"https:\/\/ucnoqta.az\/index.php?rest_route=\/wp\/v2\/media\/251278"}],"wp:attachment":[{"href":"https:\/\/ucnoqta.az\/index.php?rest_route=%2Fwp%2Fv2%2Fmedia&parent=40558"}],"wp:term":[{"taxonomy":"category","embeddable":true,"href":"https:\/\/ucnoqta.az\/index.php?rest_route=%2Fwp%2Fv2%2Fcategories&post=40558"},{"taxonomy":"post_tag","embeddable":true,"href":"https:\/\/ucnoqta.az\/index.php?rest_route=%2Fwp%2Fv2%2Ftags&post=40558"}],"curies":[{"name":"wp","href":"https:\/\/api.w.org\/{rel}","templated":true}]}}