{"id":40557,"date":"2016-11-23T15:19:34","date_gmt":"2016-11-23T11:19:34","guid":{"rendered":""},"modified":"-0001-11-30T00:00:00","modified_gmt":"-0001-11-29T20:00:00","slug":"","status":"publish","type":"post","link":"https:\/\/ucnoqta.az\/?p=40557","title":{"rendered":"Qara Qarayev: <font color=red><b>&#8220;Az\u0259rbaycan futbolunda yeni tarix yazmaq ist\u0259yirik&#8221;<\/b><\/font>"},"content":{"rendered":"<p>&quot;Komandam\u0131z\u0131n qar\u015f\u0131s\u0131na qrupdan &ccedil;\u0131xmaq v\u0259zif\u0259si qoyulmam\u0131\u015fd\u0131. Amma biz bunu edib, Az\u0259rbaycan futbolunda yeni tarix yazmaq ist\u0259yirik&quot;.&nbsp;Bu s&ouml;zl\u0259ri &quot;Qaraba\u011f&quot;\u0131n yar\u0131mm&uuml;dafi\u0259&ccedil;isi Qara Qarayev deyib.<br \/>\nFutbol&ccedil;u&nbsp;Avropa Liqas\u0131nda ke&ccedil;irdikl\u0259ri&nbsp;yol haqda q\u0131sa m\u0259lumat verib:<br \/>\n&quot;\u0130lk d\u0259f\u0259 Avroliqan\u0131n qrup m\u0259rh\u0259l\u0259sin\u0259 v\u0259siq\u0259 qazananda yeni m&uuml;hit\u0259 d&uuml;\u015fm&uuml;\u015fd&uuml;k. G&uuml;cl&uuml; r\u0259qibl\u0259r\u0259 v\u0259 qrupdak\u0131 atmosfer\u0259 al\u0131\u015fma\u011fa &ccedil;al\u0131\u015f\u0131rd\u0131q. Pis &ccedil;\u0131x\u0131\u015f etm\u0259dik. &quot;Sent-Etyen&quot;, &quot;\u0130nter&quot; v\u0259 &quot;Dnepr&quot; kimi komandalarla layiqli m&uuml;bariz\u0259 apard\u0131q. N&ouml;vb\u0259ti m&ouml;vs&uuml;m\u0259 daha yax\u015f\u0131 haz\u0131rla\u015fd\u0131q v\u0259 yen\u0259 g&uuml;cl&uuml; r\u0259qibl\u0259rl\u0259 eyni qrupa d&uuml;\u015fs\u0259k d\u0259, pley-off-a adlama\u011fa yax\u0131n idik.<br \/>\n\u0130ndi &quot;Qaraba\u011f&quot;\u0131n daha b&ouml;y&uuml;k t\u0259cr&uuml;b\u0259si var. Lakin b\u0259xtimiz h\u0259rd\u0259n g\u0259tirmir. &quot;Slovan&quot;la Bak\u0131dak\u0131 oyunun 10-cu saniy\u0259sind\u0259 qol buraxd\u0131q, &quot;Fiorentina&quot; il\u0259 s\u0259f\u0259r g&ouml;r&uuml;\u015f&uuml;nd\u0259 is\u0259 q\u0131rm\u0131z\u0131 v\u0259r\u0259q\u0259 b&uuml;t&uuml;n planlar\u0131m\u0131z\u0131 pozdu.<br \/>\n&quot;Qaraba\u011f&quot; ard\u0131c\u0131l 3-c&uuml; il ildir ki, Avropan\u0131n g&uuml;cl&uuml; klublar\u0131 il\u0259 m&uuml;bariz\u0259 apar\u0131r. M\u0259nc\u0259, buna g&ouml;r\u0259, &quot;Qaraba\u011f&quot; v\u0259 Az\u0259rbaycan futbolu \u0259ks\u0259r &ouml;lk\u0259l\u0259rd\u0259 tan\u0131nd\u0131&quot;.<br \/>\nQ.Qarayev ba\u015f m\u0259\u015fq&ccedil;i&nbsp;Qurban Qurbanov bar\u0259d\u0259 d\u0259 dan\u0131\u015f\u0131b.<br \/>\n&quot;Ba\u015f m\u0259\u015fq&ccedil;imiz m\u0259n\u0259 &ccedil;ox k&ouml;m\u0259k edib. &quot;Qaraba\u011f&quot;\u0131n g\u0259ncl\u0259r komandas\u0131nda &ccedil;\u0131x\u0131\u015f ed\u0259nd\u0259 oyunumu izl\u0259yib m\u0259ni \u0259sas komandaya d\u0259v\u0259t etmi\u015fdi. \u018fsas hey\u0259td\u0259 oynayandan sonra milli komandaya da d\u0259v\u0259t ald\u0131m.<br \/>\nQurban Qurbanov biz\u0259 q\u0259l\u0259b\u0259 \u0259mri ver\u0259n komandarimizdir. O, biz\u0259 &ouml;z&uuml;m&uuml;z\u0259 inanmaqda k&ouml;m\u0259k edir. &Ccedil;ox sad\u0259 v\u0259 intizaml\u0131 insand\u0131. M\u0259hz onun r\u0259hb\u0259rliyi alt\u0131nda bu s\u0259viyy\u0259y\u0259 &ccedil;atm\u0131\u015fam. O, t\u0259kc\u0259 n\u0259tic\u0259y\u0259 deyil, komandan\u0131n &uuml;mumi inki\u015faf\u0131na da diqq\u0259t edir. D&uuml;\u015f&uuml;n&uuml;r\u0259m ki, &quot;Qaraba\u011f&quot; Az\u0259rbaycan v\u0259 Avropadak\u0131 u\u011furuna g&ouml;r\u0259 m\u0259hz Qurban Qurbanova borcludur&quot;.<br \/>\nQara Qarayev komandan\u0131n kapitan\u0131 R\u0259\u015fad Sad\u0131qov bar\u0259d\u0259 d\u0259 xo\u015f s&ouml;zl\u0259r deyib:<br \/>\n&quot;R\u0259\u015fad h\u0259m meydanda, h\u0259m d\u0259 paltard\u0259yi\u015fm\u0259 ota\u011f\u0131nda futbol&ccedil;ulara &ouml;z g&uuml;cl\u0259rin\u0259 inanmaqda &ccedil;ox k&ouml;m\u0259k edir. \u018fsas hey\u0259td\u0259 yeni-yeni oynama\u011fa ba\u015flayanda m\u0259n\u0259 d\u0259 b&ouml;y&uuml;k d\u0259st\u0259yi olub. &Ouml;yr\u0259tdi ki, he&ccedil; kim v\u0259 he&ccedil; n\u0259d\u0259n qorxma. H\u0259m klubda, h\u0259m d\u0259 millid\u0259 R\u0259\u015fad\u0131n varl\u0131\u011f\u0131 vacibdir. T\u0259bii ki, onun g\u0259nc futbol&ccedil;u olmad\u0131\u011f\u0131n\u0131 ba\u015fa d&uuml;\u015f&uuml;r&uuml;k. Amma R\u0259\u015fad\u0131n karyeras\u0131n\u0131 bitirm\u0259yini ist\u0259m\u0259zdim. R\u0259\u015fad h\u0259m &quot;Qaraba\u011f&quot;, h\u0259m milli, h\u0259m d\u0259 Az\u0259rbaycan futboluna &ccedil;ox laz\u0131md\u0131r&quot;.<\/p>\n","protected":false},"excerpt":{"rendered":"<p>&quot;Komandam\u0131z\u0131n qar\u015f\u0131s\u0131na qrupdan &ccedil;\u0131xmaq v\u0259zif\u0259si qoyulmam\u0131\u015fd\u0131. Amma biz bunu edib, Az\u0259rbaycan futbolunda yeni tarix yazmaq ist\u0259yirik&quot;.&nbsp;Bu s&ouml;zl\u0259ri &quot;Qaraba\u011f&quot;\u0131n yar\u0131mm&uuml;dafi\u0259&ccedil;isi Qara Qarayev deyib. Futbol&ccedil;u&nbsp;Avropa Liqas\u0131nda ke&ccedil;irdikl\u0259ri&nbsp;yol haqda q\u0131sa m\u0259lumat verib: &quot;\u0130lk&hellip;<\/p>\n","protected":false},"author":1,"featured_media":251278,"comment_status":"open","ping_status":"open","sticky":false,"template":"","format":"standard","meta":{"_lmt_disableupdate":"","_lmt_disable":"","footnotes":""},"categories":[90],"tags":[],"class_list":["post-40557","post","type-post","status-publish","format-standard","has-post-thumbnail","hentry","category-idman-butun-xeberler"],"_links":{"self":[{"href":"https:\/\/ucnoqta.az\/index.php?rest_route=\/wp\/v2\/posts\/40557","targetHints":{"allow":["GET"]}}],"collection":[{"href":"https:\/\/ucnoqta.az\/index.php?rest_route=\/wp\/v2\/posts"}],"about":[{"href":"https:\/\/ucnoqta.az\/index.php?rest_route=\/wp\/v2\/types\/post"}],"author":[{"embeddable":true,"href":"https:\/\/ucnoqta.az\/index.php?rest_route=\/wp\/v2\/users\/1"}],"replies":[{"embeddable":true,"href":"https:\/\/ucnoqta.az\/index.php?rest_route=%2Fwp%2Fv2%2Fcomments&post=40557"}],"version-history":[{"count":0,"href":"https:\/\/ucnoqta.az\/index.php?rest_route=\/wp\/v2\/posts\/40557\/revisions"}],"wp:featuredmedia":[{"embeddable":true,"href":"https:\/\/ucnoqta.az\/index.php?rest_route=\/wp\/v2\/media\/251278"}],"wp:attachment":[{"href":"https:\/\/ucnoqta.az\/index.php?rest_route=%2Fwp%2Fv2%2Fmedia&parent=40557"}],"wp:term":[{"taxonomy":"category","embeddable":true,"href":"https:\/\/ucnoqta.az\/index.php?rest_route=%2Fwp%2Fv2%2Fcategories&post=40557"},{"taxonomy":"post_tag","embeddable":true,"href":"https:\/\/ucnoqta.az\/index.php?rest_route=%2Fwp%2Fv2%2Ftags&post=40557"}],"curies":[{"name":"wp","href":"https:\/\/api.w.org\/{rel}","templated":true}]}}