{"id":40555,"date":"2016-11-23T14:59:33","date_gmt":"2016-11-23T10:59:33","guid":{"rendered":""},"modified":"-0001-11-30T00:00:00","modified_gmt":"-0001-11-29T20:00:00","slug":"","status":"publish","type":"post","link":"https:\/\/ucnoqta.az\/?p=40555","title":{"rendered":"<b>Bin\u0259q\u0259did\u0259 240 alman avtomobili ya\u011f\u0131\u015f\u0131n alt\u0131nda niy\u0259 \u00e7\u00fcr\u00fcy\u00fcb?<font color=red> \u2013 FOTO<\/font><\/b>"},"content":{"rendered":"<p><span style=\"line-height: 1.6em;\">Alman turistl\u0259rin az\u0259rbaycanl\u0131 m\u0259cburi k&ouml;&ccedil;k&uuml;nl\u0259r\u0259 h\u0259diyy\u0259 etdiyi avtomobill\u0259r bu q\u0131\u015f da ya\u011f\u0131\u015f\u0131n, qar\u0131n alt\u0131nda sahibini g&ouml;zl\u0259y\u0259c\u0259k.<\/span><\/p>\n<p>Ucnoqta.az x\u0259b\u0259r verir ki, art\u0131q 4 ildir bu ma\u015f\u0131nlar Bin\u0259q\u0259di rayonu \u0259razisind\u0259 dayanacaqda saxlan\u0131l\u0131r. Ma\u015f\u0131nlar &ccedil;&uuml;r&uuml;s\u0259 d\u0259, ehtiyat hiss\u0259l\u0259rind\u0259n istifad\u0259y\u0259 bel\u0259 icaz\u0259 verilmir.<br \/>\nQeyd ed\u0259k ki, &ldquo;Eurovision-2012&rdquo; mahn\u0131 yar\u0131\u015fmas\u0131n\u0131 izl\u0259m\u0259y\u0259 g\u0259l\u0259n bir qrup Almaniya v\u0259t\u0259nda\u015f\u0131 g\u0259ldikl\u0259ri \u015f\u0259xsi avtomobill\u0259rini Bak\u0131da qoyaraq &ouml;lk\u0259l\u0259rin\u0259 t\u0259yyar\u0259 il\u0259 d&ouml;n&uuml;bl\u0259r.<br \/>\nM&uuml;hafiz\u0259&ccedil;i dayanacaqda 240 avtomobilin oldu\u011funu bildirs\u0259 d\u0259, k\u0259nardan ma\u015f\u0131nlar\u0131n say\u0131 &ccedil;ox az g&ouml;r&uuml;n&uuml;rd&uuml;. &ldquo;Bu dayanacaqdak\u0131 ma\u015f\u0131nlara Qa&ccedil;q\u0131n v\u0259 M\u0259cburi K&ouml;&ccedil;k&uuml;nl\u0259rl\u0259 \u0130\u015f &uuml;zr\u0259 D&ouml;vl\u0259t Komit\u0259si, bir d\u0259 \u015eu\u015fa Rayon \u0130cra Hakimiyy\u0259tinin ba\u015f&ccedil;\u0131s\u0131, Da\u011fl\u0131q Qaraba\u011f B&ouml;lg\u0259sinin Az\u0259rbaycanl\u0131 \u0130cmas\u0131 \u0130ctimai Birliyinin s\u0259dri Bayram S\u0259f\u0259rov n\u0259zar\u0259t edir. Dayanaca\u011fa giri\u015f qada\u011fand\u0131r, yaln\u0131z onlar icaz\u0259 verdikl\u0259ri halda ma\u015f\u0131nlar \u0259razid\u0259n &ccedil;\u0131xar\u0131la bil\u0259r&rdquo;,-n\u0259zar\u0259t&ccedil;i deyib.<br \/>\nT\u0259xmin\u0259n 1980-ci ild\u0259 istehsal olunmu\u015f avtomobill\u0259r qa&ccedil;q\u0131nlara verilmir, &ccedil;&uuml;nki ma\u015f\u0131nlar g&ouml;mr&uuml;kd\u0259 qeydiyyatdan ke&ccedil;irilm\u0259yib. Ma\u015f\u0131nlar\u0131n birinin qeydiyyat\u0131 &uuml;&ccedil;&uuml;n t\u0259l\u0259b olunan r&uuml;sum ma\u015f\u0131n\u0131n qiym\u0259tind\u0259n bahad\u0131r. Buna g&ouml;r\u0259 d\u0259 ill\u0259rdir avtomobill\u0259rl\u0259 ba\u011fl\u0131 qeyri-m&uuml;\u0259yy\u0259nlik davam edir.<br \/>\nAvtodayanaca\u011f\u0131n n\u0259zar\u0259t&ccedil;isi ma\u015f\u0131nlara &ldquo;Qa&ccedil;q\u0131nkom&rdquo;un n\u0259zar\u0259t etdiyini t\u0259sdiql\u0259s\u0259 d\u0259, komit\u0259d\u0259n ma\u015f\u0131nlar\u0131n g\u0259l\u0259c\u0259k taleyi il\u0259 ba\u011fl\u0131 a&ccedil;\u0131qlama verm\u0259k ist\u0259mirl\u0259r. &ldquo;Bu ma\u015f\u0131nlar haqda m\u0259tbuatda oxumu\u015fuq, amma y\u0259qin ki, qa&ccedil;q\u0131nlara verilm\u0259y\u0259c\u0259k&rdquo;-komit\u0259d\u0259n yaln\u0131z bunu s&ouml;yl\u0259m\u0259kl\u0259 kifay\u0259tl\u0259nibl\u0259r.<\/p>\n<p>B\u0259s ma\u015f\u0131nlar\u0131n a&ccedil;arlar\u0131 kimd\u0259dir?<\/p>\n<p>Komit\u0259 bu suala d\u0259qiq cavab vermir.<br \/>\nQeyd ed\u0259k ki, bir m&uuml;dd\u0259t \u0259vv\u0259l avtomobill\u0259rin dayanacaqdan &ccedil;\u0131xar\u0131laraq Bayram S\u0259f\u0259rovun Novxan\u0131dak\u0131 bo\u015f torpaq sah\u0259sin\u0259 apar\u0131ld\u0131\u011f\u0131 haqda m\u0259lumatlar yay\u0131lm\u0131\u015fd\u0131. El\u0259 a&ccedil;arlar\u0131n da onda oldu\u011fu s&ouml;yl\u0259nilirdi. Amma icra ba\u015f&ccedil;\u0131s\u0131 ma\u015f\u0131nlar\u0131n onlarda olmad\u0131\u011f\u0131n\u0131 dem\u0259kl\u0259 kifay\u0259tl\u0259nmi\u015fdi.<br \/>\nVirtualaz.org-un \u0259m\u0259kda\u015flar\u0131 avtomobill\u0259rin saxland\u0131\u011f\u0131 \u0259razinin fotolar\u0131n\u0131 k\u0259nardan da olsa &ccedil;\u0259km\u0259y\u0259 m&uuml;v\u0259ff\u0259q olublar. Fotolarda da ma\u015f\u0131nlar\u0131n say\u0131n\u0131n az oldu\u011fu g&ouml;r&uuml;n&uuml;r.<br \/>\nXat\u0131rladaq ki, &ldquo;Eurovision &ndash; 2012&rdquo; yar\u0131\u015fmas\u0131 \u0259r\u0259f\u0259sind\u0259 Bak\u0131ya g\u0259l\u0259n v\u0259 ma\u015f\u0131nlar\u0131n\u0131 qa&ccedil;q\u0131nlara ba\u011f\u0131\u015flayan almanlar xeyriyy\u0259 aksiyas\u0131n\u0131n i\u015ftirak&ccedil;\u0131s\u0131d\u0131rlar. Bel\u0259 ki, &ldquo;Allgeau-Orient&rdquo; adl\u0131 avtoralliy\u0259 20 &ouml;lk\u0259d\u0259n 111 komanda (355 avtomobil v\u0259 666 i\u015ftirak&ccedil;\u0131) qo\u015fulub ki, onlar Almaniyan\u0131n c\u0259nubundak\u0131 Oberstaufen \u015f\u0259h\u0259rind\u0259n Az\u0259rbaycan paytaxt\u0131 Bak\u0131ya do\u011fru (9000 km m\u0259saf\u0259) d&uuml;nyan\u0131n \u0259n b&ouml;y&uuml;k avtomobil y&uuml;r&uuml;\u015f&uuml;n&uuml; edibl\u0259r.<br \/>\nYol h\u0259r\u0259k\u0259ti &uuml;zr\u0259 ekspert, h&uuml;quq\u015f&uuml;nas \u018fr\u015fad H&uuml;seynov hesab edir ki, bu avtomobill\u0259ri o halda s\u0259n\u0259dl\u0259\u015fdirm\u0259k &ccedil;\u0259tinlik t&ouml;r\u0259d\u0259 bil\u0259r ki, bu avtomobill\u0259rin ya xaricd\u0259n g\u0259tiril\u0259rk\u0259n ilkin s\u0259n\u0259dl\u0259ri olmas\u0131n, ya idxal zaman\u0131 &ldquo;Avro 4&rdquo; standart\u0131na cavab verm\u0259sin, ya da g&ouml;mr&uuml;k &ouml;d\u0259ni\u015fi h\u0259yata ke&ccedil;irilm\u0259sin.<br \/>\nAvtomobill\u0259rin he&ccedil; olmasa ehtiyat hiss\u0259l\u0259rind\u0259n istifad\u0259 edilm\u0259sin\u0259 g\u0259ldikd\u0259 is\u0259, ekspert bunun yaln\u0131z ma\u015f\u0131n sahibinin raz\u0131l\u0131\u011f\u0131 \u0259sas\u0131nda ola bil\u0259c\u0259yini deyir. &ldquo;Qanun &ldquo;Avro 4&rdquo; standart\u0131na cavab verm\u0259y\u0259n avtomobill\u0259rin &ouml;lk\u0259y\u0259 g\u0259tirilm\u0259sini qada\u011fan edir. Bu bax\u0131mdan qanuna h&ouml;rm\u0259t olunmal\u0131d\u0131r. H\u0259r k\u0259s bunu anlay\u0131\u015fla qar\u015f\u0131lamal\u0131d\u0131r v\u0259 burada istisna ola bilm\u0259z. &Uuml;mumiyy\u0259tl\u0259, bu avtomobill\u0259r k&ouml;hn\u0259dirs\u0259, yarars\u0131z avtomobil kim\u0259 laz\u0131md\u0131r? M\u0259s\u0259l\u0259nin dig\u0259r t\u0259r\u0259fi is\u0259 onunla ba\u011fl\u0131d\u0131r ki, \u0259g\u0259r bu avtomobill\u0259r istifad\u0259y\u0259 yarars\u0131z idis\u0259, aidiyy\u0259ti d&ouml;vl\u0259t r\u0259smil\u0259ri onlar\u0131 q\u0259bul etm\u0259m\u0259li, geri qaytarmal\u0131 idil\u0259r. G&ouml;mr&uuml;k B\u0259yannam\u0259sin\u0259 g&ouml;r\u0259, Az\u0259rbaycana daxil olan istifad\u0259y\u0259 yarars\u0131z b&uuml;t&uuml;n avtomobill\u0259r geri qaytar\u0131lmal\u0131d\u0131r&rdquo;, &#8211; dey\u0259 ekspert bildirib.<br \/>\nBir m&uuml;dd\u0259t \u0259vv\u0259l avtomobill\u0259rin k\u0259ndl\u0259rd\u0259 \u0259kin-bi&ccedil;inl\u0259 m\u0259\u015f\u011ful olan k&ouml;&ccedil;k&uuml;nl\u0259r\u0259 verilm\u0259si t\u0259klif olunurdu. Lakin t\u0259klifl\u0259r havada qald\u0131. G&ouml;r&uuml;n&uuml;r, ma\u015f\u0131nlar tam &ccedil;&uuml;r&uuml;y\u0259n\u0259 q\u0259d\u0259r ya\u011f\u0131\u015f\u0131n, qar\u0131n alt\u0131nda saxlan\u0131lacaq v\u0259 son yeri zibillik olacaq.<\/p>\n","protected":false},"excerpt":{"rendered":"<p>Alman turistl\u0259rin az\u0259rbaycanl\u0131 m\u0259cburi k&ouml;&ccedil;k&uuml;nl\u0259r\u0259 h\u0259diyy\u0259 etdiyi avtomobill\u0259r bu q\u0131\u015f da ya\u011f\u0131\u015f\u0131n, qar\u0131n alt\u0131nda sahibini g&ouml;zl\u0259y\u0259c\u0259k. Ucnoqta.az x\u0259b\u0259r verir ki, art\u0131q 4 ildir bu ma\u015f\u0131nlar Bin\u0259q\u0259di rayonu \u0259razisind\u0259 dayanacaqda saxlan\u0131l\u0131r.&hellip;<\/p>\n","protected":false},"author":1,"featured_media":251278,"comment_status":"open","ping_status":"open","sticky":false,"template":"","format":"standard","meta":{"_lmt_disableupdate":"","_lmt_disable":"","footnotes":""},"categories":[101],"tags":[],"class_list":["post-40555","post","type-post","status-publish","format-standard","has-post-thumbnail","hentry","category-cemiyyet"],"_links":{"self":[{"href":"https:\/\/ucnoqta.az\/index.php?rest_route=\/wp\/v2\/posts\/40555","targetHints":{"allow":["GET"]}}],"collection":[{"href":"https:\/\/ucnoqta.az\/index.php?rest_route=\/wp\/v2\/posts"}],"about":[{"href":"https:\/\/ucnoqta.az\/index.php?rest_route=\/wp\/v2\/types\/post"}],"author":[{"embeddable":true,"href":"https:\/\/ucnoqta.az\/index.php?rest_route=\/wp\/v2\/users\/1"}],"replies":[{"embeddable":true,"href":"https:\/\/ucnoqta.az\/index.php?rest_route=%2Fwp%2Fv2%2Fcomments&post=40555"}],"version-history":[{"count":0,"href":"https:\/\/ucnoqta.az\/index.php?rest_route=\/wp\/v2\/posts\/40555\/revisions"}],"wp:featuredmedia":[{"embeddable":true,"href":"https:\/\/ucnoqta.az\/index.php?rest_route=\/wp\/v2\/media\/251278"}],"wp:attachment":[{"href":"https:\/\/ucnoqta.az\/index.php?rest_route=%2Fwp%2Fv2%2Fmedia&parent=40555"}],"wp:term":[{"taxonomy":"category","embeddable":true,"href":"https:\/\/ucnoqta.az\/index.php?rest_route=%2Fwp%2Fv2%2Fcategories&post=40555"},{"taxonomy":"post_tag","embeddable":true,"href":"https:\/\/ucnoqta.az\/index.php?rest_route=%2Fwp%2Fv2%2Ftags&post=40555"}],"curies":[{"name":"wp","href":"https:\/\/api.w.org\/{rel}","templated":true}]}}