{"id":40550,"date":"2016-11-23T14:47:59","date_gmt":"2016-11-23T10:47:59","guid":{"rendered":""},"modified":"-0001-11-30T00:00:00","modified_gmt":"-0001-11-29T20:00:00","slug":"","status":"publish","type":"post","link":"https:\/\/ucnoqta.az\/?p=40550","title":{"rendered":"\u201cLeyli v\u0259 M\u0259cnun\u201d G\u0259nc Tama\u015fa\u00e7\u0131lar Teatr\u0131nda"},"content":{"rendered":"<p><span style=\"line-height: 1.6em;\">X\u0259b\u0259r verdiyimiz kimi Az\u0259rbaycan D&ouml;vl\u0259t G\u0259nc Tama\u015fa&ccedil;\u0131lar Teatr\u0131nda g&ouml;rk\u0259mli Az\u0259rbaycan \u015fairi M\u0259h\u0259mm\u0259d F&uuml;zulinin &ldquo;Leyli v\u0259 M\u0259cnun&rdquo; poemas\u0131 \u0259sas\u0131nda ilk d\u0259f\u0259 olaraq dramatik janrda haz\u0131rlanan eyniadl\u0131 tama\u015fan\u0131n son haz\u0131rl\u0131q prosesi yekunla\u015fmaq &uuml;zr\u0259dir.&nbsp;<\/span><br \/>\n<span style=\"line-height: 1.6em;\">Teatr\u0131n 2016-c\u0131 il repertuar plan\u0131nda haz\u0131rlanmas\u0131 n\u0259z\u0259rd\u0259 tutulan &ldquo;Leyli v\u0259 M\u0259cnun&rdquo; tama\u015fas\u0131n\u0131n qurulu\u015f&ccedil;u rejissoru, \u018fm\u0259kdar Artist Nicat Kaz\u0131mov olan tama\u015fan\u0131n musiqi t\u0259rtibat&ccedil;\u0131s\u0131 Kamil \u0130smay\u0131lov, m\u0259sl\u0259h\u0259t&ccedil;isi \u0130lqar F\u0259hmi, d&ouml;y&uuml;\u015fl\u0259rin qurulu\u015f&ccedil;usu \u0130sa \u018fs\u0259dov, rejissoru M&uuml;\u015ffiq \u018fliyev, rejissor assistenti G&uuml;nay Qas\u0131movad\u0131r. &nbsp;<\/span><\/p>\n<p><span style=\"line-height: 20.8px;\">Teatr\u0131n m\u0259tbuat xidm\u0259tind\u0259n ucnoqta.az-a veril\u0259n m\u0259lumata g&ouml;r\u0259, y<\/span>eni s\u0259hn\u0259 \u0259s\u0259rind\u0259 \u0259sas obrazlar\u0131 \u018fm\u0259kdar artistl\u0259r Naib\u0259 Allahverdiyeva, Leyli V\u0259liyeva, Nicat Kazimov, Nof\u0259l V\u0259liyev, El\u015f\u0259n R&uuml;st\u0259mov, Rasim C\u0259f\u0259rov, aktyorlar R\u0259zzaq M\u0259mm\u0259dov, R&ouml;v\u015f\u0259n Abbasov, Elnur K\u0259rimov, R\u0259\u015fad S\u0259f\u0259rov, Mehriban H&uuml;seynova, Mehriban Abdullayeva, Sevinc Mehr\u0259liyeva, B\u0259hram H\u0259s\u0259nov, S\u0259bin\u0259 M\u0259mm\u0259dova, Asya Ataki\u015fiyeva, El\u015f\u0259n &Ccedil;arhanl\u0131, Nuriyy\u0259 \u018fliyeva, \u015e\u0259bn\u0259m H&uuml;seynova, K&ouml;n&uuml;l \u018fbilova, Venera Abbasova, H&uuml;sniyy\u0259 \u018fhm\u0259dova, K\u0259r\u0259m Had\u0131zad\u0259, Elnur H&uuml;seynov, El\u015f\u0259n \u015e\u0131x\u0259liyev, Ramil M\u0259mm\u0259dov, Manaf Dada\u015fov, M&uuml;\u015ffiq \u018fliyev, V&uuml;qar M\u0259mm\u0259d\u0259liyev, Anar S\u0259fiyev, Elg&uuml;n Y\u0259hyayev, G&uuml;lb\u0259niz Mustafayeva, Zemfira \u018fbd&uuml;ls\u0259m\u0259dova E\u015fqin Quliyev, Ceyhun M\u0259mm\u0259dov, Mirz\u0259a\u011fa Mirz\u0259yev, Ayg&uuml;n F\u0259tullayeva, Nuran\u0259 H&uuml;seynova, Feyruz M\u0259mm\u0259dov ifa ed\u0259c\u0259kl\u0259r.<br \/>\n&Uuml;mumilikd\u0259 bu m&ouml;ht\u0259\u015f\u0259m m\u0259h\u0259bb\u0259t dastan\u0131nda kollektivin 50-d\u0259n art\u0131q aktyor hey\u0259ti rol al\u0131b.&nbsp;<br \/>\nIki hiss\u0259li &ldquo;Leyli v\u0259 M\u0259cnun&rdquo; tama\u015fas\u0131n\u0131n premyeras\u0131 dekabr ay\u0131n\u0131n 3-d\u0259 saat 19.00-da ba\u015f tutacaqd\u0131r.<\/p>\n<p>&nbsp;<\/p>\n<p>&nbsp; &nbsp; &nbsp; &nbsp; &nbsp; &nbsp; &nbsp; &nbsp; &nbsp; &nbsp; &nbsp; &nbsp; &nbsp; &nbsp; &nbsp; &nbsp; &nbsp; &nbsp; &nbsp; &nbsp; &nbsp; &nbsp; &nbsp; &nbsp; &nbsp; &nbsp; &nbsp; &nbsp; &nbsp; &nbsp; &nbsp; &nbsp; &nbsp; &nbsp;&nbsp;<\/p>\n","protected":false},"excerpt":{"rendered":"<p>X\u0259b\u0259r verdiyimiz kimi Az\u0259rbaycan D&ouml;vl\u0259t G\u0259nc Tama\u015fa&ccedil;\u0131lar Teatr\u0131nda g&ouml;rk\u0259mli Az\u0259rbaycan \u015fairi M\u0259h\u0259mm\u0259d F&uuml;zulinin &ldquo;Leyli v\u0259 M\u0259cnun&rdquo; poemas\u0131 \u0259sas\u0131nda ilk d\u0259f\u0259 olaraq dramatik janrda haz\u0131rlanan eyniadl\u0131 tama\u015fan\u0131n son haz\u0131rl\u0131q prosesi yekunla\u015fmaq&hellip;<\/p>\n","protected":false},"author":1,"featured_media":251278,"comment_status":"open","ping_status":"open","sticky":false,"template":"","format":"standard","meta":{"_lmt_disableupdate":"","_lmt_disable":"","footnotes":""},"categories":[102],"tags":[],"class_list":["post-40550","post","type-post","status-publish","format-standard","has-post-thumbnail","hentry","category-medeniyyet-butun-xeberler"],"_links":{"self":[{"href":"https:\/\/ucnoqta.az\/index.php?rest_route=\/wp\/v2\/posts\/40550","targetHints":{"allow":["GET"]}}],"collection":[{"href":"https:\/\/ucnoqta.az\/index.php?rest_route=\/wp\/v2\/posts"}],"about":[{"href":"https:\/\/ucnoqta.az\/index.php?rest_route=\/wp\/v2\/types\/post"}],"author":[{"embeddable":true,"href":"https:\/\/ucnoqta.az\/index.php?rest_route=\/wp\/v2\/users\/1"}],"replies":[{"embeddable":true,"href":"https:\/\/ucnoqta.az\/index.php?rest_route=%2Fwp%2Fv2%2Fcomments&post=40550"}],"version-history":[{"count":0,"href":"https:\/\/ucnoqta.az\/index.php?rest_route=\/wp\/v2\/posts\/40550\/revisions"}],"wp:featuredmedia":[{"embeddable":true,"href":"https:\/\/ucnoqta.az\/index.php?rest_route=\/wp\/v2\/media\/251278"}],"wp:attachment":[{"href":"https:\/\/ucnoqta.az\/index.php?rest_route=%2Fwp%2Fv2%2Fmedia&parent=40550"}],"wp:term":[{"taxonomy":"category","embeddable":true,"href":"https:\/\/ucnoqta.az\/index.php?rest_route=%2Fwp%2Fv2%2Fcategories&post=40550"},{"taxonomy":"post_tag","embeddable":true,"href":"https:\/\/ucnoqta.az\/index.php?rest_route=%2Fwp%2Fv2%2Ftags&post=40550"}],"curies":[{"name":"wp","href":"https:\/\/api.w.org\/{rel}","templated":true}]}}