{"id":37855,"date":"2016-09-22T10:10:56","date_gmt":"2016-09-22T06:10:56","guid":{"rendered":""},"modified":"-0001-11-30T00:00:00","modified_gmt":"-0001-11-29T20:00:00","slug":"","status":"publish","type":"post","link":"https:\/\/ucnoqta.az\/?p=37855","title":{"rendered":"<font color=red><b>Meksika parlamentind\u0259 Az\u0259rbaycanla Dostluq Qrupunun t\u0259sis olunmas\u0131na dair akt imzalan\u0131b<\/b><\/font>"},"content":{"rendered":"<p><span style=\"line-height: 1.6em;\">Meksika Konqresi Deputatlar Palatas\u0131nda Meksika-Az\u0259rbaycan Dostluq Qrupunun t\u0259sis edilm\u0259si il\u0259 \u0259laq\u0259dar t\u0259dbir ke&ccedil;irilib.<\/span><\/p>\n<p>Az\u0259rbaycan\u0131n Meksikadak\u0131 s\u0259firliyind\u0259n &quot;Report&quot;a veril\u0259n m\u0259lumata g&ouml;r\u0259, Dostluq Qrupunun s\u0259dri, Mi&ccedil;oakan \u015ftat\u0131n\u0131n deputat\u0131 Alfredo Anaya Orosko (\u0130nqilabi \u0130nstitusional Partiyas\u0131 &#8211; Partido Revolucionario Institucional- PRI) bildirib ki, Dostluq Qrupunun t\u0259sis edilm\u0259si iki &ouml;lk\u0259 aras\u0131nda \u0259m\u0259kda\u015fl\u0131\u011f\u0131n inki\u015faf\u0131na g&ouml;st\u0259ril\u0259n y&uuml;ks\u0259k diqq\u0259tin, qar\u015f\u0131l\u0131ql\u0131 mara\u011f\u0131n g&ouml;st\u0259ricisidir. Bu bax\u0131mdan, qrupun t\u0259sis edilm\u0259si haz\u0131rda m&ouml;vcud olan dostluq \u0259laq\u0259l\u0259rinin m&ouml;hk\u0259ml\u0259nm\u0259sin\u0259 v\u0259 iki xalq\u0131n bir-birini daha yax\u0131ndan tan\u0131mas\u0131na xidm\u0259t ed\u0259c\u0259k.<\/p>\n<p>O qeyd edib ki, Az\u0259rbaycan\u0131n tarix boyunca inki\u015faf\u0131, &ouml;n\u0259mi v\u0259 \u0130slam d&uuml;nyas\u0131 &uuml;&ccedil;&uuml;n n&uuml;mun\u0259 olmas\u0131 t\u0259qdir\u0259layiq hald\u0131r: &quot;Az\u0259rbaycan z\u0259ngin v\u0259 q\u0259dim m\u0259d\u0259ni irs\u0259 malikdir, el\u0259c\u0259 d\u0259, m&uuml;s\u0259lman &ouml;lk\u0259l\u0259ri aras\u0131nda y&uuml;ks\u0259k dini tolerantl\u0131q m\u0259kan\u0131d\u0131r. 1918-ci ild\u0259 t\u0259sis edilmi\u015f Az\u0259rbaycan Demokratik C&uuml;mhuriyy\u0259ti m&uuml;s\u0259lman d&uuml;nyas\u0131n\u0131n ilk demokratik respublikas\u0131d\u0131r. M&uuml;st\u0259qilliyin \u0259ld\u0259 edilm\u0259sind\u0259n sonra MDB v\u0259 \u015e\u0259rqi Avropan\u0131n dig\u0259r &ouml;lk\u0259l\u0259ri il\u0259 m&uuml;qayis\u0259d\u0259 Az\u0259rbaycanda insan inki\u015faf\u0131 indeksi, iqtisadi inki\u015faf v\u0259 savadl\u0131l\u0131q y&uuml;ks\u0259k s\u0259viyy\u0259y\u0259 &ccedil;at\u0131b, i\u015fsizliyin v\u0259 cinay\u0259tin a\u015fa\u011f\u0131 s\u0259viyy\u0259si qeyd\u0259 al\u0131n\u0131b&quot;.<\/p>\n<p>A.Orosko Meksikan\u0131n b&uuml;t&uuml;n tarixi boyunca a&ccedil;\u0131q xarici siyas\u0259t y&uuml;r&uuml;td&uuml;y&uuml;n&uuml;, diplomatik m&uuml;nasib\u0259tl\u0259rin beyn\u0259lxalq ictimaiyy\u0259t\u0259 xidm\u0259t missiyas\u0131n\u0131n bir hiss\u0259si oldu\u011funu bildirib. O, vur\u011fulay\u0131b ki, Meksika v\u0259 Az\u0259rbaycan aras\u0131nda diplomatik \u0259laq\u0259l\u0259rin qurulmas\u0131ndan 24 il &ouml;t&uuml;r: &quot;O vaxtdan b\u0259ri, h\u0259r iki xalq iqtisadi-ticari v\u0259 t\u0259hsil sah\u0259l\u0259rind\u0259, el\u0259c\u0259 d\u0259, turizmin t\u0259\u015fviqi, univeristetl\u0259raras\u0131 v\u0259 m\u0259d\u0259niyy\u0259t sah\u0259sind\u0259 m&uuml;badil\u0259d\u0259 \u0259m\u0259kda\u015fl\u0131q \u0259laq\u0259l\u0259rinin qurulmas\u0131 &uuml;&ccedil;&uuml;n g&uuml;cl&uuml; irad\u0259 n&uuml;mayi\u015f etdirib v\u0259 art\u0131q iki &ouml;lk\u0259 aras\u0131nda qar\u015f\u0131l\u0131ql\u0131 h&ouml;rm\u0259t v\u0259 etibarl\u0131 t\u0259r\u0259fda\u015fl\u0131q prinsipl\u0259rin\u0259 \u0259saslanan dostluq m&uuml;nasib\u0259tl\u0259rinin formala\u015fd\u0131\u011f\u0131n\u0131, iqtisadi-ticar\u0259t \u0259laq\u0259l\u0259rinin daha da geni\u015fl\u0259ndirilm\u0259si &uuml;&ccedil;&uuml;n \u0259lveri\u015fli siyasi z\u0259min m&ouml;vcuddur&quot;.<\/p>\n<p>Az\u0259rbaycan\u0131n Meksikadak\u0131 s\u0259firliyinin m&uuml;v\u0259qq\u0259ti i\u015fl\u0259r v\u0259kili Mehriban S\u0259m\u0259dova Dostluq Qrupunun yarad\u0131lmas\u0131 il\u0259 ba\u011fl\u0131 m\u0259mnuniyy\u0259tini dil\u0259 g\u0259tirib. O BildiriB ki, bu g&uuml;n Az\u0259rbaycan regionun apar\u0131c\u0131 d&ouml;vl\u0259tidir. C\u0259nubi Qafqazda h\u0259yata ke&ccedil;iril\u0259n b&uuml;t&uuml;n irimiqyasl\u0131 layih\u0259l\u0259r Az\u0259rbaycan\u0131n i\u015ftirak\u0131 il\u0259 h\u0259yata ke&ccedil;irilir v\u0259 &ouml;lk\u0259d\u0259 b&uuml;t&uuml;n sah\u0259l\u0259rd\u0259 s&uuml;r\u0259tli inki\u015faf gedir: &quot;Dostluq Qrupunun t\u0259sis edilm\u0259si &ouml;lk\u0259l\u0259rimiz aras\u0131nda ikit\u0259r\u0259fli m&uuml;nasib\u0259tl\u0259rin m&ouml;hk\u0259ml\u0259nm\u0259sin\u0259, iqtisadi, ticari, turizim v\u0259 m\u0259d\u0259niyy\u0259t sah\u0259sind\u0259 \u0259m\u0259kda\u015fl\u0131q m&uuml;qavil\u0259l\u0259rinin imzlanmas\u0131na v\u0259 qar\u015f\u0131l\u0131ql\u0131 s\u0259f\u0259rl\u0259rin t\u0259\u015fkil edilm\u0259sin\u0259 m&uuml;h&uuml;m t&ouml;hf\u0259 olacaq&quot;.<\/p>\n<p>M.S\u0259m\u0259dova Az\u0259rbaycan H&ouml;kum\u0259ti t\u0259r\u0259find\u0259n Lat\u0131n Amerikas\u0131nda ilk olaraq 2008-ci ild\u0259 Meksikada S\u0259firliyin a&ccedil;\u0131ld\u0131\u011f\u0131n\u0131 v\u0259 bunun iki &ouml;lk\u0259 aras\u0131nda \u0259m\u0259kda\u015fl\u0131\u011f\u0131n inki\u015faf\u0131na g&ouml;st\u0259ril\u0259n y&uuml;ks\u0259k diqq\u0259tin, qar\u015f\u0131l\u0131ql\u0131mara\u011f\u0131n g&ouml;st\u0259ricisioldu\u011funu vur\u011fulay\u0131b.<\/p>\n<p>S\u0259firliyin f\u0259aliyy\u0259t\u0259 ba\u015flamas\u0131n\u0131n parlamentl\u0259raras\u0131 \u0259laq\u0259l\u0259rin inki\u015faf\u0131na t\u0259kan verm\u0259sind\u0259n v\u0259 Erm\u0259nistan\u0131n Az\u0259rbaycana qar\u015f\u0131 t\u0259cav&uuml;z&uuml;nd\u0259n s&ouml;z a&ccedil;an M.S\u0259m\u0259dova m\u0259s\u0259l\u0259y\u0259 dair Meksika Konqresi Deputatlar Palatas\u0131nda 2011-ci ild\u0259 q\u0259bul edil\u0259n q\u0259tnam\u0259 bar\u0259d\u0259 m\u0259lumat verib. O bildirib ki, h\u0259min q\u0259tnam\u0259d\u0259 Az\u0259rbaycan\u0131n Da\u011fl\u0131q Qaraba\u011f v\u0259 \u0259traf\u0131ndak\u0131 7 rayonun Erm\u0259nistan t\u0259r\u0259find\u0259n i\u015f\u011fal edilm\u0259si, az\u0259rbaycanl\u0131 \u0259halinin, x&uuml;sus\u0259n d\u0259 Xocal\u0131 soyq\u0131r\u0131m\u0131 zaman\u0131 &ouml;ld&uuml;r&uuml;lm\u0259si, fiziki z\u0259r\u0259r v\u0259 m\u0259n\u0259vi \u0259zab verilm\u0259si, habel\u0259 1994-c&uuml; ild\u0259 ba\u011flanm\u0131\u015f at\u0259\u015fk\u0259s rejiminin Erm\u0259nistan t\u0259r\u0259find\u0259n pozulmas\u0131 pisl\u0259nilir. Q\u0259tnam\u0259nin Az\u0259rbaycan xalq\u0131 v\u0259 d&ouml;vl\u0259tin\u0259, m&uuml;naqi\u015f\u0259nin \u0259dal\u0259tli h\u0259lli prosesin\u0259 b&ouml;y&uuml;k siyasi v\u0259 m\u0259n\u0259vi d\u0259st\u0259k oldu\u011funu diqq\u0259t\u0259 &ccedil;atd\u0131r\u0131b. Deputatlar Palatas\u0131na &ouml;z t\u0259\u015f\u0259kk&uuml;r&uuml;n&uuml; ifad\u0259 edib.<\/p>\n<p>Meksika Xarici \u0130\u015fl\u0259r Nazirliyinin Avropa \u0130dar\u0259si r\u0259sinin m&uuml;avini Alexandro Masias Orteqa qeyd edib ki, Dostluq Qrupunun t\u0259sis edilm\u0259si 21-ci \u0259srd\u0259 diplomatik sah\u0259d\u0259 \u0259m\u0259kda\u015fl\u0131q &uuml;&ccedil;&uuml;n x&uuml;susi &ouml;n\u0259m\u0259 sahibdir. Bel\u0259 ki, iki xalq aras\u0131nda icraedici, qanunverici v\u0259 dig\u0259r sah\u0259l\u0259rd\u0259 birg\u0259 daha yax\u015f\u0131 v\u0259 s\u0131x \u015f\u0259kild\u0259 \u0259m\u0259kda\u015fl\u0131q etm\u0259k &uuml;&ccedil;&uuml;n vacib amildir.<\/p>\n<p>Qeyd ed\u0259k ki, Dostluq Qrupa Mi&ccedil;oakan \u015ftat\u0131n\u0131n deputat\u0131 Alfredo Anaya Orosko s\u0259drlik ed\u0259c\u0259k. &Uuml;mumilikd\u0259 10 deputatdan ibar\u0259t qrupun be\u015f &uuml;zv&uuml; Meksikada haz\u0131rda iqtidarda olan &ldquo;\u0130nqilabi \u0130nstitusional Partiyas\u0131&rdquo; (Partido Revolucionario Institucional&ndash; PRI) siyasi partiyas\u0131n\u0131 t\u0259msil edir.<\/p>\n","protected":false},"excerpt":{"rendered":"<p>Meksika Konqresi Deputatlar Palatas\u0131nda Meksika-Az\u0259rbaycan Dostluq Qrupunun t\u0259sis edilm\u0259si il\u0259 \u0259laq\u0259dar t\u0259dbir ke&ccedil;irilib. Az\u0259rbaycan\u0131n Meksikadak\u0131 s\u0259firliyind\u0259n &quot;Report&quot;a veril\u0259n m\u0259lumata g&ouml;r\u0259, Dostluq Qrupunun s\u0259dri, Mi&ccedil;oakan \u015ftat\u0131n\u0131n deputat\u0131 Alfredo Anaya Orosko (\u0130nqilabi&hellip;<\/p>\n","protected":false},"author":1,"featured_media":251278,"comment_status":"open","ping_status":"open","sticky":false,"template":"","format":"standard","meta":{"_lmt_disableupdate":"","_lmt_disable":"","footnotes":""},"categories":[86],"tags":[],"class_list":["post-37855","post","type-post","status-publish","format-standard","has-post-thumbnail","hentry","category-siyaset"],"_links":{"self":[{"href":"https:\/\/ucnoqta.az\/index.php?rest_route=\/wp\/v2\/posts\/37855","targetHints":{"allow":["GET"]}}],"collection":[{"href":"https:\/\/ucnoqta.az\/index.php?rest_route=\/wp\/v2\/posts"}],"about":[{"href":"https:\/\/ucnoqta.az\/index.php?rest_route=\/wp\/v2\/types\/post"}],"author":[{"embeddable":true,"href":"https:\/\/ucnoqta.az\/index.php?rest_route=\/wp\/v2\/users\/1"}],"replies":[{"embeddable":true,"href":"https:\/\/ucnoqta.az\/index.php?rest_route=%2Fwp%2Fv2%2Fcomments&post=37855"}],"version-history":[{"count":0,"href":"https:\/\/ucnoqta.az\/index.php?rest_route=\/wp\/v2\/posts\/37855\/revisions"}],"wp:featuredmedia":[{"embeddable":true,"href":"https:\/\/ucnoqta.az\/index.php?rest_route=\/wp\/v2\/media\/251278"}],"wp:attachment":[{"href":"https:\/\/ucnoqta.az\/index.php?rest_route=%2Fwp%2Fv2%2Fmedia&parent=37855"}],"wp:term":[{"taxonomy":"category","embeddable":true,"href":"https:\/\/ucnoqta.az\/index.php?rest_route=%2Fwp%2Fv2%2Fcategories&post=37855"},{"taxonomy":"post_tag","embeddable":true,"href":"https:\/\/ucnoqta.az\/index.php?rest_route=%2Fwp%2Fv2%2Ftags&post=37855"}],"curies":[{"name":"wp","href":"https:\/\/api.w.org\/{rel}","templated":true}]}}