{"id":37853,"date":"2016-09-22T09:55:41","date_gmt":"2016-09-22T05:55:41","guid":{"rendered":""},"modified":"-0001-11-30T00:00:00","modified_gmt":"-0001-11-29T20:00:00","slug":"","status":"publish","type":"post","link":"https:\/\/ucnoqta.az\/?p=37853","title":{"rendered":"<b>Az\u0259rbaycan\u0131n s\u0259rb\u0259st g\u00fcl\u0259\u015f\u00e7isi Makedoniyada ke\u00e7iril\u0259n h\u0259rb\u00e7il\u0259rin d\u00fcnya \u00e7empionat\u0131nda q\u0131z\u0131l medal qazan\u0131b<font color=red>&#8211; FOTO<\/font><\/b>"},"content":{"rendered":"<p><span style=\"line-height: 1.6em;\">Makedoniyan\u0131n paytaxt\u0131 Skopye \u015f\u0259h\u0259rinin \u0259n b&ouml;y&uuml;k idman arenalar\u0131ndan biri Boris Traykovski ad\u0131na \u0130dman M\u0259rk\u0259zind\u0259 Beyn\u0259lxalq H\u0259rbi \u0130dman \u015euras\u0131n\u0131n (C\u0130SM) himay\u0259si alt\u0131nda ke&ccedil;iril\u0259n g&uuml;l\u0259\u015f &uuml;zr\u0259 h\u0259rb&ccedil;il\u0259rin 31-ci d&uuml;nya &ccedil;empionat\u0131n\u0131n t\u0259nt\u0259n\u0259li a&ccedil;\u0131l\u0131\u015f m\u0259rasimi olub.<\/span><\/p>\n<p>Bu bar\u0259d\u0259 Az\u0259rbaycan M&uuml;dafi\u0259 Nazirliyinin m\u0259tbuat xidm\u0259tind\u0259n m\u0259lumat verilib.<\/p>\n<p>A&ccedil;\u0131l\u0131\u015f m\u0259rasimind\u0259 Makedoniyan\u0131n h&ouml;kum\u0259t n&uuml;may\u0259nd\u0259l\u0259ri, bu &ouml;lk\u0259nin M&uuml;dafi\u0259 Nazirliyinin r\u0259hb\u0259rliyi, C\u0130SM-in v\u0259 i\u015ftirak&ccedil;\u0131 &ouml;lk\u0259l\u0259rin n&uuml;may\u0259nd\u0259l\u0259ri i\u015ftirak edibl\u0259r.<\/p>\n<p>&Ccedil;\u0131x\u0131\u015f ed\u0259nl\u0259r yar\u0131\u015f\u0131n \u0259h\u0259miyy\u0259tind\u0259n dan\u0131\u015f\u0131b v\u0259 idman&ccedil;\u0131lara u\u011furlar arzulay\u0131blar.<\/p>\n<p>H\u0259min g&uuml;n Az\u0259rbaycan\u0131n 4 s\u0259rb\u0259st g&uuml;l\u0259\u015f&ccedil;isi yar\u0131\u015flara qat\u0131l\u0131b. Onlardan A\u011fah&uuml;seyin Mustafayev 65 kiloqram, Co\u015fqun \u018fzimov 70 kiloqram &ccedil;\u0259ki d\u0259r\u0259c\u0259l\u0259rind\u0259 b&uuml;t&uuml;n r\u0259qibl\u0259rini m\u0259\u011flub ed\u0259r\u0259k finala v\u0259siq\u0259 qazan\u0131blar.<\/p>\n<p>Final g&ouml;r&uuml;\u015f&uuml;nd\u0259 A\u011fah&uuml;seyn Mustafayev \u015eimali Koreya idman&ccedil;\u0131s\u0131 Gvanq Kin\u0259 8:5 hesab\u0131 il\u0259 qalib g\u0259l\u0259r\u0259k 65 kiloqramda d&uuml;nya &ccedil;empionu olub.<\/p>\n<p>Co\u015fqun \u018fzimov is\u0259 final g&ouml;r&uuml;\u015f&uuml;nd\u0259 Rusiya idman&ccedil;\u0131s\u0131 Maqamed Qurban\u0259liyev\u0259 m\u0259\u011flub olaraq ikinci yerl\u0259 kifay\u0259tl\u0259nib.<\/p>\n<p>Xat\u0131rladaq ki, Az\u0259rbaycan\u0131n M&uuml;dafi\u0259 Nazirliyinin M\u0259rk\u0259zi Ordu \u0130dman Klubunun (MO\u0130K) komandas\u0131n\u0131n da qat\u0131ld\u0131\u011f\u0131 h\u0259rb&ccedil;il\u0259rin g&uuml;l\u0259\u015f &uuml;zr\u0259 31-ci d&uuml;nya &ccedil;empionat\u0131nda 35 &ouml;lk\u0259d\u0259n 300-d\u0259n &ccedil;ox idman&ccedil;\u0131 i\u015ftirak edir. Yar\u0131\u015f i\u015ftirak&ccedil;\u0131lar\u0131n\u0131n yar\u0131dan &ccedil;oxu Olimpiya, d&uuml;nya v\u0259 Avropa &ccedil;empionatlar\u0131n\u0131n m&uuml;kafat&ccedil;\u0131lar\u0131d\u0131rlar. D&uuml;nya &ccedil;empionat\u0131nda s\u0259rb\u0259st g&uuml;l\u0259\u015f yar\u0131\u015flar\u0131nda ilk d\u0259f\u0259 qad\u0131n h\u0259rb&ccedil;i idman&ccedil;\u0131lar da 8 &ccedil;\u0259ki d\u0259r\u0259c\u0259si &uuml;zr\u0259 i\u015ftirak edirl\u0259r.<\/p>\n<p>Az\u0259rbaycan n&uuml;may\u0259nd\u0259 hey\u0259tinin r\u0259hb\u0259ri, MO\u0130K-in r\u0259isi polkovnik-leytenant R\u0259\u015fad Quliyev, s\u0259rb\u0259st g&uuml;l\u0259\u015f &uuml;zr\u0259 komandam\u0131z\u0131n r\u0259hb\u0259ri Nazim \u018flicanov, yunan-Roma g&uuml;l\u0259\u015fi &uuml;zr\u0259 komandam\u0131z\u0131n r\u0259hb\u0259ri is\u0259 Taleh \u0130srafilovdur. H\u0259m&ccedil;inin d&uuml;nya &ccedil;empionat\u0131nda Az\u0259rbaycan n&uuml;may\u0259nd\u0259 hey\u0259tinin t\u0259rkibin\u0259 beyn\u0259lxalq d\u0259r\u0259c\u0259li hakim Elman \u0130smay\u0131lov da daxildir.<\/p>\n","protected":false},"excerpt":{"rendered":"<p>Makedoniyan\u0131n paytaxt\u0131 Skopye \u015f\u0259h\u0259rinin \u0259n b&ouml;y&uuml;k idman arenalar\u0131ndan biri Boris Traykovski ad\u0131na \u0130dman M\u0259rk\u0259zind\u0259 Beyn\u0259lxalq H\u0259rbi \u0130dman \u015euras\u0131n\u0131n (C\u0130SM) himay\u0259si alt\u0131nda ke&ccedil;iril\u0259n g&uuml;l\u0259\u015f &uuml;zr\u0259 h\u0259rb&ccedil;il\u0259rin 31-ci d&uuml;nya &ccedil;empionat\u0131n\u0131n t\u0259nt\u0259n\u0259li a&ccedil;\u0131l\u0131\u015f&hellip;<\/p>\n","protected":false},"author":1,"featured_media":251278,"comment_status":"open","ping_status":"open","sticky":false,"template":"","format":"standard","meta":{"_lmt_disableupdate":"","_lmt_disable":"","footnotes":""},"categories":[90],"tags":[],"class_list":["post-37853","post","type-post","status-publish","format-standard","has-post-thumbnail","hentry","category-idman-butun-xeberler"],"_links":{"self":[{"href":"https:\/\/ucnoqta.az\/index.php?rest_route=\/wp\/v2\/posts\/37853","targetHints":{"allow":["GET"]}}],"collection":[{"href":"https:\/\/ucnoqta.az\/index.php?rest_route=\/wp\/v2\/posts"}],"about":[{"href":"https:\/\/ucnoqta.az\/index.php?rest_route=\/wp\/v2\/types\/post"}],"author":[{"embeddable":true,"href":"https:\/\/ucnoqta.az\/index.php?rest_route=\/wp\/v2\/users\/1"}],"replies":[{"embeddable":true,"href":"https:\/\/ucnoqta.az\/index.php?rest_route=%2Fwp%2Fv2%2Fcomments&post=37853"}],"version-history":[{"count":0,"href":"https:\/\/ucnoqta.az\/index.php?rest_route=\/wp\/v2\/posts\/37853\/revisions"}],"wp:featuredmedia":[{"embeddable":true,"href":"https:\/\/ucnoqta.az\/index.php?rest_route=\/wp\/v2\/media\/251278"}],"wp:attachment":[{"href":"https:\/\/ucnoqta.az\/index.php?rest_route=%2Fwp%2Fv2%2Fmedia&parent=37853"}],"wp:term":[{"taxonomy":"category","embeddable":true,"href":"https:\/\/ucnoqta.az\/index.php?rest_route=%2Fwp%2Fv2%2Fcategories&post=37853"},{"taxonomy":"post_tag","embeddable":true,"href":"https:\/\/ucnoqta.az\/index.php?rest_route=%2Fwp%2Fv2%2Ftags&post=37853"}],"curies":[{"name":"wp","href":"https:\/\/api.w.org\/{rel}","templated":true}]}}