{"id":37851,"date":"2016-09-22T09:30:17","date_gmt":"2016-09-22T05:30:17","guid":{"rendered":""},"modified":"-0001-11-30T00:00:00","modified_gmt":"-0001-11-29T20:00:00","slug":"","status":"publish","type":"post","link":"https:\/\/ucnoqta.az\/?p=37851","title":{"rendered":"<b><font color=blue>Elmar M\u0259mm\u0259dyarov: <\/font>&#8220;Erm\u0259nistan\u0131n A\u011fdamda ba\u015flad\u0131\u011f\u0131 h\u0259rbi t\u0259liml\u0259r dan\u0131\u015f\u0131qlar prosesini pozma\u011fa y\u00f6n\u0259lib&#8221;<\/b>"},"content":{"rendered":"<p style=\"line-height: 20.8px;\"><span style=\"line-height: 20.8px;\">Xarici i\u015fl\u0259r naziri Elmar M\u0259mm\u0259dyarov BMT Ba\u015f M\u0259clisinin 71-ci sessiyas\u0131nda i\u015ftirak\u0131 &ccedil;\u0259r&ccedil;iv\u0259sind\u0259 AT\u018fT-in Ba\u015f katibi Lamberto Zanier il\u0259 g&ouml;r&uuml;\u015f&uuml;b.<\/span><\/p>\n<p style=\"line-height: 20.8px;\">X\u0130N-d\u0259n veril\u0259n m\u0259lumata g&ouml;r\u0259, g&ouml;r&uuml;\u015fd\u0259 Az\u0259rbaycan v\u0259 AT\u018fT aras\u0131nda praktiki \u0259m\u0259kda\u015fl\u0131\u011f\u0131n inki\u015faf\u0131 v\u0259 AT\u018fT-in g&uuml;nd\u0259liyind\u0259 duran m\u0259s\u0259l\u0259l\u0259r \u0259traf\u0131nda geni\u015f fikir m&uuml;badil\u0259si apar\u0131l\u0131b.<\/p>\n<p style=\"line-height: 20.8px;\">Ba\u015f katib Lamberto Zanier AT\u018fT-in Az\u0259rbaycanla praktiki \u0259m\u0259kda\u015fl\u0131\u011f\u0131 davam etdirm\u0259k \u0259zmind\u0259 oldu\u011funu bildirib.<\/p>\n<p style=\"line-height: 20.8px;\">Nazir Elmar M\u0259mm\u0259dyarov Az\u0259rbaycan\u0131n da praktiki \u0259m\u0259kda\u015fl\u0131\u011f\u0131n inki\u015faf\u0131nda maraql\u0131 oldu\u011funu qeyd ed\u0259r\u0259k bu x&uuml;susda n\u0259qliyyat v\u0259 enerji d\u0259hlizl\u0259rinin inki\u015faf etdirilm\u0259si kimi sah\u0259l\u0259rd\u0259 \u0259m\u0259kda\u015fl\u0131q t\u0259dbirl\u0259rinin h\u0259yata ke&ccedil;irilm\u0259sinin faydal\u0131 ola bil\u0259c\u0259yini n\u0259z\u0259r\u0259 &ccedil;atd\u0131r\u0131b.<\/p>\n<p style=\"line-height: 20.8px;\">Vyana v\u0259 Sankt-Peterburq g&ouml;r&uuml;\u015fl\u0259rinin ruhuna uy\u011fun olaraq, Az\u0259rbaycan\u0131n m&ouml;vcud status-kvonun d\u0259yi\u015fdirilm\u0259si &uuml;&ccedil;&uuml;n substantiv dan\u0131\u015f\u0131qlara haz\u0131r oldu\u011funu dey\u0259n Elmar M\u0259mm\u0259dyarov Erm\u0259nistan\u0131n yen\u0259 d\u0259 dan\u0131\u015f\u0131qlara x\u0259l\u0259l g\u0259tirm\u0259k &uuml;&ccedil;&uuml;n destruktiv v\u0259 t\u0259xribat&ccedil;\u0131 siyas\u0259t y&uuml;r&uuml;td&uuml;y&uuml;n&uuml; vur\u011fulay\u0131b. Elmar M\u0259mm\u0259dyarov \u0259lav\u0259 edib ki, Erm\u0259nistan\u0131n Az\u0259rbaycan\u0131n i\u015f\u011fal olunmu\u015f A\u011fdam rayonunda ba\u015flad\u0131\u011f\u0131 h\u0259rbi m\u0259\u015fq v\u0259 t\u0259liml\u0259r dan\u0131\u015f\u0131qlar prosesini pozma\u011fa y&ouml;n\u0259lmi\u015f ciddi t\u0259xribatd\u0131r.<\/p>\n","protected":false},"excerpt":{"rendered":"<p>Xarici i\u015fl\u0259r naziri Elmar M\u0259mm\u0259dyarov BMT Ba\u015f M\u0259clisinin 71-ci sessiyas\u0131nda i\u015ftirak\u0131 &ccedil;\u0259r&ccedil;iv\u0259sind\u0259 AT\u018fT-in Ba\u015f katibi Lamberto Zanier il\u0259 g&ouml;r&uuml;\u015f&uuml;b. X\u0130N-d\u0259n veril\u0259n m\u0259lumata g&ouml;r\u0259, g&ouml;r&uuml;\u015fd\u0259 Az\u0259rbaycan v\u0259 AT\u018fT aras\u0131nda praktiki \u0259m\u0259kda\u015fl\u0131\u011f\u0131n&hellip;<\/p>\n","protected":false},"author":1,"featured_media":251278,"comment_status":"open","ping_status":"open","sticky":false,"template":"","format":"standard","meta":{"_lmt_disableupdate":"","_lmt_disable":"","footnotes":""},"categories":[86],"tags":[],"class_list":["post-37851","post","type-post","status-publish","format-standard","has-post-thumbnail","hentry","category-siyaset"],"_links":{"self":[{"href":"https:\/\/ucnoqta.az\/index.php?rest_route=\/wp\/v2\/posts\/37851","targetHints":{"allow":["GET"]}}],"collection":[{"href":"https:\/\/ucnoqta.az\/index.php?rest_route=\/wp\/v2\/posts"}],"about":[{"href":"https:\/\/ucnoqta.az\/index.php?rest_route=\/wp\/v2\/types\/post"}],"author":[{"embeddable":true,"href":"https:\/\/ucnoqta.az\/index.php?rest_route=\/wp\/v2\/users\/1"}],"replies":[{"embeddable":true,"href":"https:\/\/ucnoqta.az\/index.php?rest_route=%2Fwp%2Fv2%2Fcomments&post=37851"}],"version-history":[{"count":0,"href":"https:\/\/ucnoqta.az\/index.php?rest_route=\/wp\/v2\/posts\/37851\/revisions"}],"wp:featuredmedia":[{"embeddable":true,"href":"https:\/\/ucnoqta.az\/index.php?rest_route=\/wp\/v2\/media\/251278"}],"wp:attachment":[{"href":"https:\/\/ucnoqta.az\/index.php?rest_route=%2Fwp%2Fv2%2Fmedia&parent=37851"}],"wp:term":[{"taxonomy":"category","embeddable":true,"href":"https:\/\/ucnoqta.az\/index.php?rest_route=%2Fwp%2Fv2%2Fcategories&post=37851"},{"taxonomy":"post_tag","embeddable":true,"href":"https:\/\/ucnoqta.az\/index.php?rest_route=%2Fwp%2Fv2%2Ftags&post=37851"}],"curies":[{"name":"wp","href":"https:\/\/api.w.org\/{rel}","templated":true}]}}