{"id":37848,"date":"2016-09-22T09:15:30","date_gmt":"2016-09-22T05:15:30","guid":{"rendered":""},"modified":"-0001-11-30T00:00:00","modified_gmt":"-0001-11-29T20:00:00","slug":"","status":"publish","type":"post","link":"https:\/\/ucnoqta.az\/?p=37848","title":{"rendered":"<font color=blue><b>BMT-y\u0259 \u00fczv \u00f6lk\u0259l\u0259rin X\u0130N r\u0259hb\u0259rl\u0259ri n\u00f6vb\u0259ti ba\u015f katibin f\u0259aliyy\u0259tinin prioritetl\u0259rini m\u00fczakir\u0259 ed\u0259c\u0259kl\u0259r<\/b><\/font>"},"content":{"rendered":"<p><span style=\"line-height: 1.6em;\">C&uuml;m\u0259 ax\u015fam\u0131 BMT-nin Nyu-Yorkda yerl\u0259\u015f\u0259n ba\u015f q\u0259rargah\u0131nda qurumun Ba\u015f Assambleyas\u0131n\u0131n 1-ci sessiyas\u0131 &ccedil;\u0259r&ccedil;iv\u0259sind\u0259 &uuml;mumsiyasi m&uuml;zakir\u0259l\u0259r davam etdiril\u0259c\u0259k.<\/span><\/p>\n<p>Sessiya &quot;meydanlar\u0131&quot;nda BMT-y\u0259 &uuml;zv &ouml;lk\u0259l\u0259rin xarici i\u015fl\u0259r nazirl\u0259rinin i\u015ftirak\u0131 il\u0259 &quot;BMT-nin n&ouml;vb\u0259ti ba\u015f katibinin yeni g&uuml;nd\u0259lyi&quot; adl\u0131 simpozium ke&ccedil;iril\u0259c\u0259k.<\/p>\n<p>N&uuml;may\u0259nd\u0259 hey\u0259tl\u0259ri d&uuml;nya t\u0259\u015fkilat\u0131n\u0131n n&ouml;vb\u0259ti r\u0259hb\u0259rinin f\u0259aliyy\u0259tinin prioritetl\u0259rini m&uuml;zakir\u0259 ed\u0259c\u0259kl\u0259r.<\/p>\n<p>H\u0259m&ccedil;inin BMT-d\u0259 inki\u015faf h&uuml;ququ b\u0259yannam\u0259sinin 30 illiyi qeyd olunacaq.<\/p>\n<p>Eyni zamanda Rusiya t\u0259r\u0259find\u0259n t\u0259\u015fkil olunan qeyri-yolxucu x\u0259st\u0259likl\u0259rl\u0259 m&uuml;bariz\u0259 &uuml;zr\u0259 g&ouml;r&uuml;\u015f ke&ccedil;iril\u0259c\u0259k.<\/p>\n","protected":false},"excerpt":{"rendered":"<p>C&uuml;m\u0259 ax\u015fam\u0131 BMT-nin Nyu-Yorkda yerl\u0259\u015f\u0259n ba\u015f q\u0259rargah\u0131nda qurumun Ba\u015f Assambleyas\u0131n\u0131n 1-ci sessiyas\u0131 &ccedil;\u0259r&ccedil;iv\u0259sind\u0259 &uuml;mumsiyasi m&uuml;zakir\u0259l\u0259r davam etdiril\u0259c\u0259k. Sessiya &quot;meydanlar\u0131&quot;nda BMT-y\u0259 &uuml;zv &ouml;lk\u0259l\u0259rin xarici i\u015fl\u0259r nazirl\u0259rinin i\u015ftirak\u0131 il\u0259 &quot;BMT-nin n&ouml;vb\u0259ti ba\u015f&hellip;<\/p>\n","protected":false},"author":1,"featured_media":251278,"comment_status":"open","ping_status":"open","sticky":false,"template":"","format":"standard","meta":{"_lmt_disableupdate":"","_lmt_disable":"","footnotes":""},"categories":[86],"tags":[],"class_list":["post-37848","post","type-post","status-publish","format-standard","has-post-thumbnail","hentry","category-siyaset"],"_links":{"self":[{"href":"https:\/\/ucnoqta.az\/index.php?rest_route=\/wp\/v2\/posts\/37848","targetHints":{"allow":["GET"]}}],"collection":[{"href":"https:\/\/ucnoqta.az\/index.php?rest_route=\/wp\/v2\/posts"}],"about":[{"href":"https:\/\/ucnoqta.az\/index.php?rest_route=\/wp\/v2\/types\/post"}],"author":[{"embeddable":true,"href":"https:\/\/ucnoqta.az\/index.php?rest_route=\/wp\/v2\/users\/1"}],"replies":[{"embeddable":true,"href":"https:\/\/ucnoqta.az\/index.php?rest_route=%2Fwp%2Fv2%2Fcomments&post=37848"}],"version-history":[{"count":0,"href":"https:\/\/ucnoqta.az\/index.php?rest_route=\/wp\/v2\/posts\/37848\/revisions"}],"wp:featuredmedia":[{"embeddable":true,"href":"https:\/\/ucnoqta.az\/index.php?rest_route=\/wp\/v2\/media\/251278"}],"wp:attachment":[{"href":"https:\/\/ucnoqta.az\/index.php?rest_route=%2Fwp%2Fv2%2Fmedia&parent=37848"}],"wp:term":[{"taxonomy":"category","embeddable":true,"href":"https:\/\/ucnoqta.az\/index.php?rest_route=%2Fwp%2Fv2%2Fcategories&post=37848"},{"taxonomy":"post_tag","embeddable":true,"href":"https:\/\/ucnoqta.az\/index.php?rest_route=%2Fwp%2Fv2%2Ftags&post=37848"}],"curies":[{"name":"wp","href":"https:\/\/api.w.org\/{rel}","templated":true}]}}