{"id":37835,"date":"2016-09-22T01:17:10","date_gmt":"2016-09-21T21:17:10","guid":{"rendered":""},"modified":"-0001-11-30T00:00:00","modified_gmt":"-0001-11-29T20:00:00","slug":"","status":"publish","type":"post","link":"https:\/\/ucnoqta.az\/?p=37835","title":{"rendered":"<b>DAN\u0130B \u201cRegionlarda g\u0259ncl\u0259rin T\u0259\u015f\u0259bb\u00fcs Qruplar\u0131n\u0131n yarad\u0131lmas\u0131\u201d layih\u0259si \u00e7\u0259r\u00e7iv\u0259sind\u0259 t\u0259lim t\u0259\u015fkil edib<\/b>"},"content":{"rendered":"<p>Demokratik Az\u0259rbaycan Namin\u0259 g\u0259ncl\u0259rin \u0130ctimai Birliyinin (DAN\u0130B) &ldquo;Regionlarda g\u0259ncl\u0259rin T\u0259\u015f\u0259bb&uuml;s Qruplar\u0131n\u0131n yarad\u0131lmas\u0131 &uuml;zr\u0259 t\u0259liml\u0259r&rdquo; adl\u0131 layih\u0259si &ccedil;\u0259r&ccedil;iv\u0259sind\u0259 4 g&uuml;nl&uuml;k t\u0259lim t\u0259\u015fkil edib. T\u0259limin a&ccedil;\u0131l\u0131\u015f m\u0259rasimind\u0259 &ccedil;\u0131x\u0131\u015f ed\u0259n DAN\u0130B s\u0259dri Elm\u0259ddin Behbud t\u0259\u015fkilat\u0131n f\u0259aliyy\u0259t istiqam\u0259tl\u0259rind\u0259n, h\u0259yata ke&ccedil;iril\u0259n layih\u0259l\u0259rd\u0259n v\u0259 d&ouml;vl\u0259t g\u0259ncl\u0259r siyas\u0259tind\u0259n dan\u0131\u015f\u0131b. DAN\u0130B s\u0259dri g\u0259nc n\u0259slin m&uuml;asir v\u0259 m&uuml;st\u0259qil Az\u0259rbaycan\u0131n qurulmas\u0131nda yax\u0131ndan i\u015ftirak etdiyini qeyd edib.&nbsp;<\/p>\n<p>E.Behbud haz\u0131rda h\u0259yata ke&ccedil;irdikl\u0259ri layih\u0259nin GF-nin d\u0259st\u0259yi il\u0259 h\u0259yata ke&ccedil;irdikl\u0259ri 5-ci layih\u0259 oldu\u011funu qeyd edib.<br \/>\nLayih\u0259nin g\u0259ncl\u0259rin \u015f\u0259b\u0259k\u0259l\u0259\u015fm\u0259si v\u0259 regionlarda m&ouml;vcud olan probleml\u0259rin h\u0259lli &uuml;&ccedil;&uuml;n resurslar\u0131n birl\u0259\u015fdirilm\u0259si il\u0259 daha effektiv h\u0259lli yolunun tap\u0131lmas\u0131 bax\u0131m\u0131ndan \u0259h\u0259miyy\u0259tini vur\u011fulayan t\u0259\u015fkilat s\u0259dri g\u0259ncl\u0259ri f\u0259al olma\u011fa &ccedil;a\u011f\u0131r\u0131b: &ldquo;T\u0259limd\u0259 i\u015ftirak etm\u0259k &uuml;&ccedil;&uuml;n &ouml;lk\u0259nin m&uuml;xt\u0259lif \u015f\u0259h\u0259r v\u0259 rayonlar\u0131nda ya\u015fayan 300-\u0259 q\u0259d\u0259r g\u0259nc m&uuml;raci\u0259t etmi\u015fdi ki, bu da onlar\u0131n layih\u0259y\u0259 olan b&ouml;y&uuml;k mara\u011f\u0131n\u0131 g&ouml;st\u0259rir. D&uuml;\u015f&uuml;n&uuml;r&uuml;k ki, regional t\u0259\u015f\u0259bb&uuml;s qruplar\u0131 h\u0259m yerl\u0259\u015fdiyi b&ouml;lg\u0259d\u0259 g\u0259ncl\u0259rin ictimai aktivliyinin g&uuml;cl\u0259nm\u0259sin\u0259, v\u0259t\u0259nda\u015f c\u0259miyy\u0259tinin formala\u015fmas\u0131nda g\u0259ncl\u0259rin f\u0259all\u0131\u011f\u0131n\u0131n art\u0131r\u0131lmas\u0131na v\u0259 h\u0259md\u0259 g\u0259ncl\u0259r aras\u0131nda m&uuml;badil\u0259 v\u0259 qar\u015f\u0131l\u0131ql\u0131 \u0259m\u0259kda\u015fl\u0131q imkanlar\u0131n\u0131n y&uuml;ks\u0259lm\u0259sin\u0259, onlar\u0131n resurslar\u0131n\u0131 birl\u0259\u015fdirm\u0259sin\u0259 m&uuml;sb\u0259t t&ouml;hf\u0259 ver\u0259 bil\u0259r&rdquo;.<br \/>\n&Ouml;lk\u0259 \u0259halisinin 2,7 milyon n\u0259f\u0259rini v\u0259 ya 28,9 faizini ya\u015f\u0131 14-d\u0259n 29-d\u0259k olan \u015f\u0259xsl\u0259r t\u0259\u015fkil etdiyini dey\u0259n t\u0259\u015fkilat s\u0259dri d&ouml;vl\u0259t g\u0259ncl\u0259r siyas\u0259tinin m\u0259qs\u0259dinin &ouml;lk\u0259 g\u0259ncl\u0259rinin h\u0259rt\u0259r\u0259fli inki\u015faf etdirilm\u0259si oldu\u011funu bildirib.&nbsp;<br \/>\nAz\u0259rbaycan Respublikas\u0131n\u0131n Prezidenti yan\u0131nda G\u0259ncl\u0259r Fondunun sektor m&uuml;diri Orxan \u018fr\u0259bov d&ouml;vl\u0259tin g\u0259ncl\u0259r\u0259 olan qay\u011f\u0131s\u0131ndan s&ouml;z a&ccedil;araq t\u0259msil etdiyi qurumun f\u0259aliyy\u0259ti haqq\u0131nda \u0259trafl\u0131 m\u0259lumat verib. O. \u018fr\u0259bov g\u0259ncl\u0259ri d&ouml;vl\u0259tin yaratd\u0131\u011f\u0131 m&uuml;asir imkanlardan istifad\u0259 ed\u0259r\u0259k c\u0259miyy\u0259t &uuml;&ccedil;&uuml;n faydal\u0131 ola bil\u0259c\u0259k layih\u0259l\u0259rl\u0259 Fonda m&uuml;raci\u0259t etm\u0259y\u0259 &ccedil;a\u011f\u0131r\u0131b. &ldquo;Regionlarda g\u0259ncl\u0259rin T\u0259\u015f\u0259bb&uuml;s Qruplar\u0131n\u0131n yarad\u0131lmas\u0131 &uuml;zr\u0259 t\u0259liml\u0259r&rdquo; layih\u0259si &ccedil;\u0259r&ccedil;iv\u0259sind\u0259 ke&ccedil;iril\u0259n t\u0259limd\u0259 &ouml;lk\u0259nin m&uuml;xt\u0259lif regionlar\u0131n\u0131 t\u0259msil ed\u0259n (Samux, L\u0259nk\u0259ran, G&ouml;y&ccedil;ay, G\u0259nc\u0259, Saatl\u0131, F&uuml;zuli, Beyl\u0259qan, Ming\u0259&ccedil;evir, Ucar, Salyan, A\u011fstafa, Bil\u0259suvar) 20 g\u0259nc\u0259 4 g&uuml;n m&uuml;dd\u0259tind\u0259 qeyri- formal t\u0259hsil &uuml;sulu il\u0259 v\u0259t\u0259nda\u015f c\u0259miyy\u0259tinin \u0259sas &uuml;ns&uuml;rl\u0259rind\u0259n olan t\u0259\u015f\u0259bb&uuml;s qruplar\u0131n\u0131n yarad\u0131lma m\u0259qs\u0259di, f\u0259aliyy\u0259t dair\u0259si, v\u0259zif\u0259l\u0259ri v\u0259 g\u0259ncl\u0259rin ictimai t\u0259\u015f\u0259bb&uuml;skarl\u0131\u011f\u0131n\u0131n art\u0131r\u0131lmas\u0131ndak\u0131 rolu haqq\u0131nda z\u0259ruri m\u0259lumatlar verilib. T\u0259limin sonunda i\u015ftirak&ccedil;\u0131lara setfikatlar t\u0259qdim olunub.<br \/>\nQeyd ed\u0259k ki, layih\u0259yl\u0259 ba\u011fl\u0131 sosial \u015f\u0259b\u0259k\u0259l\u0259rd\u0259 g\u0259ncl\u0259r t\u0259r\u0259find\u0259n xeyli sayda r\u0259yl\u0259r yaz\u0131l\u0131b v\u0259 payla\u015f\u0131mlar edilib.<\/p>\n<p>&nbsp;<\/p>\n<p>Emin<\/p>\n","protected":false},"excerpt":{"rendered":"<p>Demokratik Az\u0259rbaycan Namin\u0259 g\u0259ncl\u0259rin \u0130ctimai Birliyinin (DAN\u0130B) &ldquo;Regionlarda g\u0259ncl\u0259rin T\u0259\u015f\u0259bb&uuml;s Qruplar\u0131n\u0131n yarad\u0131lmas\u0131 &uuml;zr\u0259 t\u0259liml\u0259r&rdquo; adl\u0131 layih\u0259si &ccedil;\u0259r&ccedil;iv\u0259sind\u0259 4 g&uuml;nl&uuml;k t\u0259lim t\u0259\u015fkil edib. T\u0259limin a&ccedil;\u0131l\u0131\u015f m\u0259rasimind\u0259 &ccedil;\u0131x\u0131\u015f ed\u0259n DAN\u0130B s\u0259dri Elm\u0259ddin&hellip;<\/p>\n","protected":false},"author":1,"featured_media":251278,"comment_status":"open","ping_status":"open","sticky":false,"template":"","format":"standard","meta":{"_lmt_disableupdate":"","_lmt_disable":"","footnotes":""},"categories":[101],"tags":[],"class_list":["post-37835","post","type-post","status-publish","format-standard","has-post-thumbnail","hentry","category-cemiyyet"],"_links":{"self":[{"href":"https:\/\/ucnoqta.az\/index.php?rest_route=\/wp\/v2\/posts\/37835","targetHints":{"allow":["GET"]}}],"collection":[{"href":"https:\/\/ucnoqta.az\/index.php?rest_route=\/wp\/v2\/posts"}],"about":[{"href":"https:\/\/ucnoqta.az\/index.php?rest_route=\/wp\/v2\/types\/post"}],"author":[{"embeddable":true,"href":"https:\/\/ucnoqta.az\/index.php?rest_route=\/wp\/v2\/users\/1"}],"replies":[{"embeddable":true,"href":"https:\/\/ucnoqta.az\/index.php?rest_route=%2Fwp%2Fv2%2Fcomments&post=37835"}],"version-history":[{"count":0,"href":"https:\/\/ucnoqta.az\/index.php?rest_route=\/wp\/v2\/posts\/37835\/revisions"}],"wp:featuredmedia":[{"embeddable":true,"href":"https:\/\/ucnoqta.az\/index.php?rest_route=\/wp\/v2\/media\/251278"}],"wp:attachment":[{"href":"https:\/\/ucnoqta.az\/index.php?rest_route=%2Fwp%2Fv2%2Fmedia&parent=37835"}],"wp:term":[{"taxonomy":"category","embeddable":true,"href":"https:\/\/ucnoqta.az\/index.php?rest_route=%2Fwp%2Fv2%2Fcategories&post=37835"},{"taxonomy":"post_tag","embeddable":true,"href":"https:\/\/ucnoqta.az\/index.php?rest_route=%2Fwp%2Fv2%2Ftags&post=37835"}],"curies":[{"name":"wp","href":"https:\/\/api.w.org\/{rel}","templated":true}]}}