{"id":37834,"date":"2016-09-21T23:55:33","date_gmt":"2016-09-21T19:55:33","guid":{"rendered":""},"modified":"-0001-11-30T00:00:00","modified_gmt":"-0001-11-29T20:00:00","slug":"","status":"publish","type":"post","link":"https:\/\/ucnoqta.az\/?p=37834","title":{"rendered":"<font color=red><b>\u201cAz\u0259rbaycan m\u00fcxalif\u0259ti bir h\u0259ft\u0259d\u0259 3 d\u0259f\u0259 mitinq ke\u00e7irir\u201d<\/b><\/font>"},"content":{"rendered":"<p style=\"padding-bottom: 3px; font-family: Tahoma; font-size: 16px;\">Sentyabr\u0131n 21-d\u0259 Pol\u015fan\u0131n paytaxt\u0131 Var\u015fava \u015f\u0259h\u0259rind\u0259 AT\u018fT-in Demokratik \u0130nstitutlar v\u0259 \u0130nsan Haqlar\u0131 Ofisinin t\u0259\u015fkil etdiyi illik Zirv\u0259 Toplant\u0131s\u0131 &ouml;z i\u015fini davam etdirib. T\u0259dbird\u0259 AT\u018fT &uuml;zv&uuml; olan 57 &ouml;lk\u0259nin n&uuml;may\u0259nd\u0259l\u0259ri &ndash; s\u0259firl\u0259r, diplomatlar, beyn\u0259lxalq t\u0259\u015fkilatlar\u0131n r\u0259hb\u0259rl\u0259ri, habel\u0259 h&uuml;quq m&uuml;dafi\u0259&ccedil;il\u0259ri v\u0259 ictimai-siyasi f\u0259allar i\u015ftirak edibl\u0259r.<\/p>\n<p style=\"padding-bottom: 3px; font-family: Tahoma; font-size: 16px;\"><iframe allowfullscreen=\"allowfullscreen\" frameborder=\"0\" height=\"253\" src=\"https:\/\/www.youtube.com\/embed\/gdwElmC__5s\" width=\"450\"><\/iframe><\/p>\n<p style=\"padding-bottom: 3px; font-family: Tahoma; font-size: 16px;\">&ldquo;S\u0259rb\u0259st topla\u015fmaq azadl\u0131\u011f\u0131&rdquo;&nbsp;m&ouml;vzusunda ke&ccedil;iril\u0259n m&uuml;zakir\u0259l\u0259rd\u0259 yax\u0131ndan i\u015ftirak ed\u0259n Az\u0259rbaycan Demokratiya v\u0259 \u0130nsan Haqlar\u0131 \u0130nstitutunun r\u0259hb\u0259ri \u018fhm\u0259d \u015eahidov Az\u0259rbaycanda s\u0259rb\u0259st topla\u015fmaq azadl\u0131\u011f\u0131 bar\u0259d\u0259 dan\u0131\u015f\u0131b v\u0259 m&uuml;xalif q&uuml;vv\u0259l\u0259rin son mitinql\u0259ri haqq\u0131nda m\u0259lumat verib. M&uuml;xalif\u0259t partiyalar\u0131n\u0131n bir h\u0259ft\u0259d\u0259 3 d\u0259f\u0259 mitinq ke&ccedil;irdiyini diqq\u0259t\u0259 &ccedil;atd\u0131ran h&uuml;quq m&uuml;dafi\u0259&ccedil;isi \u018fhm\u0259d \u015eahidov Az\u0259rbaycan Konstitusiyas\u0131na t\u0259klif edil\u0259n d\u0259yi\u015fiklikl\u0259rin d\u0259 bu istiqam\u0259td\u0259 qanunvericiliyin daha m&uuml;k\u0259mm\u0259l s\u0259viyy\u0259y\u0259 &ccedil;atd\u0131r\u0131lmas\u0131na xidm\u0259t etdiyini diqq\u0259t\u0259 &ccedil;atd\u0131r\u0131b.<\/p>\n<p style=\"padding-bottom: 3px; font-family: Tahoma; font-size: 16px;\">AB\u015e-\u0131n AT\u018fT-d\u0259ki s\u0259firi Daniel Bayerin Az\u0259rbaycanla ba\u011fl\u0131 q\u0259r\u0259zli &ccedil;\u0131x\u0131\u015flar\u0131na irad bildir\u0259n AD\u0130H\u0130 r\u0259hb\u0259ri AB\u015e-da s\u0259rb\u0259st topla\u015fmaq azadl\u0131\u011f\u0131n\u0131n kobud \u015f\u0259kild\u0259 pozuldu\u011funu deyib v\u0259 irqi ayr\u0131-se&ccedil;kiliyin pik h\u0259dd\u0259 oldu\u011funu bildirib.<\/p>\n","protected":false},"excerpt":{"rendered":"<p>Sentyabr\u0131n 21-d\u0259 Pol\u015fan\u0131n paytaxt\u0131 Var\u015fava \u015f\u0259h\u0259rind\u0259 AT\u018fT-in Demokratik \u0130nstitutlar v\u0259 \u0130nsan Haqlar\u0131 Ofisinin t\u0259\u015fkil etdiyi illik Zirv\u0259 Toplant\u0131s\u0131 &ouml;z i\u015fini davam etdirib. T\u0259dbird\u0259 AT\u018fT &uuml;zv&uuml; olan 57 &ouml;lk\u0259nin n&uuml;may\u0259nd\u0259l\u0259ri &ndash;&hellip;<\/p>\n","protected":false},"author":1,"featured_media":251278,"comment_status":"open","ping_status":"open","sticky":false,"template":"","format":"standard","meta":{"_lmt_disableupdate":"","_lmt_disable":"","footnotes":""},"categories":[86],"tags":[],"class_list":["post-37834","post","type-post","status-publish","format-standard","has-post-thumbnail","hentry","category-siyaset"],"_links":{"self":[{"href":"https:\/\/ucnoqta.az\/index.php?rest_route=\/wp\/v2\/posts\/37834","targetHints":{"allow":["GET"]}}],"collection":[{"href":"https:\/\/ucnoqta.az\/index.php?rest_route=\/wp\/v2\/posts"}],"about":[{"href":"https:\/\/ucnoqta.az\/index.php?rest_route=\/wp\/v2\/types\/post"}],"author":[{"embeddable":true,"href":"https:\/\/ucnoqta.az\/index.php?rest_route=\/wp\/v2\/users\/1"}],"replies":[{"embeddable":true,"href":"https:\/\/ucnoqta.az\/index.php?rest_route=%2Fwp%2Fv2%2Fcomments&post=37834"}],"version-history":[{"count":0,"href":"https:\/\/ucnoqta.az\/index.php?rest_route=\/wp\/v2\/posts\/37834\/revisions"}],"wp:featuredmedia":[{"embeddable":true,"href":"https:\/\/ucnoqta.az\/index.php?rest_route=\/wp\/v2\/media\/251278"}],"wp:attachment":[{"href":"https:\/\/ucnoqta.az\/index.php?rest_route=%2Fwp%2Fv2%2Fmedia&parent=37834"}],"wp:term":[{"taxonomy":"category","embeddable":true,"href":"https:\/\/ucnoqta.az\/index.php?rest_route=%2Fwp%2Fv2%2Fcategories&post=37834"},{"taxonomy":"post_tag","embeddable":true,"href":"https:\/\/ucnoqta.az\/index.php?rest_route=%2Fwp%2Fv2%2Ftags&post=37834"}],"curies":[{"name":"wp","href":"https:\/\/api.w.org\/{rel}","templated":true}]}}