{"id":37830,"date":"2016-09-21T17:08:40","date_gmt":"2016-09-21T13:08:40","guid":{"rendered":""},"modified":"-0001-11-30T00:00:00","modified_gmt":"-0001-11-29T20:00:00","slug":"","status":"publish","type":"post","link":"https:\/\/ucnoqta.az\/?p=37830","title":{"rendered":"A\u00c7-2020-nin ilk loqosu t\u0259qdim olundu &#8211; <font color=red><b>FOTO<\/b><\/font>"},"content":{"rendered":"<p><span style=\"line-height: 1.6em;\">13 &ouml;lk\u0259d\u0259 ke&ccedil;iril\u0259c\u0259k A&Ccedil;-2020-nin ilk loqosu a&ccedil;\u0131qlan\u0131b. Apasport.az sayt\u0131n\u0131n m\u0259lumat\u0131na g&ouml;r\u0259, tarixind\u0259 ilk d\u0259f\u0259 13 &ouml;lk\u0259d\u0259 ke&ccedil;iril\u0259c\u0259k yar\u0131\u015f &uuml;&ccedil;&uuml;n h\u0259r \u015f\u0259h\u0259rin &ouml;z loqosu olacaq.<\/span><br \/>\n<span style=\"line-height: 1.6em;\">Final m\u0259rh\u0259l\u0259sini q\u0259bul ed\u0259c\u0259k \u015f\u0259h\u0259rl\u0259rd\u0259n biri olan Londonda ba\u015f tutan t\u0259dbird\u0259 yar\u0131\u015f\u0131n r\u0259mzl\u0259rind\u0259n biri t\u0259qdim edilib. M\u0259rasimd\u0259 UEFA prezidenti Aleksander &Ccedil;eferin d\u0259 i\u015ftirak edib.<\/span><br \/>\n<span style=\"line-height: 1.6em;\">Qeyd ed\u0259k ki, final m\u0259rh\u0259l\u0259sinin oyunlar\u0131n\u0131 q\u0259bul ed\u0259c\u0259k \u015f\u0259h\u0259rl\u0259rd\u0259n biri d\u0259 Bak\u0131 olacaq.<\/span><\/p>\n","protected":false},"excerpt":{"rendered":"<p>13 &ouml;lk\u0259d\u0259 ke&ccedil;iril\u0259c\u0259k A&Ccedil;-2020-nin ilk loqosu a&ccedil;\u0131qlan\u0131b. Apasport.az sayt\u0131n\u0131n m\u0259lumat\u0131na g&ouml;r\u0259, tarixind\u0259 ilk d\u0259f\u0259 13 &ouml;lk\u0259d\u0259 ke&ccedil;iril\u0259c\u0259k yar\u0131\u015f &uuml;&ccedil;&uuml;n h\u0259r \u015f\u0259h\u0259rin &ouml;z loqosu olacaq. Final m\u0259rh\u0259l\u0259sini q\u0259bul ed\u0259c\u0259k \u015f\u0259h\u0259rl\u0259rd\u0259n biri&hellip;<\/p>\n","protected":false},"author":1,"featured_media":251278,"comment_status":"open","ping_status":"open","sticky":false,"template":"","format":"standard","meta":{"_lmt_disableupdate":"","_lmt_disable":"","footnotes":""},"categories":[90],"tags":[],"class_list":["post-37830","post","type-post","status-publish","format-standard","has-post-thumbnail","hentry","category-idman-butun-xeberler"],"_links":{"self":[{"href":"https:\/\/ucnoqta.az\/index.php?rest_route=\/wp\/v2\/posts\/37830","targetHints":{"allow":["GET"]}}],"collection":[{"href":"https:\/\/ucnoqta.az\/index.php?rest_route=\/wp\/v2\/posts"}],"about":[{"href":"https:\/\/ucnoqta.az\/index.php?rest_route=\/wp\/v2\/types\/post"}],"author":[{"embeddable":true,"href":"https:\/\/ucnoqta.az\/index.php?rest_route=\/wp\/v2\/users\/1"}],"replies":[{"embeddable":true,"href":"https:\/\/ucnoqta.az\/index.php?rest_route=%2Fwp%2Fv2%2Fcomments&post=37830"}],"version-history":[{"count":0,"href":"https:\/\/ucnoqta.az\/index.php?rest_route=\/wp\/v2\/posts\/37830\/revisions"}],"wp:featuredmedia":[{"embeddable":true,"href":"https:\/\/ucnoqta.az\/index.php?rest_route=\/wp\/v2\/media\/251278"}],"wp:attachment":[{"href":"https:\/\/ucnoqta.az\/index.php?rest_route=%2Fwp%2Fv2%2Fmedia&parent=37830"}],"wp:term":[{"taxonomy":"category","embeddable":true,"href":"https:\/\/ucnoqta.az\/index.php?rest_route=%2Fwp%2Fv2%2Fcategories&post=37830"},{"taxonomy":"post_tag","embeddable":true,"href":"https:\/\/ucnoqta.az\/index.php?rest_route=%2Fwp%2Fv2%2Ftags&post=37830"}],"curies":[{"name":"wp","href":"https:\/\/api.w.org\/{rel}","templated":true}]}}