{"id":37821,"date":"2016-09-21T15:46:56","date_gmt":"2016-09-21T11:46:56","guid":{"rendered":""},"modified":"-0001-11-30T00:00:00","modified_gmt":"-0001-11-29T20:00:00","slug":"","status":"publish","type":"post","link":"https:\/\/ucnoqta.az\/?p=37821","title":{"rendered":"M\u0259kt\u0259b\u0259haz\u0131rl\u0131q m\u0259\u015f\u011f\u0259l\u0259l\u0259rinin ba\u015flanma vaxt\u0131 <font color=red><b>A\u00c7IQLANDI<\/b><\/font>"},"content":{"rendered":"<p><span style=\"line-height: 1.6em;\">D&ouml;vl\u0259t &uuml;mumi t\u0259hsil m\u0259kt\u0259bl\u0259rind\u0259 yarad\u0131lan m\u0259kt\u0259b\u0259haz\u0131rl\u0131q qruplar\u0131nda m\u0259\u015f\u011f\u0259l\u0259l\u0259r h\u0259r il, bir qayda olaraq oktyabr\u0131n 1-d\u0259 ba\u015flanacaq v\u0259 may\u0131n 31-d\u0259 ba\u015fa &ccedil;atacaq. Bununla bel\u0259, 2016-c\u0131 ild\u0259 oktyabr ay\u0131n\u0131n 1-i \u015f\u0259nb\u0259 g&uuml;n&uuml;n\u0259 t\u0259sad&uuml;f etdiyind\u0259n bu il m\u0259\u015f\u011f\u0259l\u0259l\u0259r oktyabr\u0131n 3-d\u0259n ba\u015flanacaq.<\/span><span style=\"line-height: 1.6em;\">Lent.az-\u0131n m\u0259lumat\u0131na g&ouml;r\u0259, &nbsp;m\u0259kt\u0259b\u0259haz\u0131rl\u0131q qruplar\u0131 &ouml;lk\u0259nin b&uuml;t&uuml;n \u015f\u0259h\u0259r v\u0259 rayonlar\u0131nda f\u0259aliyy\u0259t g&ouml;st\u0259r\u0259c\u0259k v\u0259 d&ouml;vl\u0259t hesab\u0131na olacaq.<\/span><span style=\"line-height: 1.6em;\">Az\u0259rbaycan Respublikas\u0131 Nazirl\u0259r Kabinetinin 2016-c\u0131 il 11 iyul tarixli 272 n&ouml;mr\u0259li q\u0259rar\u0131na \u0259sas\u0259n, d&ouml;vl\u0259t &uuml;mumi t\u0259hsil m\u0259kt\u0259bl\u0259rind\u0259 yarad\u0131lm\u0131\u015f m\u0259kt\u0259b\u0259haz\u0131rl\u0131q qruplar\u0131na 5 ya\u015f\u0131 h\u0259min il tamam olmu\u015f u\u015faqlar q\u0259bul olunurlar. Bununla bel\u0259, valideynl\u0259rin &ccedil;oxsayl\u0131 m&uuml;raci\u0259tl\u0259rini n\u0259z\u0259r\u0259 alaraq, yarad\u0131lm\u0131\u015f qruplar\u0131n say\u0131n\u0131 art\u0131rmamaq \u015f\u0259rti il\u0259 u\u015faq say\u0131 normas\u0131 imkan verdiyi halda, 2010-cu ild\u0259 anadan olmu\u015f, lakin m\u0259kt\u0259b ya\u015f\u0131na &ccedil;atmam\u0131\u015f u\u015faqlar\u0131n da valideyninin arzusuna g&ouml;r\u0259, m\u0259kt\u0259b\u0259haz\u0131rl\u0131q qruplar\u0131na c\u0259lbi yerli t\u0259hsili idar\u0259etm\u0259 orqanlar\u0131na t&ouml;vsiy\u0259 edilib.<\/span><br \/>\n<span style=\"line-height: 1.6em;\">M\u0259kt\u0259b\u0259haz\u0131rl\u0131q qruplar\u0131nda m\u0259\u015f\u011f\u0259l\u0259l\u0259r yaln\u0131z ibtidai sinif m&uuml;\u0259llimi ixtisasl\u0131 v\u0259 m&uuml;\u0259yy\u0259n i\u015f t\u0259cr&uuml;b\u0259sin\u0259 malik m&uuml;\u0259llim t\u0259r\u0259find\u0259n apar\u0131lacaq.<\/span><br \/>\n<span style=\"line-height: 1.6em;\">M\u0259kt\u0259b\u0259haz\u0131rl\u0131q qruplar\u0131nda \u018ftraf al\u0259ml\u0259 tan\u0131\u015fl\u0131q, Savad t\u0259limin\u0259 haz\u0131rl\u0131q v\u0259 nitq inki\u015faf\u0131, B\u0259dii t\u0259f\u0259kk&uuml;r&uuml;n inki\u015faf\u0131, M\u0259ntiqi v\u0259 riyazi t\u0259f\u0259kk&uuml;r&uuml;n inki\u015faf\u0131, T\u0259sviri f\u0259aliyy\u0259t, Musiqi v\u0259 Fiziki m\u0259d\u0259niyy\u0259t d\u0259rs m\u0259\u015f\u011f\u0259l\u0259l\u0259ri t\u0259dris edil\u0259c\u0259k.<\/span><br \/>\n<span style=\"line-height: 1.6em;\">M\u0259kt\u0259b\u0259haz\u0131rl\u0131q m\u0259\u015f\u011f\u0259l\u0259l\u0259ri h\u0259ft\u0259d\u0259 4 (d&ouml;rd) g&uuml;n ke&ccedil;il\u0259c\u0259k. Bir g&uuml;n \u0259rzind\u0259 3 (&uuml;&ccedil;) m\u0259\u015f\u011f\u0259l\u0259 t\u0259dris olunacaq. M\u0259kt\u0259b\u0259haz\u0131rl\u0131q qruplar\u0131n\u0131n 2016-2017-ci d\u0259rs ilin\u0259 aid t\u0259dris (m\u0259\u015f\u011f\u0259l\u0259) plan\u0131na \u0259sas\u0259n, m\u0259kt\u0259b\u0259haz\u0131rl\u0131q m\u0259\u015f\u011f\u0259l\u0259l\u0259rind\u0259 h\u0259ft\u0259d\u0259 12 saat t\u0259dris apar\u0131lmas\u0131 n\u0259z\u0259rd\u0259 tutulub.<\/span><br \/>\n<span style=\"line-height: 1.6em;\">M\u0259kt\u0259b\u0259haz\u0131rl\u0131q qruplar\u0131nda m\u0259\u015f\u011f\u0259l\u0259l\u0259r\u0259 davamiyy\u0259t v\u0259 t\u0259dris olunan m&ouml;vzu m&uuml;vafiq sinif jurnal\u0131nda qeyd edil\u0259c\u0259k, u\u015faqlar\u0131n t\u0259lim nailiyy\u0259tl\u0259ri \u015fifahi formada qiym\u0259tl\u0259ndiril\u0259c\u0259k v\u0259 bu bar\u0259d\u0259 valideynl\u0259r\u0259 m\u0259lumat veril\u0259c\u0259k.<\/span><br \/>\n<span style=\"line-height: 1.6em;\">Bildir\u0259k ki, m\u0259kt\u0259b\u0259haz\u0131rl\u0131q qruplar\u0131nda t\u0259hsil alan u\u015faqlar &uuml;&ccedil;&uuml;n ev tap\u015f\u0131r\u0131qlar\u0131 n\u0259z\u0259rd\u0259 tutulmur.<\/span><\/p>\n","protected":false},"excerpt":{"rendered":"<p>D&ouml;vl\u0259t &uuml;mumi t\u0259hsil m\u0259kt\u0259bl\u0259rind\u0259 yarad\u0131lan m\u0259kt\u0259b\u0259haz\u0131rl\u0131q qruplar\u0131nda m\u0259\u015f\u011f\u0259l\u0259l\u0259r h\u0259r il, bir qayda olaraq oktyabr\u0131n 1-d\u0259 ba\u015flanacaq v\u0259 may\u0131n 31-d\u0259 ba\u015fa &ccedil;atacaq. Bununla bel\u0259, 2016-c\u0131 ild\u0259 oktyabr ay\u0131n\u0131n 1-i \u015f\u0259nb\u0259 g&uuml;n&uuml;n\u0259&hellip;<\/p>\n","protected":false},"author":1,"featured_media":251278,"comment_status":"open","ping_status":"open","sticky":false,"template":"","format":"standard","meta":{"_lmt_disableupdate":"","_lmt_disable":"","footnotes":""},"categories":[101],"tags":[],"class_list":["post-37821","post","type-post","status-publish","format-standard","has-post-thumbnail","hentry","category-cemiyyet"],"_links":{"self":[{"href":"https:\/\/ucnoqta.az\/index.php?rest_route=\/wp\/v2\/posts\/37821","targetHints":{"allow":["GET"]}}],"collection":[{"href":"https:\/\/ucnoqta.az\/index.php?rest_route=\/wp\/v2\/posts"}],"about":[{"href":"https:\/\/ucnoqta.az\/index.php?rest_route=\/wp\/v2\/types\/post"}],"author":[{"embeddable":true,"href":"https:\/\/ucnoqta.az\/index.php?rest_route=\/wp\/v2\/users\/1"}],"replies":[{"embeddable":true,"href":"https:\/\/ucnoqta.az\/index.php?rest_route=%2Fwp%2Fv2%2Fcomments&post=37821"}],"version-history":[{"count":0,"href":"https:\/\/ucnoqta.az\/index.php?rest_route=\/wp\/v2\/posts\/37821\/revisions"}],"wp:featuredmedia":[{"embeddable":true,"href":"https:\/\/ucnoqta.az\/index.php?rest_route=\/wp\/v2\/media\/251278"}],"wp:attachment":[{"href":"https:\/\/ucnoqta.az\/index.php?rest_route=%2Fwp%2Fv2%2Fmedia&parent=37821"}],"wp:term":[{"taxonomy":"category","embeddable":true,"href":"https:\/\/ucnoqta.az\/index.php?rest_route=%2Fwp%2Fv2%2Fcategories&post=37821"},{"taxonomy":"post_tag","embeddable":true,"href":"https:\/\/ucnoqta.az\/index.php?rest_route=%2Fwp%2Fv2%2Ftags&post=37821"}],"curies":[{"name":"wp","href":"https:\/\/api.w.org\/{rel}","templated":true}]}}