{"id":37820,"date":"2016-09-21T15:41:56","date_gmt":"2016-09-21T11:41:56","guid":{"rendered":""},"modified":"-0001-11-30T00:00:00","modified_gmt":"-0001-11-29T20:00:00","slug":"","status":"publish","type":"post","link":"https:\/\/ucnoqta.az\/?p=37820","title":{"rendered":"Elmar M\u0259mm\u0259dyarov Norve\u00e7in xarici i\u015fl\u0259r naziri il\u0259 g\u00f6r\u00fc\u015f\u00fcb"},"content":{"rendered":"<p><span style=\"line-height: 1.6em;\">Xarici i\u015fl\u0259r naziri Elmar M\u0259mm\u0259dyarov BMT Ba\u015f M\u0259clisinin 71-ci sessiyas\u0131 &ccedil;\u0259r&ccedil;iv\u0259sind\u0259 Norve&ccedil; Krall\u0131\u011f\u0131n\u0131n xarici i\u015fl\u0259r naziri Borge Brende il\u0259 g&ouml;r&uuml;\u015f&uuml;b.X\u0130N-nin m\u0259tbuat xidm\u0259tind\u0259n veril\u0259n m\u0259lumata g&ouml;r\u0259, g<\/span><span style=\"line-height: 1.6em;\">&ouml;r&uuml;\u015f zaman\u0131 Az\u0259rbaycan-Norve&ccedil; \u0259laq\u0259l\u0259rinin haz\u0131rk\u0131 v\u0259ziyy\u0259ti v\u0259 inki\u015faf etdirilm\u0259si yollar\u0131, iqtisadiyyat v\u0259 enerji sah\u0259sind\u0259 \u0259m\u0259kda\u015fl\u0131q, beyn\u0259lxalq v\u0259 regional m\u0259s\u0259l\u0259l\u0259r\u0259 dair fikir m&uuml;badil\u0259si apar\u0131l\u0131b.<\/span><span style=\"line-height: 1.6em;\">Norve&ccedil;in xarici i\u015fl\u0259r naziri Borge Brende &ouml;lk\u0259sinin Az\u0259rbaycan\u0131n Avro-Atlantika t\u0259sisatlar\u0131 il\u0259 \u0259m\u0259kda\u015fl\u0131\u011f\u0131n\u0131 d\u0259st\u0259kl\u0259diyini bildirib.<\/span><br \/>\n<span style=\"line-height: 1.6em;\">Nazir Elmar M\u0259mm\u0259dyarov Erm\u0259nistan-Az\u0259rbaycan m&uuml;naqi\u015f\u0259sinin h\u0259lli &uuml;zr\u0259 apar\u0131lan dan\u0131\u015f\u0131qlar prosesinin m&ouml;vcud v\u0259ziyy\u0259ti haqq\u0131nda m\u0259lumat ver\u0259r\u0259k, m&uuml;naqi\u015f\u0259nin tezlikl\u0259 h\u0259llin\u0259 nail olmaq &uuml;&ccedil;&uuml;n Az\u0259rbaycan\u0131n substantiv v\u0259 n\u0259tic\u0259 y&ouml;n&uuml;ml&uuml; dan\u0131\u015f\u0131qlar\u0131n t\u0259r\u0259fdar\u0131 oldu\u011funu vur\u011fulay\u0131b.<\/span><\/p>\n","protected":false},"excerpt":{"rendered":"<p>Xarici i\u015fl\u0259r naziri Elmar M\u0259mm\u0259dyarov BMT Ba\u015f M\u0259clisinin 71-ci sessiyas\u0131 &ccedil;\u0259r&ccedil;iv\u0259sind\u0259 Norve&ccedil; Krall\u0131\u011f\u0131n\u0131n xarici i\u015fl\u0259r naziri Borge Brende il\u0259 g&ouml;r&uuml;\u015f&uuml;b.X\u0130N-nin m\u0259tbuat xidm\u0259tind\u0259n veril\u0259n m\u0259lumata g&ouml;r\u0259, g&ouml;r&uuml;\u015f zaman\u0131 Az\u0259rbaycan-Norve&ccedil; \u0259laq\u0259l\u0259rinin haz\u0131rk\u0131&hellip;<\/p>\n","protected":false},"author":1,"featured_media":251278,"comment_status":"open","ping_status":"open","sticky":false,"template":"","format":"standard","meta":{"_lmt_disableupdate":"","_lmt_disable":"","footnotes":""},"categories":[86],"tags":[],"class_list":["post-37820","post","type-post","status-publish","format-standard","has-post-thumbnail","hentry","category-siyaset"],"_links":{"self":[{"href":"https:\/\/ucnoqta.az\/index.php?rest_route=\/wp\/v2\/posts\/37820","targetHints":{"allow":["GET"]}}],"collection":[{"href":"https:\/\/ucnoqta.az\/index.php?rest_route=\/wp\/v2\/posts"}],"about":[{"href":"https:\/\/ucnoqta.az\/index.php?rest_route=\/wp\/v2\/types\/post"}],"author":[{"embeddable":true,"href":"https:\/\/ucnoqta.az\/index.php?rest_route=\/wp\/v2\/users\/1"}],"replies":[{"embeddable":true,"href":"https:\/\/ucnoqta.az\/index.php?rest_route=%2Fwp%2Fv2%2Fcomments&post=37820"}],"version-history":[{"count":0,"href":"https:\/\/ucnoqta.az\/index.php?rest_route=\/wp\/v2\/posts\/37820\/revisions"}],"wp:featuredmedia":[{"embeddable":true,"href":"https:\/\/ucnoqta.az\/index.php?rest_route=\/wp\/v2\/media\/251278"}],"wp:attachment":[{"href":"https:\/\/ucnoqta.az\/index.php?rest_route=%2Fwp%2Fv2%2Fmedia&parent=37820"}],"wp:term":[{"taxonomy":"category","embeddable":true,"href":"https:\/\/ucnoqta.az\/index.php?rest_route=%2Fwp%2Fv2%2Fcategories&post=37820"},{"taxonomy":"post_tag","embeddable":true,"href":"https:\/\/ucnoqta.az\/index.php?rest_route=%2Fwp%2Fv2%2Ftags&post=37820"}],"curies":[{"name":"wp","href":"https:\/\/api.w.org\/{rel}","templated":true}]}}