{"id":37818,"date":"2016-09-21T15:18:39","date_gmt":"2016-09-21T11:18:39","guid":{"rendered":""},"modified":"-0001-11-30T00:00:00","modified_gmt":"-0001-11-29T20:00:00","slug":"","status":"publish","type":"post","link":"https:\/\/ucnoqta.az\/?p=37818","title":{"rendered":"\u00abKimdir bu \u018fli K\u0259rimli\u2026\u00bb &#8211; <font color=red><b>V\u0130DEO<\/b><\/font>"},"content":{"rendered":"<p><span style=\"line-height: 1.6em;\">S\u0259bail rayonunda apar\u0131lan geni\u015f miqyasl\u0131 abadl\u0131q-quruculuq i\u015fl\u0259ri &ccedil;\u0259r&ccedil;iv\u0259sind\u0259 q\u0131sa m&uuml;dd\u0259t \u0259rzind\u0259 art\u0131q 3-c&uuml; m\u0259h\u0259ll\u0259d\u0259 \u0259sasl\u0131 t\u0259mir i\u015fl\u0259ri h\u0259yata ke&ccedil;irilmi\u015f v\u0259 abadl\u0131q i\u015fl\u0259rinin h\u0259cmi daha da geni\u015fl\u0259ndirilir. Bay\u0131l ya\u015fay\u0131\u015f sah\u0259sind\u0259 yerl\u0259\u015f\u0259n m\u0259h\u0259ll\u0259d\u0259 i\u015fl\u0259rin ba\u015fa &ccedil;atmas\u0131 m&uuml;nasib\u0259ti il\u0259 S\u0259bail Rayon r\u0259hb\u0259rliyi, t\u0259s\u0259rr&uuml;fat v\u0259 dig\u0259r xidm\u0259t sah\u0259l\u0259ri n&uuml;may\u0259nd\u0259l\u0259rinin i\u015ftirak\u0131 il\u0259 burada ya\u015fayan sakinl\u0259rl\u0259 g&ouml;r&uuml;\u015f ke&ccedil;irilmi\u015f, rayon r\u0259hb\u0259rliyi sakinl\u0259rin ist\u0259k v\u0259 arzular\u0131n\u0131 dinl\u0259mi\u015f, onlar\u0131n h\u0259lli il\u0259 ba\u011fl\u0131 m&uuml;vafiq tap\u015f\u0131r\u0131qlar verilib. G&ouml;r&uuml;\u015fd\u0259 sakinl\u0259r sosial m\u0259s\u0259l\u0259l\u0259rl\u0259 yana\u015f\u0131 h\u0259m&ccedil;inin bu g&uuml;n &ouml;lk\u0259d\u0259 ged\u0259n prossesl\u0259r\u0259, m&uuml;xalif\u0259tin sabitliyi pozma\u011fa y&ouml;n\u0259ldil\u0259n c\u0259hdl\u0259rin\u0259 d\u0259 toxunmu\u015f v\u0259 buna &ouml;z m&uuml;nasib\u0259tl\u0259rini bildiribl\u0259r.&nbsp;<\/span><br \/>\n<span style=\"line-height: 1.6em;\">Rayon sakinl\u0259rind\u0259n &ccedil;\u0131x\u0131\u015f ed\u0259nl\u0259r ilk n&ouml;vb\u0259d\u0259 &ouml;lk\u0259d\u0259ki sabitlik v\u0259 \u0259min-amanl\u0131\u011fa toxunmu\u015f, bu istiqam\u0259td\u0259 &ouml;lk\u0259 ba\u015f&ccedil;\u0131s\u0131 c\u0259nab \u0130lham \u018fliyevin yeritdiyi siyas\u0259ti v\u0259 g&ouml;rd&uuml;y&uuml; i\u015fl\u0259ri yekdillikl\u0259 d\u0259st\u0259kl\u0259dikl\u0259rini, sentyabr\u0131n 26-da ke&ccedil;iril\u0259c\u0259k referendumda f\u0259al i\u015ftirak ed\u0259c\u0259kl\u0259rini bidiribl\u0259r.<\/span><br \/>\n<span style=\"line-height: 1.6em;\">H\u0259m&ccedil;inin son vaxtlarda b\u0259zi radikal m&uuml;xalif\u0259t q&uuml;vv\u0259l\u0259rinin &ouml;lk\u0259d\u0259 stabilliyin pozulmas\u0131 il\u0259 ba\u011fl\u0131 c\u0259hdl\u0259rini pisl\u0259yibl\u0259r.<\/span><br \/>\n<span style=\"line-height: 1.6em;\">Rayon sakini R&ouml;v\u015f\u0259n Cavadov daha s\u0259rt &ccedil;\u0131x\u0131\u015f edib. &laquo; Kimdir bu \u018fli K\u0259rimli? Vaxt\u0131 il\u0259 &ouml;zl\u0259ri hakimiyy\u0259td\u0259 olanda &ouml;lk\u0259ni par&ccedil;alanma\u011fa g\u0259tirib &ccedil;\u0131xard\u0131lar, pis v\u0259ziyy\u0259t qoyub, sonra da qa&ccedil;d\u0131lar. B\u0259s indi n\u0259 ist\u0259yirl\u0259r? Mitinql\u0259rd\u0259 \u0259sass\u0131z olaraq insanlar\u0131, v\u0259zif\u0259li \u015f\u0259xsl\u0259ri t\u0259nqid yox, t\u0259hqir edirl\u0259r. Kim onlara bu huququ verib? Niy\u0259 buna qar\u015f\u0131 &ouml;l&ccedil;&uuml; g&ouml;r&uuml;lm&uuml;r? M\u0259n t\u0259l\u0259b edir\u0259m ki, \u018fli K\u0259rimli v\u0259 onun \u0259trafna qar\u015f\u0131 &ccedil;ox ciddi &ouml;l&ccedil;&uuml; g&ouml;t&uuml;r&uuml;ls&uuml;n!&raquo;.<\/span><\/p>\n<p>Dig\u0259r &ccedil;\u0131x\u0131\u015f&ccedil;\u0131lar da m&uuml;xalif\u0259tin &ouml;lk\u0259ni u&ccedil;uruma s&uuml;r&uuml;kl\u0259m\u0259k c\u0259hdl\u0259ri pisl\u0259nib v\u0259 onlara qar\u015f\u0131 ciddi t\u0259dbirl\u0259rin g&ouml;r&uuml;lm\u0259si t\u0259l\u0259b etdil\u0259r.<br \/>\nS\u0259bail Rayon \u0130cra Hakimiyy\u0259tinin ba\u015f&ccedil;\u0131s\u0131 Eldar \u018fzizov bildirib ki, m&uuml;xalif\u0259t g\u0259r\u0259k konstruktiv m&ouml;vqed\u0259n &ccedil;\u0131x\u0131\u015f etsin v\u0259 eyni zamanda &nbsp;&ccedil;\u0131x\u0131\u015f yollar\u0131 g&ouml;st\u0259rsin. &nbsp;Lakin t\u0259\u0259ss&uuml;f hissi il\u0259 dem\u0259liyik ki, onlar art\u0131q bu prssesl\u0259ri siyasi biznes kimi q\u0259bul edirl\u0259r. Az\u0259rbaycan bu g&uuml;n inki\u015faf edir, Az\u0259rbaycan yenil\u0259\u015fir v\u0259 \u0259n \u0259sas\u0131 Az\u0259rbaycanda sabitlik vard\u0131r. \u0130nki\u015faf v\u0259 t\u0259q\u0259qqi g&ouml;z qaba\u011f\u0131ndad\u0131r v\u0259 bu siyas\u0259tin ba\u015f\u0131nda m&ouml;ht\u0259r\u0259m c\u0259nab Prezident durur.<\/p>\n<p><iframe allowfullscreen=\"\" frameborder=\"0\" height=\"315\" src=\"https:\/\/www.youtube.com\/embed\/giX7Ze2CwlI\" width=\"560\"><\/iframe><\/p>\n","protected":false},"excerpt":{"rendered":"<p>S\u0259bail rayonunda apar\u0131lan geni\u015f miqyasl\u0131 abadl\u0131q-quruculuq i\u015fl\u0259ri &ccedil;\u0259r&ccedil;iv\u0259sind\u0259 q\u0131sa m&uuml;dd\u0259t \u0259rzind\u0259 art\u0131q 3-c&uuml; m\u0259h\u0259ll\u0259d\u0259 \u0259sasl\u0131 t\u0259mir i\u015fl\u0259ri h\u0259yata ke&ccedil;irilmi\u015f v\u0259 abadl\u0131q i\u015fl\u0259rinin h\u0259cmi daha da geni\u015fl\u0259ndirilir. Bay\u0131l ya\u015fay\u0131\u015f sah\u0259sind\u0259 yerl\u0259\u015f\u0259n&hellip;<\/p>\n","protected":false},"author":1,"featured_media":251278,"comment_status":"open","ping_status":"open","sticky":false,"template":"","format":"standard","meta":{"_lmt_disableupdate":"","_lmt_disable":"","footnotes":""},"categories":[],"tags":[],"class_list":["post-37818","post","type-post","status-publish","format-standard","has-post-thumbnail","hentry"],"_links":{"self":[{"href":"https:\/\/ucnoqta.az\/index.php?rest_route=\/wp\/v2\/posts\/37818","targetHints":{"allow":["GET"]}}],"collection":[{"href":"https:\/\/ucnoqta.az\/index.php?rest_route=\/wp\/v2\/posts"}],"about":[{"href":"https:\/\/ucnoqta.az\/index.php?rest_route=\/wp\/v2\/types\/post"}],"author":[{"embeddable":true,"href":"https:\/\/ucnoqta.az\/index.php?rest_route=\/wp\/v2\/users\/1"}],"replies":[{"embeddable":true,"href":"https:\/\/ucnoqta.az\/index.php?rest_route=%2Fwp%2Fv2%2Fcomments&post=37818"}],"version-history":[{"count":0,"href":"https:\/\/ucnoqta.az\/index.php?rest_route=\/wp\/v2\/posts\/37818\/revisions"}],"wp:featuredmedia":[{"embeddable":true,"href":"https:\/\/ucnoqta.az\/index.php?rest_route=\/wp\/v2\/media\/251278"}],"wp:attachment":[{"href":"https:\/\/ucnoqta.az\/index.php?rest_route=%2Fwp%2Fv2%2Fmedia&parent=37818"}],"wp:term":[{"taxonomy":"category","embeddable":true,"href":"https:\/\/ucnoqta.az\/index.php?rest_route=%2Fwp%2Fv2%2Fcategories&post=37818"},{"taxonomy":"post_tag","embeddable":true,"href":"https:\/\/ucnoqta.az\/index.php?rest_route=%2Fwp%2Fv2%2Ftags&post=37818"}],"curies":[{"name":"wp","href":"https:\/\/api.w.org\/{rel}","templated":true}]}}