{"id":37817,"date":"2016-09-21T15:09:14","date_gmt":"2016-09-21T11:09:14","guid":{"rendered":""},"modified":"-0001-11-30T00:00:00","modified_gmt":"-0001-11-29T20:00:00","slug":"","status":"publish","type":"post","link":"https:\/\/ucnoqta.az\/?p=37817","title":{"rendered":"Nazirlik t\u0259r\u0259find\u0259n 116 n\u0259f\u0259r \u0259lilliyi olan \u015f\u0259xs istirah\u0259t\u0259 g\u00f6nd\u0259rilib"},"content":{"rendered":"<p><span style=\"line-height: 1.6em;\">\u018fm\u0259k v\u0259 \u018fhalinin Sosial M&uuml;dafi\u0259si Nazirliyinin &ldquo;2016-c\u0131 il &uuml;&ccedil;&uuml;n \u0259lilliyi olan \u015f\u0259xsl\u0259rin v\u0259 sa\u011flaml\u0131q imkanlar\u0131 m\u0259hdud u\u015faqlar\u0131n sosial m&uuml;dafi\u0259si v\u0259 reabilitasiyas\u0131 Proqram\u0131&rdquo;na uy\u011fun olaraq, bu h\u0259ft\u0259 116 n\u0259f\u0259r \u0259lilliyi olan \u015f\u0259xs L\u0259nk\u0259ran v\u0259 \u015e\u0259ki rayonlar\u0131nda yerl\u0259\u015f\u0259n istirah\u0259t v\u0259 sa\u011flaml\u0131q m\u0259rk\u0259zl\u0259rin\u0259 istirah\u0259t\u0259 g&ouml;nd\u0259rilib. \u0130stirah\u0259t\u0259 yola sal\u0131nan \u0259lill\u0259r Prezident \u0130lham \u018fliyevin \u0259lilliyi olan \u015f\u0259xsl\u0259r\u0259 y&uuml;ks\u0259k diqq\u0259t v\u0259 qay\u011f\u0131s\u0131ndan raz\u0131 qald\u0131qlar\u0131n\u0131 vur\u011fulay\u0131blar. Onlar bildiribl\u0259r ki, &ouml;lk\u0259mizd\u0259 apar\u0131lan sosial siyas\u0259t &nbsp;sosial c\u0259h\u0259td\u0259n h\u0259ssas qruplara aid insanlar\u0131n, o c&uuml;ml\u0259d\u0259n \u0259lill\u0259rin h\u0259yat s\u0259viyy\u0259sinin yax\u015f\u0131la\u015fd\u0131r\u0131lmas\u0131, &nbsp;tibbi-sosial reabilitasiyas\u0131 istiqam\u0259tind\u0259 i\u015fl\u0259rin d\u0259 getdikc\u0259 g&uuml;cl\u0259nm\u0259sin\u0259 s\u0259b\u0259b olur. Onlara &ouml;d\u0259nil\u0259n sosial m&uuml;avin\u0259t v\u0259 Prezident t\u0259qa&uuml;dl\u0259rinin, \u0259m\u0259k pensiyalar\u0131n\u0131n m\u0259bl\u0259\u011fi m&uuml;t\u0259madi olaraq art\u0131r\u0131l\u0131r. H\u0259m&ccedil;inin, m&uuml;harib\u0259 \u0259lill\u0259ri v\u0259 onlara b\u0259rab\u0259r tutulan v\u0259t\u0259nda\u015flar\u0131n d&ouml;vl\u0259t b&uuml;dc\u0259si hesab\u0131na m\u0259nzill\u0259rl\u0259, minik avtomobill\u0259ri v\u0259 m&uuml;xt\u0259lif reabilitasiya vasit\u0259l\u0259ri il\u0259 t\u0259minat\u0131 sah\u0259sind\u0259 m&uuml;h&uuml;m t\u0259dbirl\u0259r h\u0259yata ke&ccedil;irilir. \u018flill\u0259r onlar\u0131n sosial m&uuml;dafi\u0259sinin g&uuml;cl\u0259ndirilm\u0259si, habel\u0259 yaz-yay m&ouml;vs&uuml;m&uuml;nd\u0259 m\u0259nal\u0131 istirah\u0259t etm\u0259l\u0259ri &uuml;&ccedil;&uuml;n g&ouml;r&uuml;l\u0259n i\u015fl\u0259r\u0259 g&ouml;r\u0259 d&ouml;vl\u0259timizin ba\u015f&ccedil;\u0131s\u0131na minn\u0259tdarl\u0131qlar\u0131n\u0131 ifad\u0259 edibl\u0259r.<\/span><\/p>\n<p>\u018fm\u0259k v\u0259 \u018fhalinin Sosial M&uuml;dafi\u0259si Nazirliyi yan\u0131nda D&ouml;vl\u0259t Sosial M&uuml;dafi\u0259 Fondunun Sosial xidm\u0259tl\u0259r v\u0259 &nbsp;proqramlar \u015f&ouml;b\u0259sinin m&uuml;diri V&uuml;qar Behbudov bildirib ki, &ldquo;2016-c\u0131 il &uuml;&ccedil;&uuml;n \u0259lilliyi olan \u015f\u0259xsl\u0259rin v\u0259 sa\u011flaml\u0131q imkanlar\u0131 m\u0259hdud u\u015faqlar\u0131n sosial m&uuml;dafi\u0259si v\u0259 reabilitasiyas\u0131 Proqram\u0131&rdquo;na \u0259sas\u0259n bu il 1015 n\u0259f\u0259r \u0259liliyi olan \u015f\u0259xsin istirah\u0259tinin t\u0259\u015fkil edilm\u0259si n\u0259z\u0259rd\u0259 tutulub. H\u0259min v\u0259t\u0259nda\u015flardan art\u0131q 975 n\u0259f\u0259ri L\u0259nk\u0259ran, Xa&ccedil;maz v\u0259 \u015e\u0259ki rayonlar\u0131ndak\u0131 m&uuml;vafiq m&uuml;\u0259ssis\u0259l\u0259r\u0259 istirah\u0259t\u0259 g&ouml;nd\u0259rilib. Dig\u0259r \u015f\u0259xsl\u0259rin d\u0259 yax\u0131n g&uuml;nl\u0259rd\u0259 istirah\u0259t\u0259 yola sal\u0131nmas\u0131 t\u0259min olunacaq. \u018flill\u0259rin istirah\u0259t v\u0259 sa\u011flaml\u0131q m\u0259rk\u0259zl\u0259rin\u0259 apar\u0131lmas\u0131 v\u0259 istirah\u0259t m&uuml;dd\u0259ti bitdikd\u0259n sonra geri qaytar\u0131lmas\u0131 x&uuml;susi n\u0259qliyyat vasit\u0259si il\u0259 h\u0259yata ke&ccedil;irilir.<\/p>\n<p>Emin<\/p>\n","protected":false},"excerpt":{"rendered":"<p>\u018fm\u0259k v\u0259 \u018fhalinin Sosial M&uuml;dafi\u0259si Nazirliyinin &ldquo;2016-c\u0131 il &uuml;&ccedil;&uuml;n \u0259lilliyi olan \u015f\u0259xsl\u0259rin v\u0259 sa\u011flaml\u0131q imkanlar\u0131 m\u0259hdud u\u015faqlar\u0131n sosial m&uuml;dafi\u0259si v\u0259 reabilitasiyas\u0131 Proqram\u0131&rdquo;na uy\u011fun olaraq, bu h\u0259ft\u0259 116 n\u0259f\u0259r \u0259lilliyi olan&hellip;<\/p>\n","protected":false},"author":1,"featured_media":251278,"comment_status":"open","ping_status":"open","sticky":false,"template":"","format":"standard","meta":{"_lmt_disableupdate":"","_lmt_disable":"","footnotes":""},"categories":[101],"tags":[],"class_list":["post-37817","post","type-post","status-publish","format-standard","has-post-thumbnail","hentry","category-cemiyyet"],"_links":{"self":[{"href":"https:\/\/ucnoqta.az\/index.php?rest_route=\/wp\/v2\/posts\/37817","targetHints":{"allow":["GET"]}}],"collection":[{"href":"https:\/\/ucnoqta.az\/index.php?rest_route=\/wp\/v2\/posts"}],"about":[{"href":"https:\/\/ucnoqta.az\/index.php?rest_route=\/wp\/v2\/types\/post"}],"author":[{"embeddable":true,"href":"https:\/\/ucnoqta.az\/index.php?rest_route=\/wp\/v2\/users\/1"}],"replies":[{"embeddable":true,"href":"https:\/\/ucnoqta.az\/index.php?rest_route=%2Fwp%2Fv2%2Fcomments&post=37817"}],"version-history":[{"count":0,"href":"https:\/\/ucnoqta.az\/index.php?rest_route=\/wp\/v2\/posts\/37817\/revisions"}],"wp:featuredmedia":[{"embeddable":true,"href":"https:\/\/ucnoqta.az\/index.php?rest_route=\/wp\/v2\/media\/251278"}],"wp:attachment":[{"href":"https:\/\/ucnoqta.az\/index.php?rest_route=%2Fwp%2Fv2%2Fmedia&parent=37817"}],"wp:term":[{"taxonomy":"category","embeddable":true,"href":"https:\/\/ucnoqta.az\/index.php?rest_route=%2Fwp%2Fv2%2Fcategories&post=37817"},{"taxonomy":"post_tag","embeddable":true,"href":"https:\/\/ucnoqta.az\/index.php?rest_route=%2Fwp%2Fv2%2Ftags&post=37817"}],"curies":[{"name":"wp","href":"https:\/\/api.w.org\/{rel}","templated":true}]}}