{"id":37816,"date":"2016-09-21T15:05:56","date_gmt":"2016-09-21T11:05:56","guid":{"rendered":""},"modified":"-0001-11-30T00:00:00","modified_gmt":"-0001-11-29T20:00:00","slug":"","status":"publish","type":"post","link":"https:\/\/ucnoqta.az\/?p=37816","title":{"rendered":"S\u0259lim M\u00fcsl\u00fcmov: <font color=red><b>\u201cKonstitusiyaya edil\u0259c\u0259k n\u00f6vb\u0259ti d\u0259yi\u015fiklikl\u0259r i\u015f\u00e7i h\u00fcquqlar\u0131n\u0131n etibarl\u0131 m\u00fcdafi\u0259si bax\u0131m\u0131ndan da x\u00fcsusi \u00f6n\u0259m k\u0259sb edir\u201d<\/b><\/font>"},"content":{"rendered":"<p><span style=\"line-height: 1.6em;\">&ldquo;Az\u0259rbaycan Prezidenti c\u0259nab \u0130lham \u018fliyevin 18 iyul 2016-c\u0131 il tarixli S\u0259r\u0259ncam\u0131 il\u0259 Az\u0259rbaycan Respublikas\u0131n\u0131n Konstitusiya M\u0259hk\u0259m\u0259sin\u0259 t\u0259qdim edilmi\u015f &ldquo;Az\u0259rbaycan Respublikas\u0131n\u0131n Konstitusiyas\u0131nda d\u0259yi\u015fiklikl\u0259r edilm\u0259si haqq\u0131nda&rdquo; Referendum Akt\u0131 layih\u0259si &ouml;lk\u0259 v\u0259t\u0259nda\u015flar\u0131n\u0131n \u0259m\u0259k h&uuml;quqlar\u0131n\u0131n daha etibarl\u0131 m&uuml;dafi\u0259sinin konstitusion s\u0259viyy\u0259d\u0259 t\u0259min olunmas\u0131 bax\u0131m\u0131ndan m&uuml;h&uuml;m \u0259h\u0259miyy\u0259t da\u015f\u0131y\u0131r&rdquo;. Bunu \u0259m\u0259k v\u0259 \u0259halinin sosial m&uuml;dafi\u0259si naziri S\u0259lim M&uuml;sl&uuml;mov jurnalistl\u0259r\u0259 m&uuml;sahib\u0259sind\u0259 Referendum Akt\u0131na m&uuml;nasib\u0259t bildir\u0259rk\u0259n vur\u011fulay\u0131b.<\/span><\/p>\n<p><span style=\"line-height: 20.8px;\">\u018fm\u0259k v\u0259 \u018fhalinin Sosial M&uuml;dafi\u0259si Nazirliyinin&nbsp;<\/span><span style=\"line-height: 20.8px;\">\u0130ctimaiyy\u0259tl\u0259 \u0259laq\u0259l\u0259r \u015f&ouml;b\u0259sind\u0259n veril\u0259n m\u0259lumata g&ouml;r\u0259, n<\/span>azir bildirib ki, &ouml;lk\u0259 Konstitusiyas\u0131nda d\u0259yi\u015fiklikl\u0259r edilm\u0259si bar\u0259d\u0259 Referendum Akt\u0131 layih\u0259sini d&ouml;vl\u0259t&ccedil;iliyimizin m&ouml;hk\u0259ml\u0259ndirilm\u0259si, respublikada idar\u0259etm\u0259 sisteminin m&uuml;t\u0259r\u0259qqi d&uuml;nya t\u0259cr&uuml;b\u0259si \u0259sas\u0131nda daha da t\u0259kmill\u0259\u015fdirilm\u0259si, x&uuml;sus\u0259n insan h&uuml;quq v\u0259 azadl\u0131qlar\u0131n\u0131n konstitusion s\u0259viyy\u0259d\u0259 etibarl\u0131 m&uuml;dafi\u0259si mexanizminin formala\u015fd\u0131r\u0131lmas\u0131 y&ouml;n&uuml;nd\u0259 apar\u0131lan m&uuml;k\u0259mm\u0259l islahatlar\u0131n m\u0259ntiqi davam\u0131 kimi &nbsp;d\u0259y\u0259rl\u0259ndirm\u0259k olar: &ldquo;&Ouml;t\u0259n d&ouml;vrd\u0259 ictimai-siyasi v\u0259 sosial-iqtisadi sah\u0259l\u0259rd\u0259 kifay\u0259t q\u0259d\u0259r b&ouml;y&uuml;k inki\u015faf yolu ke&ccedil;\u0259n Az\u0259rbaycan bu g&uuml;n b&uuml;t&uuml;n sah\u0259l\u0259rd\u0259 \u0259n m&uuml;asir v\u0259 qabaqc\u0131l t\u0259cr&uuml;b\u0259l\u0259ri b&ouml;l&uuml;\u015f\u0259n bir &ouml;lk\u0259dir. T\u0259bii ki, &ouml;lk\u0259 h\u0259yat\u0131nda ya\u015fanan inki\u015faf prosesl\u0259ri, x&uuml;sus\u0259n insan h&uuml;quq v\u0259 azadl\u0131qlar\u0131, v\u0259t\u0259nda\u015f rifah\u0131n\u0131n t\u0259min olunmas\u0131 &nbsp;sah\u0259sind\u0259 \u0259ld\u0259 olunan m&uuml;h&uuml;m ir\u0259lil\u0259yi\u015fl\u0259r &ouml;lk\u0259nin Konstitusiyas\u0131nda da d&ouml;vl\u0259t&ccedil;iliyin t\u0259r\u0259qqisin\u0259 hesablanan t\u0259kmill\u0259\u015fdirm\u0259l\u0259rin apar\u0131lmas\u0131 z\u0259rur\u0259tini \u0259sasland\u0131r\u0131r. Ona g&ouml;r\u0259 d\u0259 c\u0259nab Prezidentin t\u0259\u015f\u0259bb&uuml;s&uuml; il\u0259 Konstitusiyaya ir\u0259li s&uuml;r&uuml;l\u0259n \u0259lav\u0259 v\u0259 d\u0259yi\u015fiklikl\u0259r Az\u0259rbaycan c\u0259miyy\u0259tinin &uuml;mumi inki\u015faf\u0131 istiqam\u0259tind\u0259 ir\u0259liy\u0259 do\u011fru n&ouml;vb\u0259ti m&uuml;h&uuml;m add\u0131mlar\u0131n at\u0131lmas\u0131na \u015f\u0259rait yarad\u0131r&rdquo;. &nbsp;&nbsp;<br \/>\nS.M&uuml;sl&uuml;mov diqq\u0259t\u0259 &ccedil;atd\u0131r\u0131b ki, Referendum Akt\u0131 layih\u0259sind\u0259 bir &ccedil;ox madd\u0259l\u0259r\u0259 \u0259lav\u0259 v\u0259 d\u0259yi\u015fiklikl\u0259rl\u0259 yana\u015f\u0131, \u0259m\u0259k f\u0259aliyy\u0259ti il\u0259 m\u0259\u015f\u011ful olan v\u0259t\u0259nda\u015flar\u0131n da \u0259m\u0259k h&uuml;quqlar\u0131n\u0131n t\u0259kmill\u0259\u015fdirilm\u0259si il\u0259 ba\u011fl\u0131 d\u0259yi\u015fiklik \u0259ksini tap\u0131b: &ldquo;M\u0259lum oldu\u011fu kimi, Konstitusiyan\u0131n 36-c\u0131 madd\u0259sind\u0259 i\u015f&ccedil;i v\u0259t\u0259nda\u015flar\u0131n t\u0259til h&uuml;ququndan b\u0259hs olunur. Yeni &nbsp;Referendum Akt\u0131 layih\u0259sind\u0259 3 hiss\u0259d\u0259n ibar\u0259t h\u0259min madd\u0259y\u0259 4-c&uuml; hiss\u0259 \u0259lav\u0259 edilib ki, h\u0259min hiss\u0259d\u0259 qanunla m&uuml;\u0259yy\u0259n edilmi\u015f hallar istisna olmaqla, lokautun qada\u011fan edildiyi bildirilir. Lokaut anlay\u0131\u015f\u0131 \u018fm\u0259k M\u0259c\u0259ll\u0259sind\u0259 m&ouml;vcud olsa da, ilk d\u0259f\u0259dir ki, bu anlay\u0131\u015f Konstitusiyaya daxil edilir. M\u0259c\u0259ll\u0259y\u0259 g&ouml;r\u0259, kollektiv \u0259m\u0259k m&uuml;bahis\u0259l\u0259ri zaman\u0131 yerin\u0259 yetirilm\u0259si i\u015f\u0259g&ouml;t&uuml;r\u0259nin istehsal, iqtisadi, maliyy\u0259 imkanlar\u0131na uy\u011fun olmayan kollektiv t\u0259l\u0259bl\u0259rl\u0259, h&uuml;quqlar\u0131n\u0131 v\u0259 m\u0259nafeyini pozmaq c\u0259hdi il\u0259 ke&ccedil;iril\u0259n qanunsuz v\u0259 \u0259sass\u0131z t\u0259till\u0259rin qar\u015f\u0131s\u0131n\u0131 almaq m\u0259qs\u0259di il\u0259 onun, yaxud m&uuml;lkiyy\u0259t&ccedil;i t\u0259r\u0259find\u0259n m&uuml;\u0259ssis\u0259nin f\u0259aliyy\u0259tinin m&uuml;v\u0259qq\u0259ti dayand\u0131r\u0131lmas\u0131 bar\u0259d\u0259 elan &#8211; lokaut adlan\u0131r&rdquo;.&nbsp;<br \/>\nNazir qeyd edib ki, \u018fm\u0259k M\u0259c\u0259ll\u0259sinin 284-c&uuml; madd\u0259sind\u0259 i\u015f\u0259g&ouml;t&uuml;r\u0259nin hans\u0131 hallarda i\u015f&ccedil;il\u0259rini, h\u0259mkarlar ittifaqlar\u0131 t\u0259\u015fkilat\u0131n\u0131 v\u0259 m&uuml;vafiq icra hakimiyy\u0259ti orqan\u0131n\u0131 az\u0131 10 g&uuml;n qabaqcadan yaz\u0131l\u0131 x\u0259b\u0259rdar etm\u0259kl\u0259 m&uuml;\u0259ssis\u0259ni ba\u011flayaca\u011f\u0131 bar\u0259d\u0259 lokaut elan ed\u0259 bilm\u0259si g&ouml;st\u0259rilir. Bu hallar s\u0131ras\u0131na i\u015f\u0259g&ouml;t&uuml;r\u0259nin qar\u015f\u0131s\u0131nda qoyulan kollektiv t\u0259l\u0259bl\u0259rin yerin\u0259 yetirilm\u0259si onun istehsal, iqtisadi, maliyy\u0259 v\u0259 dig\u0259r imkanlar\u0131na a&ccedil;\u0131q-a\u015fkar uy\u011fun olmamas\u0131, qanunsuz elan olunmu\u015f t\u0259tilin davam etdirilm\u0259si, &nbsp;habel\u0259 onunla r\u0259qab\u0259td\u0259 olan i\u015f\u0259g&ouml;t&uuml;r\u0259n (i\u015f\u0259g&ouml;t&uuml;r\u0259nl\u0259r) v\u0259 ya dig\u0259r \u015f\u0259xsl\u0259r t\u0259r\u0259find\u0259n t\u0259tilin ke&ccedil;irilm\u0259sin\u0259 i\u015f&ccedil;il\u0259rin s&ouml;vq edildiyi bar\u0259d\u0259 t\u0259kzibolunmaz s&uuml;butlar, faktlar\u0131n olmas\u0131 daxildir. H\u0259m&ccedil;inin M\u0259c\u0259ll\u0259 il\u0259 h\u0259min madd\u0259d\u0259 m&uuml;\u0259yy\u0259n edilmi\u015f hallardan ba\u015fqa qalan hallarda, habel\u0259 d&ouml;vl\u0259t m&uuml;lkiyy\u0259tind\u0259 olan v\u0259 ya m&uuml;lkiyy\u0259tinin yar\u0131s\u0131ndan &ccedil;oxunda d&ouml;vl\u0259tin pay\u0131 olan m&uuml;\u0259ssis\u0259l\u0259rin i\u015f\u0259g&ouml;t&uuml;r\u0259ni t\u0259r\u0259find\u0259n lokautun elan edilm\u0259si qada\u011fan edilir: &ldquo;Qanunla m&uuml;\u0259yy\u0259n edilmi\u015f hallar istisna olmaqla lokautun qada\u011fan edilm\u0259sinin Konstitusiyada t\u0259sbit olunmas\u0131 i\u015f&ccedil;il\u0259rin birba\u015fa qanuni m\u0259nafeyinin m&uuml;dafi\u0259sin\u0259 xidm\u0259t edir. Y\u0259ni \u0259g\u0259r i\u015f&ccedil;il\u0259rin t\u0259til etm\u0259k h&uuml;ququ varsa, bu h&uuml;ququn qar\u015f\u0131s\u0131n\u0131n al\u0131nmas\u0131 &uuml;&ccedil;&uuml;n i\u015f\u0259g&ouml;t&uuml;r\u0259nin lokautdan istifad\u0259 etm\u0259kl\u0259, m&uuml;\u0259ssis\u0259ni ba\u011flayaca\u011f\u0131 elan\u0131 il\u0259 i\u015f&ccedil;il\u0259rin\u0259 t\u0259zyiq g&ouml;st\u0259rm\u0259si art\u0131q &nbsp;konstitusion s\u0259viyy\u0259d\u0259 qada\u011fan edilir. Yaln\u0131z qanunla m&uuml;\u0259yy\u0259n edilmi\u015f hallarda bu m&uuml;mk&uuml;n ola bil\u0259r&rdquo;.&nbsp;<br \/>\nS.M&uuml;sl&uuml;mov lokautdan istifad\u0259nin m\u0259hdudla\u015fd\u0131r\u0131lmas\u0131n\u0131n i\u015f&ccedil;il\u0259rin rifah\u0131 il\u0259 ba\u011fl\u0131 h\u0259ssas yana\u015fman\u0131n ifad\u0259si oldu\u011funu vur\u011fulay\u0131b: &ldquo;T\u0259cr&uuml;b\u0259d\u0259 bel\u0259 hallar m&ouml;vcuddur ki, b\u0259zi hallarda i\u015f\u0259g&ouml;t&uuml;r\u0259n he&ccedil; bir ciddi qanuni s\u0259b\u0259b olmadan m&uuml;\u0259ssis\u0259ni m&uuml;v\u0259qq\u0259ti olaraq ba\u011flamaqla i\u015f&ccedil;il\u0259rini i\u015fsizliy\u0259 m\u0259ruz qoyur ki, bu da onlar\u0131n rifah\u0131na, n\u0259tic\u0259 etibaril\u0259 &uuml;mum\u0259n sosial &nbsp;v\u0259ziyy\u0259t\u0259 m\u0259nfi t\u0259sir edir. Ona g&ouml;r\u0259 d\u0259 lokaut m\u0259s\u0259l\u0259si hans\u0131sa i\u015f\u0259g&ouml;t&uuml;r\u0259nin \u015f\u0259xsi irad\u0259sind\u0259n as\u0131l\u0131 ola bilm\u0259z v\u0259 hans\u0131sa m&uuml;\u0259ssis\u0259nin m&uuml;v\u0259qq\u0259ti olaraq ba\u011flanmas\u0131 bar\u0259d\u0259 elan yaln\u0131z ciddi s\u0259b\u0259bl\u0259r\u0259 \u0259saslanmal\u0131, yaln\u0131z qanunla m&uuml;\u0259yy\u0259n edilmi\u015f hallarda h\u0259yata ke&ccedil;irilm\u0259lidir&rdquo;.<\/p>\n<p>&nbsp;<\/p>\n","protected":false},"excerpt":{"rendered":"<p>&ldquo;Az\u0259rbaycan Prezidenti c\u0259nab \u0130lham \u018fliyevin 18 iyul 2016-c\u0131 il tarixli S\u0259r\u0259ncam\u0131 il\u0259 Az\u0259rbaycan Respublikas\u0131n\u0131n Konstitusiya M\u0259hk\u0259m\u0259sin\u0259 t\u0259qdim edilmi\u015f &ldquo;Az\u0259rbaycan Respublikas\u0131n\u0131n Konstitusiyas\u0131nda d\u0259yi\u015fiklikl\u0259r edilm\u0259si haqq\u0131nda&rdquo; Referendum Akt\u0131 layih\u0259si &ouml;lk\u0259 v\u0259t\u0259nda\u015flar\u0131n\u0131n \u0259m\u0259k&hellip;<\/p>\n","protected":false},"author":1,"featured_media":251278,"comment_status":"open","ping_status":"open","sticky":false,"template":"","format":"standard","meta":{"_lmt_disableupdate":"","_lmt_disable":"","footnotes":""},"categories":[],"tags":[],"class_list":["post-37816","post","type-post","status-publish","format-standard","has-post-thumbnail","hentry"],"_links":{"self":[{"href":"https:\/\/ucnoqta.az\/index.php?rest_route=\/wp\/v2\/posts\/37816","targetHints":{"allow":["GET"]}}],"collection":[{"href":"https:\/\/ucnoqta.az\/index.php?rest_route=\/wp\/v2\/posts"}],"about":[{"href":"https:\/\/ucnoqta.az\/index.php?rest_route=\/wp\/v2\/types\/post"}],"author":[{"embeddable":true,"href":"https:\/\/ucnoqta.az\/index.php?rest_route=\/wp\/v2\/users\/1"}],"replies":[{"embeddable":true,"href":"https:\/\/ucnoqta.az\/index.php?rest_route=%2Fwp%2Fv2%2Fcomments&post=37816"}],"version-history":[{"count":0,"href":"https:\/\/ucnoqta.az\/index.php?rest_route=\/wp\/v2\/posts\/37816\/revisions"}],"wp:featuredmedia":[{"embeddable":true,"href":"https:\/\/ucnoqta.az\/index.php?rest_route=\/wp\/v2\/media\/251278"}],"wp:attachment":[{"href":"https:\/\/ucnoqta.az\/index.php?rest_route=%2Fwp%2Fv2%2Fmedia&parent=37816"}],"wp:term":[{"taxonomy":"category","embeddable":true,"href":"https:\/\/ucnoqta.az\/index.php?rest_route=%2Fwp%2Fv2%2Fcategories&post=37816"},{"taxonomy":"post_tag","embeddable":true,"href":"https:\/\/ucnoqta.az\/index.php?rest_route=%2Fwp%2Fv2%2Ftags&post=37816"}],"curies":[{"name":"wp","href":"https:\/\/api.w.org\/{rel}","templated":true}]}}