{"id":37810,"date":"2016-09-21T13:43:48","date_gmt":"2016-09-21T09:43:48","guid":{"rendered":""},"modified":"-0001-11-30T00:00:00","modified_gmt":"-0001-11-29T20:00:00","slug":"","status":"publish","type":"post","link":"https:\/\/ucnoqta.az\/?p=37810","title":{"rendered":"Daxili i\u015fl\u0259r orqanlar\u0131nda kadr d\u0259yi\u015fiklikl\u0259ri olub"},"content":{"rendered":"<p><span style=\"line-height: 1.6em;\">Az\u0259rbaycan\u0131n daxili i\u015fl\u0259r orqanlar\u0131nda kadr d\u0259yi\u015fiklikl\u0259ri olub.<\/span><span style=\"line-height: 1.6em;\">&ldquo;Report&rdquo;&nbsp;x\u0259b\u0259r verir ki, B\u0259rd\u0259 Rayon Polis \u015e&ouml;b\u0259sin\u0259 (RP\u015e) yeni r\u0259is t\u0259yin olunduqdan sonra bir ne&ccedil;\u0259 n\u0259f\u0259r tutdu\u011fu v\u0259zif\u0259d\u0259n azad edilib. &nbsp;<\/span><span style=\"line-height: 1.6em;\">M\u0259lumata g&ouml;r\u0259, RP\u015e-nin Cinay\u0259t axtar\u0131\u015f b&ouml;lm\u0259sinin r\u0259isi M\u0259h\u0259rr\u0259m M\u0259mm\u0259dov, \u0259m\u0259liyyat m&uuml;v\u0259kkill\u0259ri Ruslan \u018fhm\u0259dov, R\u0259\u015fad M\u0259mm\u0259dov, Vahid F\u0259nif\u0259yev, R&ouml;v\u015f\u0259n M\u0259mm\u0259dov, Amil \u015e\u0259rifov, Oktay M\u0259mm\u0259dov v\u0259 sah\u0259 m&uuml;v\u0259kili Yaqub A\u011fayev i\u015fd\u0259n &ccedil;\u0131xar\u0131l\u0131blar. Bel\u0259 ki, Cinay\u0259t axtar\u0131\u015f b&ouml;lm\u0259sinin \u0259m\u0259liyyat m&uuml;v\u0259kkill\u0259ri Vahid F\u0259nif\u0259yev, Oktay M\u0259mm\u0259dov, R&ouml;v\u015f\u0259n M\u0259mm\u0259dov v\u0259 sah\u0259 m&uuml;v\u0259kili Yaqub A\u011fayev ya\u015f h\u0259ddin\u0259 g&ouml;r\u0259 t\u0259qa&uuml;d\u0259 g&ouml;nd\u0259rilib. Ruslan \u018fhm\u0259dov v\u0259 R\u0259\u015fad M\u0259mm\u0259dov is\u0259 s\u0259r\u0259ncama g&ouml;t&uuml;r&uuml;l&uuml;b. B&ouml;lm\u0259nin r\u0259isi M\u0259h\u0259rr\u0259m M\u0259mm\u0259dov A\u011fcab\u0259di Rayon Polis \u015e&ouml;b\u0259sin\u0259, \u0259m\u0259liyyat m&uuml;v\u0259kkili Amil \u015e\u0259rifov is\u0259 \u018flibayraml\u0131 Polis \u015e&ouml;b\u0259sin\u0259 g&ouml;nd\u0259rilib.&nbsp;<\/span><\/p>\n<p>Xat\u0131rladaq ki, bir ne&ccedil;\u0259 g&uuml;n bundan \u0259vv\u0259l daxili i\u015fl\u0259r naziri Ramil Usubovun \u0259mri il\u0259 B\u0259rd\u0259 Rayon Polis \u015e&ouml;b\u0259sin\u0259 \u0130lqar M\u0259mm\u0259dov r\u0259is t\u0259yin olunub.<\/p>\n","protected":false},"excerpt":{"rendered":"<p>Az\u0259rbaycan\u0131n daxili i\u015fl\u0259r orqanlar\u0131nda kadr d\u0259yi\u015fiklikl\u0259ri olub.&ldquo;Report&rdquo;&nbsp;x\u0259b\u0259r verir ki, B\u0259rd\u0259 Rayon Polis \u015e&ouml;b\u0259sin\u0259 (RP\u015e) yeni r\u0259is t\u0259yin olunduqdan sonra bir ne&ccedil;\u0259 n\u0259f\u0259r tutdu\u011fu v\u0259zif\u0259d\u0259n azad edilib. &nbsp;M\u0259lumata g&ouml;r\u0259, RP\u015e-nin Cinay\u0259t&hellip;<\/p>\n","protected":false},"author":1,"featured_media":251278,"comment_status":"open","ping_status":"open","sticky":false,"template":"","format":"standard","meta":{"_lmt_disableupdate":"","_lmt_disable":"","footnotes":""},"categories":[],"tags":[],"class_list":["post-37810","post","type-post","status-publish","format-standard","has-post-thumbnail","hentry"],"_links":{"self":[{"href":"https:\/\/ucnoqta.az\/index.php?rest_route=\/wp\/v2\/posts\/37810","targetHints":{"allow":["GET"]}}],"collection":[{"href":"https:\/\/ucnoqta.az\/index.php?rest_route=\/wp\/v2\/posts"}],"about":[{"href":"https:\/\/ucnoqta.az\/index.php?rest_route=\/wp\/v2\/types\/post"}],"author":[{"embeddable":true,"href":"https:\/\/ucnoqta.az\/index.php?rest_route=\/wp\/v2\/users\/1"}],"replies":[{"embeddable":true,"href":"https:\/\/ucnoqta.az\/index.php?rest_route=%2Fwp%2Fv2%2Fcomments&post=37810"}],"version-history":[{"count":0,"href":"https:\/\/ucnoqta.az\/index.php?rest_route=\/wp\/v2\/posts\/37810\/revisions"}],"wp:featuredmedia":[{"embeddable":true,"href":"https:\/\/ucnoqta.az\/index.php?rest_route=\/wp\/v2\/media\/251278"}],"wp:attachment":[{"href":"https:\/\/ucnoqta.az\/index.php?rest_route=%2Fwp%2Fv2%2Fmedia&parent=37810"}],"wp:term":[{"taxonomy":"category","embeddable":true,"href":"https:\/\/ucnoqta.az\/index.php?rest_route=%2Fwp%2Fv2%2Fcategories&post=37810"},{"taxonomy":"post_tag","embeddable":true,"href":"https:\/\/ucnoqta.az\/index.php?rest_route=%2Fwp%2Fv2%2Ftags&post=37810"}],"curies":[{"name":"wp","href":"https:\/\/api.w.org\/{rel}","templated":true}]}}