{"id":37805,"date":"2016-09-21T13:05:08","date_gmt":"2016-09-21T09:05:08","guid":{"rendered":""},"modified":"-0001-11-30T00:00:00","modified_gmt":"-0001-11-29T20:00:00","slug":"","status":"publish","type":"post","link":"https:\/\/ucnoqta.az\/?p=37805","title":{"rendered":"<font color=green><b>Sabaha olan hava proqnozu a\u00e7\u0131qland\u0131<\/b><\/font>"},"content":{"rendered":"<h1 style=\"color: rgb(19, 49, 127); font-family: pf_din_text_cond_promedium, Arial, sans-serif; margin: 15px 0px 5px; font-size: 42px; line-height: normal;\"><span style=\"font-family: Arial, sans-serif; font-size: 18px; line-height: 1.6; color: rgb(51, 51, 51);\">Sabah Bak\u0131da v\u0259 Ab\u015feron yar\u0131madas\u0131nda sabah hava \u015f\u0259raitinin d\u0259yi\u015fk\u0259n buludlu olaca\u011f\u0131, arabir tutulaca\u011f\u0131, \u0259sas\u0259n,&nbsp;ya\u011fmursuz ke&ccedil;\u0259c\u0259yi g&ouml;zl\u0259nilir.<\/span><\/h1>\n<p style=\"line-height: 1.6; font-size: 18px; margin-top: 5px; margin-bottom: 20px; font-family: Arial, sans-serif;\">Ekologiya v\u0259 T\u0259bii S\u0259rv\u0259tl\u0259r Nazirliyinin Milli Hidrometeorologiya Departamentind\u0259n<strong>&nbsp;Ucnoqta.az<\/strong>-a veril\u0259n m\u0259lumata g&ouml;r\u0259, sabah paytaxt v\u0259 yar\u0131madada g&uuml;cl&uuml; \u015fimal-q\u0259rb k&uuml;l\u0259yi ax\u015fam m&uuml;layiml\u0259\u015f\u0259c\u0259k.<\/p>\n<p style=\"line-height: 1.6; font-size: 18px; margin-top: 5px; margin-bottom: 20px; font-family: Arial, sans-serif;\">Ab\u015feron yar\u0131madas\u0131nda havan\u0131n temperaturu gec\u0259 19-21, g&uuml;nd&uuml;z 23-27, Bak\u0131da gec\u0259 19-21, g&uuml;nd&uuml;z 25-27 d\u0259r\u0259c\u0259 isti olaca\u011f\u0131 g&ouml;zl\u0259nilir.<\/p>\n<p style=\"line-height: 1.6; font-size: 18px; margin-top: 5px; margin-bottom: 20px; font-family: Arial, sans-serif;\">Atmosfer t\u0259zyiqi 760&nbsp;mm civ\u0259 s&uuml;tunundan 754&nbsp;mm civ\u0259 s&uuml;tununa en\u0259c\u0259k. Nisbi r&uuml;tub\u0259t gec\u0259 70-80, g&uuml;nd&uuml;z 55-65 faiz t\u0259\u015fkil ed\u0259c\u0259k.<\/p>\n<p style=\"line-height: 1.6; font-size: 18px; margin-top: 5px; margin-bottom: 20px; font-family: Arial, sans-serif;\">Az\u0259rbaycan\u0131n rayonlar\u0131nda hava \u015f\u0259raiti \u0259sas\u0259n ya\u011fmursuz olacaq. S\u0259h\u0259r ayr\u0131-ayr\u0131 yerl\u0259rd\u0259 duman olacaq. Lakin ax\u015fam v\u0259 gec\u0259 b\u0259zi da\u011fl\u0131q v\u0259 da\u011f\u0259t\u0259yi rayonlarda \u015fim\u015f\u0259k &ccedil;axaca\u011f\u0131, ya\u011f\u0131\u015f ya\u011faca\u011f\u0131 g&ouml;zl\u0259nilir. Q\u0259rb k&uuml;l\u0259yi ayr\u0131-ayr\u0131 yerl\u0259rd\u0259 arabir g&uuml;cl\u0259n\u0259c\u0259k.&nbsp;<\/p>\n<p style=\"line-height: 1.6; font-size: 18px; margin-top: 5px; margin-bottom: 20px; font-family: Arial, sans-serif;\">Havan\u0131n temperaturu gec\u0259 16-21, g&uuml;nd&uuml;z 25-30, da\u011flarda gec\u0259 9-14, g&uuml;nd&uuml;z 15-19 d\u0259r\u0259c\u0259 isti olaca\u011f\u0131 g&ouml;zl\u0259nilir.<\/p>\n","protected":false},"excerpt":{"rendered":"<p>Sabah Bak\u0131da v\u0259 Ab\u015feron yar\u0131madas\u0131nda sabah hava \u015f\u0259raitinin d\u0259yi\u015fk\u0259n buludlu olaca\u011f\u0131, arabir tutulaca\u011f\u0131, \u0259sas\u0259n,&nbsp;ya\u011fmursuz ke&ccedil;\u0259c\u0259yi g&ouml;zl\u0259nilir. Ekologiya v\u0259 T\u0259bii S\u0259rv\u0259tl\u0259r Nazirliyinin Milli Hidrometeorologiya Departamentind\u0259n&nbsp;Ucnoqta.az-a veril\u0259n m\u0259lumata g&ouml;r\u0259, sabah paytaxt v\u0259&hellip;<\/p>\n","protected":false},"author":1,"featured_media":251278,"comment_status":"open","ping_status":"open","sticky":false,"template":"","format":"standard","meta":{"_lmt_disableupdate":"","_lmt_disable":"","footnotes":""},"categories":[91],"tags":[],"class_list":["post-37805","post","type-post","status-publish","format-standard","has-post-thumbnail","hentry","category-olkeici"],"_links":{"self":[{"href":"https:\/\/ucnoqta.az\/index.php?rest_route=\/wp\/v2\/posts\/37805","targetHints":{"allow":["GET"]}}],"collection":[{"href":"https:\/\/ucnoqta.az\/index.php?rest_route=\/wp\/v2\/posts"}],"about":[{"href":"https:\/\/ucnoqta.az\/index.php?rest_route=\/wp\/v2\/types\/post"}],"author":[{"embeddable":true,"href":"https:\/\/ucnoqta.az\/index.php?rest_route=\/wp\/v2\/users\/1"}],"replies":[{"embeddable":true,"href":"https:\/\/ucnoqta.az\/index.php?rest_route=%2Fwp%2Fv2%2Fcomments&post=37805"}],"version-history":[{"count":0,"href":"https:\/\/ucnoqta.az\/index.php?rest_route=\/wp\/v2\/posts\/37805\/revisions"}],"wp:featuredmedia":[{"embeddable":true,"href":"https:\/\/ucnoqta.az\/index.php?rest_route=\/wp\/v2\/media\/251278"}],"wp:attachment":[{"href":"https:\/\/ucnoqta.az\/index.php?rest_route=%2Fwp%2Fv2%2Fmedia&parent=37805"}],"wp:term":[{"taxonomy":"category","embeddable":true,"href":"https:\/\/ucnoqta.az\/index.php?rest_route=%2Fwp%2Fv2%2Fcategories&post=37805"},{"taxonomy":"post_tag","embeddable":true,"href":"https:\/\/ucnoqta.az\/index.php?rest_route=%2Fwp%2Fv2%2Ftags&post=37805"}],"curies":[{"name":"wp","href":"https:\/\/api.w.org\/{rel}","templated":true}]}}