{"id":37796,"date":"2016-09-21T12:30:29","date_gmt":"2016-09-21T08:30:29","guid":{"rendered":""},"modified":"-0001-11-30T00:00:00","modified_gmt":"-0001-11-29T20:00:00","slug":"","status":"publish","type":"post","link":"https:\/\/ucnoqta.az\/?p=37796","title":{"rendered":"<b>B\u0259rd\u0259d\u0259 ba\u015f vermi\u015f intihar hadis\u0259sinin t\u0259f\u0259rr\u00fcatlar\u0131 m\u0259lum oldu<\/b>"},"content":{"rendered":"<h1 style=\"color: rgb(19, 49, 127); font-family: pf_din_text_cond_promedium, Arial, sans-serif; margin: 15px 0px 5px; font-size: 42px; line-height: normal;\"><span style=\"font-family: Arial, sans-serif; font-size: 18px; line-height: 1.6; color: rgb(51, 51, 51);\">D&uuml;n\u0259n B\u0259rd\u0259 rayonunda ba\u015f vermi\u015f intihar hadis\u0259sinin t\u0259f\u0259rr&uuml;atlar\u0131 m\u0259lum olub.<\/span><\/h1>\n<p style=\"line-height: 1.6; font-size: 18px; margin-top: 5px; margin-bottom: 20px; font-family: Arial, sans-serif;\"><a href=\"http:\/\/www.lent.az\/\" style=\"color: rgb(19, 49, 127);\" target=\"_blank\">Lent.az<\/a>-\u0131n m\u0259lumat\u0131na g&ouml;r\u0259, rayonun \u0130mamqulub\u0259yli k\u0259nd sakini, 1980-ci il t\u0259v\u0259ll&uuml;dl&uuml; \u015eirinov Muxtar Cavan\u015fir o\u011flu bir&nbsp;aya yax\u0131n idi&nbsp;ki, h\u0259yat yolda\u015f\u0131 v\u0259 u\u015faqlar\u0131ndan ayr\u0131 ya\u015fay\u0131rm\u0131\u015f.&nbsp;<\/p>\n<p style=\"line-height: 1.6; font-size: 18px; margin-top: 5px; margin-bottom: 20px; font-family: Arial, sans-serif;\">T\u0259xmin\u0259n bir&nbsp;ay \u0259vv\u0259l onun xan\u0131m\u0131 ail\u0259daxili m\u0259s\u0259l\u0259l\u0259r s\u0259b\u0259bind\u0259n 3 u\u015fa\u011f\u0131 il\u0259 birg\u0259 T\u0259rt\u0259r\u0259, ata evin\u0259 gedib.&nbsp;<\/p>\n<p style=\"line-height: 1.6; font-size: 18px; margin-top: 5px; margin-bottom: 20px; font-family: Arial, sans-serif;\">Q&uuml;rurunu s\u0131nd\u0131r\u0131b, h\u0259yat yolda\u015f\u0131n\u0131n arxas\u0131nca getm\u0259y\u0259n 36 ya\u015fl\u0131 Muxtar do\u011fmalar\u0131n\u0131n da T\u0259rt\u0259r\u0259 gedib onu dil\u0259 tutmas\u0131na raz\u0131l\u0131q verm\u0259yib v\u0259 d&uuml;n\u0259n t&uuml;f\u0259ngl\u0259 &ouml;z&uuml;n&uuml; g&uuml;ll\u0259l\u0259y\u0259r\u0259k intihar edib.<\/p>\n<p style=\"line-height: 1.6; font-size: 18px; margin-top: 5px; margin-bottom: 20px; font-family: Arial, sans-serif;\">Silah s\u0259sin\u0259 ilk olaraq M.\u015eirinovun qon\u015fuluqda ya\u015fayan bald\u0131z\u0131 g\u0259lib v\u0259 onun &ouml;z&uuml;n&uuml; g&uuml;ll\u0259l\u0259diyi m\u0259lum olub.<\/p>\n<p style=\"line-height: 1.6; font-size: 18px; margin-top: 5px; margin-bottom: 20px; font-family: Arial, sans-serif;\">Faktla ba\u011fl\u0131 cinay\u0259t i\u015fi a&ccedil;\u0131l\u0131b, ara\u015fd\u0131rma apar\u0131l\u0131r.<\/p>\n","protected":false},"excerpt":{"rendered":"<p>D&uuml;n\u0259n B\u0259rd\u0259 rayonunda ba\u015f vermi\u015f intihar hadis\u0259sinin t\u0259f\u0259rr&uuml;atlar\u0131 m\u0259lum olub. Lent.az-\u0131n m\u0259lumat\u0131na g&ouml;r\u0259, rayonun \u0130mamqulub\u0259yli k\u0259nd sakini, 1980-ci il t\u0259v\u0259ll&uuml;dl&uuml; \u015eirinov Muxtar Cavan\u015fir o\u011flu bir&nbsp;aya yax\u0131n idi&nbsp;ki, h\u0259yat yolda\u015f\u0131 v\u0259&hellip;<\/p>\n","protected":false},"author":1,"featured_media":251278,"comment_status":"open","ping_status":"open","sticky":false,"template":"","format":"standard","meta":{"_lmt_disableupdate":"","_lmt_disable":"","footnotes":""},"categories":[],"tags":[],"class_list":["post-37796","post","type-post","status-publish","format-standard","has-post-thumbnail","hentry"],"_links":{"self":[{"href":"https:\/\/ucnoqta.az\/index.php?rest_route=\/wp\/v2\/posts\/37796","targetHints":{"allow":["GET"]}}],"collection":[{"href":"https:\/\/ucnoqta.az\/index.php?rest_route=\/wp\/v2\/posts"}],"about":[{"href":"https:\/\/ucnoqta.az\/index.php?rest_route=\/wp\/v2\/types\/post"}],"author":[{"embeddable":true,"href":"https:\/\/ucnoqta.az\/index.php?rest_route=\/wp\/v2\/users\/1"}],"replies":[{"embeddable":true,"href":"https:\/\/ucnoqta.az\/index.php?rest_route=%2Fwp%2Fv2%2Fcomments&post=37796"}],"version-history":[{"count":0,"href":"https:\/\/ucnoqta.az\/index.php?rest_route=\/wp\/v2\/posts\/37796\/revisions"}],"wp:featuredmedia":[{"embeddable":true,"href":"https:\/\/ucnoqta.az\/index.php?rest_route=\/wp\/v2\/media\/251278"}],"wp:attachment":[{"href":"https:\/\/ucnoqta.az\/index.php?rest_route=%2Fwp%2Fv2%2Fmedia&parent=37796"}],"wp:term":[{"taxonomy":"category","embeddable":true,"href":"https:\/\/ucnoqta.az\/index.php?rest_route=%2Fwp%2Fv2%2Fcategories&post=37796"},{"taxonomy":"post_tag","embeddable":true,"href":"https:\/\/ucnoqta.az\/index.php?rest_route=%2Fwp%2Fv2%2Ftags&post=37796"}],"curies":[{"name":"wp","href":"https:\/\/api.w.org\/{rel}","templated":true}]}}