{"id":37794,"date":"2016-09-21T12:20:44","date_gmt":"2016-09-21T08:20:44","guid":{"rendered":""},"modified":"-0001-11-30T00:00:00","modified_gmt":"-0001-11-29T20:00:00","slug":"","status":"publish","type":"post","link":"https:\/\/ucnoqta.az\/?p=37794","title":{"rendered":"<b>AB\u015e-da afro-amerikal\u0131n\u0131n q\u0259tlind\u0259n sonra etiraz aksiyalar\u0131 ke\u00e7irilib <font color=red>&#8211; V\u0130DEO<\/font><\/b>"},"content":{"rendered":"<h1 style=\"color: rgb(19, 49, 127); font-family: pf_din_text_cond_promedium, Arial, sans-serif; margin: 15px 0px 5px; font-size: 42px; line-height: normal;\"><span style=\"font-family: Arial, sans-serif; font-size: 18px; line-height: 1.6; color: rgb(51, 51, 51);\">Etiraz aksiyalar\u0131 \u015eimali Karolina \u015ftat\u0131nda polis afro-amerikal\u0131n\u0131 g&uuml;ll\u0259l\u0259dikd\u0259n sonra ba\u015flay\u0131b.&nbsp;<\/span><span style=\"font-family: Arial, sans-serif; font-size: 18px; line-height: 1.6; color: rgb(51, 51, 51);\">R\u0130A Novosti x\u0259b\u0259r verir ki, bu bar\u0259d\u0259 polisd\u0259ki m\u0259nb\u0259y\u0259 istinad\u0259n WSOCTV telekanal\u0131 m\u0259lumat yay\u0131b.<\/span><\/h1>\n<p style=\"line-height: 1.6; font-size: 18px; margin-top: 5px; margin-bottom: 20px; font-family: Arial, sans-serif;\">Telekanal\u0131n m\u0259lumat\u0131na g&ouml;r\u0259, hadis\u0259 \u015earlott \u015f\u0259h\u0259rind\u0259 &ccedil;\u0259r\u015f\u0259nb\u0259 ax\u015fam\u0131 ba\u015f verib. Polisl\u0259r \u015f&uuml;bh\u0259lil\u0259rd\u0259n birini \u015f\u0259h\u0259rin \u015fimali-\u015f\u0259rqind\u0259 axtar\u0131rd\u0131lar, onu ma\u015f\u0131ndan&nbsp;&ccedil;\u0131xark\u0259n g&ouml;r&uuml;bl\u0259r. Ki\u015finin yenid\u0259n ma\u015f\u0131na qay\u0131td\u0131\u011f\u0131n\u0131 v\u0259 oradan silahla &ccedil;\u0131xd\u0131\u011f\u0131 bildirilib. H\u0259min&nbsp;\u015f\u0259xsin polis zabitl\u0259ri &uuml;&ccedil;&uuml;n t\u0259h&uuml;lk\u0259li oldu\u011funa g&ouml;r\u0259 ona at\u0259\u015f a&ccedil;\u0131l\u0131b, bu, polis b&ouml;lm\u0259sind\u0259n t\u0259qdim edil\u0259n versiyad\u0131r.<\/p>\n<p style=\"line-height: 1.6; font-size: 18px; margin-top: 5px; margin-bottom: 20px; font-family: Arial, sans-serif;\">H&uuml;quq-m&uuml;hafiz\u0259 orqanlar\u0131 \u0259m\u0259kda\u015flar\u0131 ki\u015fiy\u0259 ilkin tibbi yard\u0131m\u0131 g&ouml;st\u0259rm\u0259y\u0259 &ccedil;al\u0131\u015f\u0131blar. Daha sonra o, x\u0259st\u0259xanaya &ccedil;atd\u0131r\u0131l\u0131b.&nbsp;X\u0259st\u0259xanada onun &ouml;ld&uuml;y&uuml; h\u0259kiml\u0259r t\u0259r\u0259find\u0259n t\u0259sdiql\u0259nib.<\/p>\n<p style=\"line-height: 1.6; font-size: 18px; margin-top: 5px; margin-bottom: 20px; font-family: Arial, sans-serif;\">Daha sonra &ouml;l\u0259n \u015f\u0259xsin kimliyi m&uuml;\u0259yy\u0259n edilib, bu,&nbsp;43 ya\u015fl\u0131 Keyt Lamont Skott olub.<\/p>\n<p style=\"line-height: 1.6; font-size: 18px; margin-top: 5px; margin-bottom: 20px; font-family: Arial, sans-serif;\">Telekanal\u0131n m\u0259lumat\u0131na g&ouml;r\u0259, Skottun ail\u0259 &uuml;zvl\u0259ri onun silah\u0131n\u0131n olmad\u0131\u011f\u0131n\u0131&nbsp;bildiribl\u0259r. Onun \u0259lind\u0259 kitab var idi v\u0259 o\u011flunun m\u0259kt\u0259bd\u0259n g\u0259lm\u0259sini g&ouml;zl\u0259yirdi.<\/p>\n<p style=\"line-height: 1.6; font-size: 18px; margin-top: 5px; margin-bottom: 20px; font-family: Arial, sans-serif;\">Bu hadis\u0259d\u0259n sonra insanlar k&uuml;&ccedil;\u0259y\u0259 &ccedil;\u0131xaraq polisin bu \u0259m\u0259lin\u0259&nbsp;qar\u015f\u0131 etirazlar\u0131n\u0131 bildiribl\u0259r. M\u0259lumata g&ouml;r\u0259, etiraz ed\u0259nl\u0259r m\u0259rk\u0259zi yollardan birini ba\u011flay\u0131blar.<\/p>\n<div style=\"line-height: 1.6; font-size: 18px; font-family: Arial, sans-serif;\"><iframe allowfullscreen=\"\" frameborder=\"0\" src=\"https:\/\/player.vgtrk.com\/iframe\/video\/id\/1573603\/start_zoom\/true\/showZoomBtn\/false\/sid\/vesti\/isPlay\/false\/?acc_video_id=692399\" style=\"max-width: 100%; width: 512px; height: 288px;\"><\/iframe><\/div>\n","protected":false},"excerpt":{"rendered":"<p>Etiraz aksiyalar\u0131 \u015eimali Karolina \u015ftat\u0131nda polis afro-amerikal\u0131n\u0131 g&uuml;ll\u0259l\u0259dikd\u0259n sonra ba\u015flay\u0131b.&nbsp;R\u0130A Novosti x\u0259b\u0259r verir ki, bu bar\u0259d\u0259 polisd\u0259ki m\u0259nb\u0259y\u0259 istinad\u0259n WSOCTV telekanal\u0131 m\u0259lumat yay\u0131b. Telekanal\u0131n m\u0259lumat\u0131na g&ouml;r\u0259, hadis\u0259 \u015earlott \u015f\u0259h\u0259rind\u0259 &ccedil;\u0259r\u015f\u0259nb\u0259&hellip;<\/p>\n","protected":false},"author":1,"featured_media":251278,"comment_status":"open","ping_status":"open","sticky":false,"template":"","format":"standard","meta":{"_lmt_disableupdate":"","_lmt_disable":"","footnotes":""},"categories":[89],"tags":[],"class_list":["post-37794","post","type-post","status-publish","format-standard","has-post-thumbnail","hentry","category-dunya-butun-xeberler"],"_links":{"self":[{"href":"https:\/\/ucnoqta.az\/index.php?rest_route=\/wp\/v2\/posts\/37794","targetHints":{"allow":["GET"]}}],"collection":[{"href":"https:\/\/ucnoqta.az\/index.php?rest_route=\/wp\/v2\/posts"}],"about":[{"href":"https:\/\/ucnoqta.az\/index.php?rest_route=\/wp\/v2\/types\/post"}],"author":[{"embeddable":true,"href":"https:\/\/ucnoqta.az\/index.php?rest_route=\/wp\/v2\/users\/1"}],"replies":[{"embeddable":true,"href":"https:\/\/ucnoqta.az\/index.php?rest_route=%2Fwp%2Fv2%2Fcomments&post=37794"}],"version-history":[{"count":0,"href":"https:\/\/ucnoqta.az\/index.php?rest_route=\/wp\/v2\/posts\/37794\/revisions"}],"wp:featuredmedia":[{"embeddable":true,"href":"https:\/\/ucnoqta.az\/index.php?rest_route=\/wp\/v2\/media\/251278"}],"wp:attachment":[{"href":"https:\/\/ucnoqta.az\/index.php?rest_route=%2Fwp%2Fv2%2Fmedia&parent=37794"}],"wp:term":[{"taxonomy":"category","embeddable":true,"href":"https:\/\/ucnoqta.az\/index.php?rest_route=%2Fwp%2Fv2%2Fcategories&post=37794"},{"taxonomy":"post_tag","embeddable":true,"href":"https:\/\/ucnoqta.az\/index.php?rest_route=%2Fwp%2Fv2%2Ftags&post=37794"}],"curies":[{"name":"wp","href":"https:\/\/api.w.org\/{rel}","templated":true}]}}