{"id":37787,"date":"2016-09-21T11:50:04","date_gmt":"2016-09-21T07:50:04","guid":{"rendered":""},"modified":"-0001-11-30T00:00:00","modified_gmt":"-0001-11-29T20:00:00","slug":"","status":"publish","type":"post","link":"https:\/\/ucnoqta.az\/?p=37787","title":{"rendered":"<font color=red><b>Avropa \u0130ttifaq\u0131 Az\u0259rbaycana v\u0259sait ay\u0131rd\u0131<\/b><\/font>"},"content":{"rendered":"<h1 style=\"color: rgb(19, 49, 127); font-family: pf_din_text_cond_promedium, Arial, sans-serif; margin: 15px 0px 5px; font-size: 42px; line-height: normal;\"><span style=\"font-family: Arial, sans-serif; font-size: 18px; line-height: 1.6; color: rgb(51, 51, 51);\">Avropa \u0130ttifaq\u0131 (A\u0130) Az\u0259rbaycanda maliyy\u0259, iqtisadiyyat v\u0259 m\u0259hk\u0259m\u0259 hakimiyy\u0259ti sah\u0259l\u0259rind\u0259 m\u0259qs\u0259dy&ouml;nl&uuml; yard\u0131m vasit\u0259sil\u0259 Az\u0259rbaycana iqtisadiyyat\u0131n \u015fax\u0259l\u0259ndirilm\u0259sin\u0259 d\u0259st\u0259yi davam etdirm\u0259yi n\u0259z\u0259rd\u0259 tutan yard\u0131m paketini a&ccedil;\u0131qlay\u0131b.<\/span><\/h1>\n<p style=\"line-height: 1.6; font-size: 18px; margin-top: 5px; margin-bottom: 20px; font-family: Arial, sans-serif;\">A\u0130-nin Az\u0259rbaycandak\u0131 n&uuml;may\u0259nd\u0259liyind\u0259n&nbsp;<strong>Ucnoqta.az<\/strong>-a veril\u0259n m\u0259lumata g&ouml;r\u0259, 13,5 milyon avro miqdar\u0131nda fond \u0259sas h&ouml;kum\u0259t idar\u0259l\u0259rini yard\u0131mla t\u0259min ed\u0259r\u0259k ki&ccedil;ik v\u0259 orta biznesin r\u0259qab\u0259t qabiliyy\u0259tinin art\u0131r\u0131lmas\u0131 v\u0259 ixrac imkanlar\u0131n\u0131n geni\u015fl\u0259ndirilm\u0259si, h\u0259m&ccedil;inin biznes m&uuml;hitinin yax\u015f\u0131la\u015fd\u0131r\u0131lmas\u0131n\u0131 diqq\u0259t m\u0259rk\u0259zind\u0259 saxlayacaq.<\/p>\n<p style=\"line-height: 1.6; font-size: 18px; margin-top: 5px; margin-bottom: 20px; font-family: Arial, sans-serif;\">Texniki \u018fm\u0259kda\u015fl\u0131q \u0130mkan\u0131 proqram\u0131 ki&ccedil;ik v\u0259 orta biznesin r\u0259qab\u0259t qabiliyy\u0259tinin v\u0259 ixrac f\u0259aliyy\u0259tl\u0259rinin art\u0131r\u0131lmas\u0131 v\u0259 n\u0259tic\u0259 etibaril\u0259 &ouml;lk\u0259nin qeyri-neft &Uuml;DM art\u0131m\u0131 v\u0259 i\u015f yerl\u0259ri a&ccedil;maq imkan\u0131n\u0131 y&uuml;ks\u0259ltm\u0259yi h\u0259d\u0259f g&ouml;t&uuml;r\u0259c\u0259k.&nbsp;<\/p>\n<p style=\"line-height: 1.6; font-size: 18px; margin-top: 5px; margin-bottom: 20px; font-family: Arial, sans-serif;\">O, m&uuml;\u0259ssis\u0259l\u0259rin m&uuml;asirl\u0259\u015fm\u0259sini, h\u0259m&ccedil;inin t\u0259nziml\u0259yici v\u0259 operativ m&uuml;hiti d\u0259st\u0259kl\u0259y\u0259c\u0259k. Proqram bacar\u0131qlar\u0131n v\u0259 sahibkarl\u0131\u011f\u0131n g\u0259l\u0259c\u0259k inki\u015faf\u0131, maliyy\u0259 v\u0259 beyn\u0259lmil\u0259ll\u0259\u015fdirm\u0259y\u0259 ke&ccedil;id &uuml;&ccedil;&uuml;n s\u0259ri\u015ft\u0259nin yarad\u0131lmas\u0131n\u0131 diqq\u0259t m\u0259rk\u0259zind\u0259 saxlayacaq.<\/p>\n<p style=\"line-height: 1.6; font-size: 18px; margin-top: 5px; margin-bottom: 20px; font-family: Arial, sans-serif;\">Bu ikit\u0259r\u0259fli yard\u0131m paketi A\u0130 v\u0259 Az\u0259rbaycan\u0131n bir ne&ccedil;\u0259 \u0259m\u0259kda\u015fl\u0131q sah\u0259sind\u0259 ir\u0259lil\u0259m\u0259k ist\u0259yini t\u0259sdiql\u0259yir v\u0259 yeni ikit\u0259r\u0259fli sazi\u015fin g\u0259l\u0259c\u0259k m&uuml;zakir\u0259l\u0259rini d\u0259st\u0259kl\u0259y\u0259c\u0259k.<\/p>\n","protected":false},"excerpt":{"rendered":"<p>Avropa \u0130ttifaq\u0131 (A\u0130) Az\u0259rbaycanda maliyy\u0259, iqtisadiyyat v\u0259 m\u0259hk\u0259m\u0259 hakimiyy\u0259ti sah\u0259l\u0259rind\u0259 m\u0259qs\u0259dy&ouml;nl&uuml; yard\u0131m vasit\u0259sil\u0259 Az\u0259rbaycana iqtisadiyyat\u0131n \u015fax\u0259l\u0259ndirilm\u0259sin\u0259 d\u0259st\u0259yi davam etdirm\u0259yi n\u0259z\u0259rd\u0259 tutan yard\u0131m paketini a&ccedil;\u0131qlay\u0131b. A\u0130-nin Az\u0259rbaycandak\u0131 n&uuml;may\u0259nd\u0259liyind\u0259n&nbsp;Ucnoqta.az-a veril\u0259n m\u0259lumata g&ouml;r\u0259,&hellip;<\/p>\n","protected":false},"author":1,"featured_media":251278,"comment_status":"open","ping_status":"open","sticky":false,"template":"","format":"standard","meta":{"_lmt_disableupdate":"","_lmt_disable":"","footnotes":""},"categories":[88],"tags":[],"class_list":["post-37787","post","type-post","status-publish","format-standard","has-post-thumbnail","hentry","category-ekonomika"],"_links":{"self":[{"href":"https:\/\/ucnoqta.az\/index.php?rest_route=\/wp\/v2\/posts\/37787","targetHints":{"allow":["GET"]}}],"collection":[{"href":"https:\/\/ucnoqta.az\/index.php?rest_route=\/wp\/v2\/posts"}],"about":[{"href":"https:\/\/ucnoqta.az\/index.php?rest_route=\/wp\/v2\/types\/post"}],"author":[{"embeddable":true,"href":"https:\/\/ucnoqta.az\/index.php?rest_route=\/wp\/v2\/users\/1"}],"replies":[{"embeddable":true,"href":"https:\/\/ucnoqta.az\/index.php?rest_route=%2Fwp%2Fv2%2Fcomments&post=37787"}],"version-history":[{"count":0,"href":"https:\/\/ucnoqta.az\/index.php?rest_route=\/wp\/v2\/posts\/37787\/revisions"}],"wp:featuredmedia":[{"embeddable":true,"href":"https:\/\/ucnoqta.az\/index.php?rest_route=\/wp\/v2\/media\/251278"}],"wp:attachment":[{"href":"https:\/\/ucnoqta.az\/index.php?rest_route=%2Fwp%2Fv2%2Fmedia&parent=37787"}],"wp:term":[{"taxonomy":"category","embeddable":true,"href":"https:\/\/ucnoqta.az\/index.php?rest_route=%2Fwp%2Fv2%2Fcategories&post=37787"},{"taxonomy":"post_tag","embeddable":true,"href":"https:\/\/ucnoqta.az\/index.php?rest_route=%2Fwp%2Fv2%2Ftags&post=37787"}],"curies":[{"name":"wp","href":"https:\/\/api.w.org\/{rel}","templated":true}]}}