{"id":37785,"date":"2016-09-21T11:30:54","date_gmt":"2016-09-21T07:30:54","guid":{"rendered":""},"modified":"-0001-11-30T00:00:00","modified_gmt":"-0001-11-29T20:00:00","slug":"","status":"publish","type":"post","link":"https:\/\/ucnoqta.az\/?p=37785","title":{"rendered":"<b>Yunan\u0131standa qa\u00e7q\u0131nlar\u0131n say\u0131 son alt\u0131 ayda maksimum h\u0259dd\u0259 \u00e7atd\u0131<\/b>"},"content":{"rendered":"<h1 style=\"color: rgb(19, 49, 127); font-family: pf_din_text_cond_promedium, Arial, sans-serif; margin: 15px 0px 5px; font-size: 42px; line-height: normal;\"><span style=\"font-family: Arial, sans-serif; font-size: 18px; line-height: 1.6; color: rgb(51, 51, 51);\">Yunan adalar\u0131na g\u0259l\u0259n qanunsuz m&uuml;hacirl\u0259rin say\u0131 art\u0131r.&nbsp;<\/span><span style=\"font-family: Arial, sans-serif; font-size: 18px; line-height: 1.6; color: rgb(51, 51, 51);\">Yunan adalar\u0131na son alt\u0131 ayda g\u0259l\u0259n qanunsuz m&uuml;hacirl\u0259rin say\u0131 maksimum h\u0259dd\u0259 &ccedil;at\u0131b. &nbsp;<\/span><\/h1>\n<p style=\"line-height: 1.6; font-size: 18px; margin-top: 5px; margin-bottom: 20px; font-family: Arial, sans-serif;\"><strong>Ucnoqta.az<\/strong>&nbsp;&ldquo;Anadolu&rdquo; agentliyin\u0259 istinad\u0259n x\u0259b\u0259r verir ki, sentyabr ay\u0131n\u0131n 20 g&uuml;n&uuml; \u0259rzind\u0259 Yunan\u0131stan\u0131n sahil m&uuml;hafiz\u0259si 2022 m&uuml;hacir saxlay\u0131b, bu is\u0259 cari ilin mart ay\u0131ndan T&uuml;rkiy\u0259 v\u0259 A\u0130 aras\u0131nda m&uuml;qavil\u0259nin&nbsp;imzaland\u0131\u011f\u0131 d&ouml;vrd\u0259n indiy\u0259 q\u0259d\u0259r \u0259n y&uuml;ks\u0259k g&ouml;st\u0259ricidir.&nbsp;<\/p>\n<p style=\"line-height: 1.6; font-size: 18px; margin-top: 5px; margin-bottom: 20px; font-family: Arial, sans-serif;\">2016-c\u0131 ild\u0259 Avropada m&uuml;hacirl\u0259rin say\u0131n\u0131n &uuml;mumilikd\u0259 azald\u0131\u011f\u0131na baxmayaraq, son alt\u0131 ayda onlar\u0131n say\u0131 yenid\u0259n artma\u011fa ba\u015flay\u0131b.&nbsp;<\/p>\n<p style=\"line-height: 1.6; font-size: 18px; margin-top: 5px; margin-bottom: 20px; font-family: Arial, sans-serif;\">Eyni zamanda T&uuml;rkiy\u0259 hakimiyy\u0259ti A\u0130 il\u0259 m&uuml;qavil\u0259 &uuml;zr\u0259 &ouml;z &ouml;hd\u0259likl\u0259rini yerin\u0259 yetirir.&nbsp;<\/p>\n<p style=\"line-height: 1.6; font-size: 18px; margin-top: 5px; margin-bottom: 20px; font-family: Arial, sans-serif;\">Sentyabr\u0131n 12-d\u0259n 15-n\u0259 q\u0259d\u0259r T&uuml;rkiy\u0259 sahill\u0259rind\u0259 apar\u0131lan 14 axtar\u0131\u015f-xilasetm\u0259 \u0259m\u0259liyyat\u0131 n\u0259tic\u0259sind\u0259&nbsp;679 m&uuml;hacir saxlan\u0131l\u0131b.&nbsp;<\/p>\n<p style=\"line-height: 1.6; font-size: 18px; margin-top: 5px; margin-bottom: 20px; font-family: Arial, sans-serif;\">Qa&ccedil;q\u0131nlar \u0130zmir \u0259yal\u0259tind\u0259 Dikili adas\u0131 sahill\u0259rind\u0259 &Ccedil;e\u015fm\u0259 v\u0259 Ayd\u0131n rayonlar\u0131nda, &Ccedil;anaqqalada&nbsp;Ayvac\u0131 rayonunda v\u0259 Bodrum sahill\u0259rind\u0259&nbsp;Mu\u011fla \u0259yal\u0259tind\u0259 saxlan\u0131l\u0131b.&nbsp;<\/p>\n","protected":false},"excerpt":{"rendered":"<p>Yunan adalar\u0131na g\u0259l\u0259n qanunsuz m&uuml;hacirl\u0259rin say\u0131 art\u0131r.&nbsp;Yunan adalar\u0131na son alt\u0131 ayda g\u0259l\u0259n qanunsuz m&uuml;hacirl\u0259rin say\u0131 maksimum h\u0259dd\u0259 &ccedil;at\u0131b. &nbsp; Ucnoqta.az&nbsp;&ldquo;Anadolu&rdquo; agentliyin\u0259 istinad\u0259n x\u0259b\u0259r verir ki, sentyabr ay\u0131n\u0131n 20 g&uuml;n&uuml; \u0259rzind\u0259&hellip;<\/p>\n","protected":false},"author":1,"featured_media":251278,"comment_status":"open","ping_status":"open","sticky":false,"template":"","format":"standard","meta":{"_lmt_disableupdate":"","_lmt_disable":"","footnotes":""},"categories":[89],"tags":[],"class_list":["post-37785","post","type-post","status-publish","format-standard","has-post-thumbnail","hentry","category-dunya-butun-xeberler"],"_links":{"self":[{"href":"https:\/\/ucnoqta.az\/index.php?rest_route=\/wp\/v2\/posts\/37785","targetHints":{"allow":["GET"]}}],"collection":[{"href":"https:\/\/ucnoqta.az\/index.php?rest_route=\/wp\/v2\/posts"}],"about":[{"href":"https:\/\/ucnoqta.az\/index.php?rest_route=\/wp\/v2\/types\/post"}],"author":[{"embeddable":true,"href":"https:\/\/ucnoqta.az\/index.php?rest_route=\/wp\/v2\/users\/1"}],"replies":[{"embeddable":true,"href":"https:\/\/ucnoqta.az\/index.php?rest_route=%2Fwp%2Fv2%2Fcomments&post=37785"}],"version-history":[{"count":0,"href":"https:\/\/ucnoqta.az\/index.php?rest_route=\/wp\/v2\/posts\/37785\/revisions"}],"wp:featuredmedia":[{"embeddable":true,"href":"https:\/\/ucnoqta.az\/index.php?rest_route=\/wp\/v2\/media\/251278"}],"wp:attachment":[{"href":"https:\/\/ucnoqta.az\/index.php?rest_route=%2Fwp%2Fv2%2Fmedia&parent=37785"}],"wp:term":[{"taxonomy":"category","embeddable":true,"href":"https:\/\/ucnoqta.az\/index.php?rest_route=%2Fwp%2Fv2%2Fcategories&post=37785"},{"taxonomy":"post_tag","embeddable":true,"href":"https:\/\/ucnoqta.az\/index.php?rest_route=%2Fwp%2Fv2%2Ftags&post=37785"}],"curies":[{"name":"wp","href":"https:\/\/api.w.org\/{rel}","templated":true}]}}