{"id":37783,"date":"2016-09-21T10:55:28","date_gmt":"2016-09-21T06:55:28","guid":{"rendered":""},"modified":"-0001-11-30T00:00:00","modified_gmt":"-0001-11-29T20:00:00","slug":"","status":"publish","type":"post","link":"https:\/\/ucnoqta.az\/?p=37783","title":{"rendered":"<b>\u015eirvanda 8 ya\u015fl\u0131 q\u0131z bruselyozdan \u00f6ld\u00fc<\/b>"},"content":{"rendered":"<h1 style=\"color: rgb(19, 49, 127); font-family: pf_din_text_cond_promedium, Arial, sans-serif; margin: 15px 0px 5px; font-size: 42px; line-height: normal;\"><span style=\"font-family: Arial, sans-serif; font-size: 18px; line-height: 1.6; color: rgb(51, 51, 51);\">\u015eirvanda 8 ya\u015fl\u0131 q\u0131z bruselyozdan d&uuml;nyas\u0131n\u0131 d\u0259yi\u015fib.&nbsp;<\/span><a href=\"http:\/\/www.apa.az\/\" style=\"font-family: Arial, sans-serif; font-size: 18px; line-height: 1.6; color: rgb(19, 49, 127);\" target=\"_blank\">APA<\/a><span style=\"font-family: Arial, sans-serif; font-size: 18px; line-height: 1.6; color: rgb(51, 51, 51);\">-n\u0131n m\u0259lumat\u0131na g&ouml;r\u0259, bruselyoz x\u0259st\u0259liyin\u0259 yoluxmas\u0131 ehtimal olunan \u015eirvan sakini, 2008-ci il t\u0259v\u0259ll&uuml;dl&uuml; M\u0259mm\u0259dova Minar Ruslan q\u0131z\u0131 v\u0259ziyy\u0259ti a\u011f\u0131rla\u015fd\u0131\u011f\u0131ndan \u015eirvan \u015f\u0259h\u0259r x\u0259st\u0259xanas\u0131na apar\u0131l\u0131b.&nbsp;<\/span><\/h1>\n<p style=\"line-height: 1.6; font-size: 18px; margin-top: 5px; margin-bottom: 20px; font-family: Arial, sans-serif;\">H\u0259kiml\u0259r azya\u015fl\u0131n\u0131n x\u0259st\u0259xanaya art\u0131q ke&ccedil;inmi\u015f v\u0259ziyy\u0259td\u0259 daxil oldu\u011funu bildiribl\u0259r.&nbsp;<\/p>\n<p style=\"line-height: 1.6; font-size: 18px; margin-top: 5px; margin-bottom: 20px; font-family: Arial, sans-serif;\">Faktla ba\u011fl\u0131 ara\u015fd\u0131rma apar\u0131l\u0131r.<\/p>\n","protected":false},"excerpt":{"rendered":"<p>\u015eirvanda 8 ya\u015fl\u0131 q\u0131z bruselyozdan d&uuml;nyas\u0131n\u0131 d\u0259yi\u015fib.&nbsp;APA-n\u0131n m\u0259lumat\u0131na g&ouml;r\u0259, bruselyoz x\u0259st\u0259liyin\u0259 yoluxmas\u0131 ehtimal olunan \u015eirvan sakini, 2008-ci il t\u0259v\u0259ll&uuml;dl&uuml; M\u0259mm\u0259dova Minar Ruslan q\u0131z\u0131 v\u0259ziyy\u0259ti a\u011f\u0131rla\u015fd\u0131\u011f\u0131ndan \u015eirvan \u015f\u0259h\u0259r x\u0259st\u0259xanas\u0131na apar\u0131l\u0131b.&nbsp; H\u0259kiml\u0259r&hellip;<\/p>\n","protected":false},"author":1,"featured_media":251278,"comment_status":"open","ping_status":"open","sticky":false,"template":"","format":"standard","meta":{"_lmt_disableupdate":"","_lmt_disable":"","footnotes":""},"categories":[],"tags":[],"class_list":["post-37783","post","type-post","status-publish","format-standard","has-post-thumbnail","hentry"],"_links":{"self":[{"href":"https:\/\/ucnoqta.az\/index.php?rest_route=\/wp\/v2\/posts\/37783","targetHints":{"allow":["GET"]}}],"collection":[{"href":"https:\/\/ucnoqta.az\/index.php?rest_route=\/wp\/v2\/posts"}],"about":[{"href":"https:\/\/ucnoqta.az\/index.php?rest_route=\/wp\/v2\/types\/post"}],"author":[{"embeddable":true,"href":"https:\/\/ucnoqta.az\/index.php?rest_route=\/wp\/v2\/users\/1"}],"replies":[{"embeddable":true,"href":"https:\/\/ucnoqta.az\/index.php?rest_route=%2Fwp%2Fv2%2Fcomments&post=37783"}],"version-history":[{"count":0,"href":"https:\/\/ucnoqta.az\/index.php?rest_route=\/wp\/v2\/posts\/37783\/revisions"}],"wp:featuredmedia":[{"embeddable":true,"href":"https:\/\/ucnoqta.az\/index.php?rest_route=\/wp\/v2\/media\/251278"}],"wp:attachment":[{"href":"https:\/\/ucnoqta.az\/index.php?rest_route=%2Fwp%2Fv2%2Fmedia&parent=37783"}],"wp:term":[{"taxonomy":"category","embeddable":true,"href":"https:\/\/ucnoqta.az\/index.php?rest_route=%2Fwp%2Fv2%2Fcategories&post=37783"},{"taxonomy":"post_tag","embeddable":true,"href":"https:\/\/ucnoqta.az\/index.php?rest_route=%2Fwp%2Fv2%2Ftags&post=37783"}],"curies":[{"name":"wp","href":"https:\/\/api.w.org\/{rel}","templated":true}]}}