{"id":37782,"date":"2016-09-21T10:50:27","date_gmt":"2016-09-21T06:50:27","guid":{"rendered":""},"modified":"-0001-11-30T00:00:00","modified_gmt":"-0001-11-29T20:00:00","slug":"","status":"publish","type":"post","link":"https:\/\/ucnoqta.az\/?p=37782","title":{"rendered":"<b>Referendumda m\u00fc\u015fahid\u0259 apar\u0131lmas\u0131na dair \u0259riz\u0259l\u0259rin t\u0259qdim edilm\u0259si m\u00fcdd\u0259ti ba\u015fa \u00e7at\u0131b<\/b>"},"content":{"rendered":"<h1 style=\"color: rgb(19, 49, 127); font-family: pf_din_text_cond_promedium, Arial, sans-serif; margin: 15px 0px 5px; font-size: 42px; line-height: normal;\"><span style=\"font-family: Arial, sans-serif; font-size: 18px; line-height: 1.6; color: rgb(51, 51, 51);\">Referendumla \u0259laq\u0259dar se&ccedil;ki dair\u0259sinin \u0259razisind\u0259 m&uuml;\u015fahid\u0259 apar\u0131lmas\u0131na dair \u0259riz\u0259l\u0259rin dair\u0259 se&ccedil;ki komissiyas\u0131na t\u0259qdim edilm\u0259si m&uuml;dd\u0259ti bu g&uuml;n &#8211; sentyabr\u0131n 21-d\u0259 ba\u015fa &ccedil;at\u0131b.<\/span><\/h1>\n<p style=\"line-height: 1.6; font-size: 18px; margin-top: 5px; margin-bottom: 20px; font-family: Arial, sans-serif;\"><strong>&nbsp;Ucnoqta.az<\/strong>&nbsp;x\u0259b\u0259r verir ki, m&uuml;\u015fahid\u0259 apar\u0131lmas\u0131na dair \u0259riz\u0259l\u0259ri aktiv se&ccedil;ki h&uuml;ququna malik Az\u0259rbaycan v\u0259t\u0259nda\u015f\u0131 (&ouml;z t\u0259\u015f\u0259bb&uuml;s&uuml; il\u0259, referendum &uuml;zr\u0259 t\u0259\u015fviqat qrupunun, siyasi partiyan\u0131n, siyasi partiyalar blokunun, se&ccedil;kil\u0259r sah\u0259sind\u0259 f\u0259aliyy\u0259t g&ouml;st\u0259r\u0259n qeyri-h&ouml;kum\u0259t t\u0259\u015fkilat\u0131n\u0131n t\u0259\u015f\u0259bb&uuml;s&uuml; \u0259sas\u0131nda) t\u0259qdim ed\u0259 bil\u0259r.<\/p>\n<p style=\"line-height: 1.6; font-size: 18px; margin-top: 5px; margin-bottom: 20px; font-family: Arial, sans-serif;\">Az\u0259rbaycan Respublikas\u0131n\u0131n Konstitusiyas\u0131nda d\u0259yi\u015fiklikl\u0259r edilm\u0259si m\u0259qs\u0259di il\u0259 2016-c\u0131 il sentyabr\u0131n 26-na t\u0259yin edilmi\u015f &uuml;mumxalq s\u0259sverm\u0259sinin (referendum) haz\u0131rlan\u0131b ke&ccedil;irilm\u0259si &uuml;zr\u0259 \u0259sas h\u0259r\u0259k\u0259t v\u0259 t\u0259dbirl\u0259rin T\u0259qvim Plan\u0131na \u0259sas\u0259n, se&ccedil;ki dair\u0259sinin \u0259razisind\u0259 m&uuml;\u015fahid\u0259 apar\u0131lmas\u0131na dair \u0259riz\u0259l\u0259r referendumun t\u0259yin edildiyi g&uuml;nd\u0259n ba\u015flayaraq s\u0259sverm\u0259nin ke&ccedil;irilm\u0259sin\u0259 5 g&uuml;n qalanad\u0259k m&uuml;vafiq se&ccedil;ki dair\u0259sinin dair\u0259 se&ccedil;ki komissiyas\u0131na t\u0259qdim edilm\u0259lidir.<\/p>\n","protected":false},"excerpt":{"rendered":"<p>Referendumla \u0259laq\u0259dar se&ccedil;ki dair\u0259sinin \u0259razisind\u0259 m&uuml;\u015fahid\u0259 apar\u0131lmas\u0131na dair \u0259riz\u0259l\u0259rin dair\u0259 se&ccedil;ki komissiyas\u0131na t\u0259qdim edilm\u0259si m&uuml;dd\u0259ti bu g&uuml;n &#8211; sentyabr\u0131n 21-d\u0259 ba\u015fa &ccedil;at\u0131b. &nbsp;Ucnoqta.az&nbsp;x\u0259b\u0259r verir ki, m&uuml;\u015fahid\u0259 apar\u0131lmas\u0131na dair \u0259riz\u0259l\u0259ri aktiv&hellip;<\/p>\n","protected":false},"author":1,"featured_media":251278,"comment_status":"open","ping_status":"open","sticky":false,"template":"","format":"standard","meta":{"_lmt_disableupdate":"","_lmt_disable":"","footnotes":""},"categories":[91],"tags":[],"class_list":["post-37782","post","type-post","status-publish","format-standard","has-post-thumbnail","hentry","category-olkeici"],"_links":{"self":[{"href":"https:\/\/ucnoqta.az\/index.php?rest_route=\/wp\/v2\/posts\/37782","targetHints":{"allow":["GET"]}}],"collection":[{"href":"https:\/\/ucnoqta.az\/index.php?rest_route=\/wp\/v2\/posts"}],"about":[{"href":"https:\/\/ucnoqta.az\/index.php?rest_route=\/wp\/v2\/types\/post"}],"author":[{"embeddable":true,"href":"https:\/\/ucnoqta.az\/index.php?rest_route=\/wp\/v2\/users\/1"}],"replies":[{"embeddable":true,"href":"https:\/\/ucnoqta.az\/index.php?rest_route=%2Fwp%2Fv2%2Fcomments&post=37782"}],"version-history":[{"count":0,"href":"https:\/\/ucnoqta.az\/index.php?rest_route=\/wp\/v2\/posts\/37782\/revisions"}],"wp:featuredmedia":[{"embeddable":true,"href":"https:\/\/ucnoqta.az\/index.php?rest_route=\/wp\/v2\/media\/251278"}],"wp:attachment":[{"href":"https:\/\/ucnoqta.az\/index.php?rest_route=%2Fwp%2Fv2%2Fmedia&parent=37782"}],"wp:term":[{"taxonomy":"category","embeddable":true,"href":"https:\/\/ucnoqta.az\/index.php?rest_route=%2Fwp%2Fv2%2Fcategories&post=37782"},{"taxonomy":"post_tag","embeddable":true,"href":"https:\/\/ucnoqta.az\/index.php?rest_route=%2Fwp%2Fv2%2Ftags&post=37782"}],"curies":[{"name":"wp","href":"https:\/\/api.w.org\/{rel}","templated":true}]}}