{"id":37779,"date":"2016-09-21T10:40:30","date_gmt":"2016-09-21T06:40:30","guid":{"rendered":""},"modified":"-0001-11-30T00:00:00","modified_gmt":"-0001-11-29T20:00:00","slug":"","status":"publish","type":"post","link":"https:\/\/ucnoqta.az\/?p=37779","title":{"rendered":"<font color=blue><b>A\u015ePA Az\u0259rbaycanda referendum \u00fczr\u0259 m\u00fc\u015fahid\u0259 missiyas\u0131n\u0131n t\u0259rkibini a\u00e7\u0131qlad\u0131<\/b><\/font>"},"content":{"rendered":"<h1 style=\"color: rgb(19, 49, 127); font-family: pf_din_text_cond_promedium, Arial, sans-serif; margin: 15px 0px 5px; font-size: 42px; line-height: normal;\"><span style=\"font-family: Arial, sans-serif; font-size: 18px; line-height: 1.6; color: rgb(51, 51, 51);\">Sentyabr\u0131n 26-d\u0259 Az\u0259rbaycan Konstitusiyas\u0131na d\u0259yi\u015fiklikl\u0259r edilm\u0259si &uuml;zr\u0259 ke&ccedil;iril\u0259c\u0259k referendumun m&uuml;\u015fahid\u0259si &uuml;&ccedil;&uuml;n Avropa \u015euras\u0131 Parlament Assambleyas\u0131 (A\u015ePA) 7 n\u0259f\u0259rd\u0259n ibar\u0259t qiym\u0259tl\u0259ndirici missiya g&ouml;nd\u0259r\u0259c\u0259k.<\/span><\/h1>\n<p style=\"line-height: 1.6; font-size: 18px; margin-top: 5px; margin-bottom: 20px; font-family: Arial, sans-serif;\">A\u015ePA-n\u0131n m\u0259tbuat xidm\u0259tind\u0259n Report-a veril\u0259n m\u0259lumata g&ouml;r\u0259, m&uuml;\u015fahid\u0259 missiyas\u0131 Az\u0259rbaycan h&ouml;kum\u0259tinin d\u0259v\u0259ti il\u0259 &ouml;lk\u0259miz\u0259 g\u0259l\u0259c\u0259k.<\/p>\n<p style=\"line-height: 1.6; font-size: 18px; margin-top: 5px; margin-bottom: 20px; font-family: Arial, sans-serif;\">N&uuml;may\u0259nd\u0259 hey\u0259tin\u0259 Aleksandr Nikoloski (Makedoniya) ba\u015f&ccedil;\u0131l\u0131q ed\u0259c\u0259k.<\/p>\n<p style=\"line-height: 1.6; font-size: 18px; margin-top: 5px; margin-bottom: 20px; font-family: Arial, sans-serif;\">N&uuml;may\u0259nd\u0259 hey\u0259tinin t\u0259rkibin\u0259 a\u015fa\u011f\u0131dak\u0131 \u015f\u0259xsl\u0259r daxildir:<\/p>\n<p style=\"line-height: 1.6; font-size: 18px; margin-top: 5px; margin-bottom: 20px; font-family: Arial, sans-serif;\">Andrea Riqoni (\u0130taliya)<br \/>\nYanaki Stoylov (Bolqar\u0131stan)<br \/>\nAntonio Qutyerres (\u0130spaniya)<br \/>\nDominik Tarjinski (Pol\u015fa)<br \/>\n\u015etefan \u015eennax (Avstriya), Az\u0259rbaycan &uuml;zr\u0259 Monitorinq Komit\u0259sinin h\u0259mm\u0259ruz\u0259&ccedil;isi<br \/>\nSezar Florin Preda (Rum\u0131niya), Az\u0259rbaycan &uuml;zr\u0259 Monitorinq Komit\u0259sinin h\u0259mm\u0259ruz\u0259&ccedil;isi.<\/p>\n<p style=\"line-height: 1.6; font-size: 18px; margin-top: 5px; margin-bottom: 20px; font-family: Arial, sans-serif;\">Az\u0259rbaycana s\u0259f\u0259r zaman\u0131 n&uuml;may\u0259nd\u0259 hey\u0259tinin Az\u0259rbaycan Prezidenti \u0130lham \u018fliyev, Milli M\u0259clisin s\u0259dri Oqtay \u018fs\u0259dov, M\u0259rk\u0259zi Se&ccedil;ki Komissiyas\u0131n\u0131n s\u0259dri M\u0259zahir P\u0259nahov, Az\u0259rbaycan\u0131n A\u015ePA-dak\u0131 n&uuml;may\u0259nd\u0259 hey\u0259tinin &uuml;zvl\u0259ri, el\u0259c\u0259 d\u0259 v\u0259t\u0259nda\u015f c\u0259miyy\u0259ti v\u0259 K\u0130V n&uuml;may\u0259nd\u0259l\u0259ri il\u0259 g&ouml;r&uuml;\u015fl\u0259ri planla\u015fd\u0131r\u0131r. Referendum g&uuml;n&uuml; n&uuml;may\u0259nd\u0259 hey\u0259tinin &uuml;zvl\u0259ri se&ccedil;ki m\u0259nt\u0259q\u0259l\u0259rin\u0259 ba\u015f &ccedil;\u0259k\u0259c\u0259kl\u0259r.<\/p>\n<p style=\"line-height: 1.6; font-size: 18px; margin-top: 5px; margin-bottom: 20px; font-family: Arial, sans-serif;\">A\u015ePA n&uuml;may\u0259nd\u0259 hey\u0259tinin r\u0259hb\u0259ri sentyabr\u0131n 27-d\u0259 Bak\u0131da ke&ccedil;ir\u0259c\u0259yi m\u0259tbuat konfrans\u0131nda referendumun monitorinqininin n\u0259tic\u0259l\u0259rin\u0259 dair &ouml;z fikirl\u0259rini a&ccedil;\u0131qlayacaq.<\/p>\n","protected":false},"excerpt":{"rendered":"<p>Sentyabr\u0131n 26-d\u0259 Az\u0259rbaycan Konstitusiyas\u0131na d\u0259yi\u015fiklikl\u0259r edilm\u0259si &uuml;zr\u0259 ke&ccedil;iril\u0259c\u0259k referendumun m&uuml;\u015fahid\u0259si &uuml;&ccedil;&uuml;n Avropa \u015euras\u0131 Parlament Assambleyas\u0131 (A\u015ePA) 7 n\u0259f\u0259rd\u0259n ibar\u0259t qiym\u0259tl\u0259ndirici missiya g&ouml;nd\u0259r\u0259c\u0259k. A\u015ePA-n\u0131n m\u0259tbuat xidm\u0259tind\u0259n Report-a veril\u0259n m\u0259lumata g&ouml;r\u0259, m&uuml;\u015fahid\u0259&hellip;<\/p>\n","protected":false},"author":1,"featured_media":251278,"comment_status":"open","ping_status":"open","sticky":false,"template":"","format":"standard","meta":{"_lmt_disableupdate":"","_lmt_disable":"","footnotes":""},"categories":[86],"tags":[],"class_list":["post-37779","post","type-post","status-publish","format-standard","has-post-thumbnail","hentry","category-siyaset"],"_links":{"self":[{"href":"https:\/\/ucnoqta.az\/index.php?rest_route=\/wp\/v2\/posts\/37779","targetHints":{"allow":["GET"]}}],"collection":[{"href":"https:\/\/ucnoqta.az\/index.php?rest_route=\/wp\/v2\/posts"}],"about":[{"href":"https:\/\/ucnoqta.az\/index.php?rest_route=\/wp\/v2\/types\/post"}],"author":[{"embeddable":true,"href":"https:\/\/ucnoqta.az\/index.php?rest_route=\/wp\/v2\/users\/1"}],"replies":[{"embeddable":true,"href":"https:\/\/ucnoqta.az\/index.php?rest_route=%2Fwp%2Fv2%2Fcomments&post=37779"}],"version-history":[{"count":0,"href":"https:\/\/ucnoqta.az\/index.php?rest_route=\/wp\/v2\/posts\/37779\/revisions"}],"wp:featuredmedia":[{"embeddable":true,"href":"https:\/\/ucnoqta.az\/index.php?rest_route=\/wp\/v2\/media\/251278"}],"wp:attachment":[{"href":"https:\/\/ucnoqta.az\/index.php?rest_route=%2Fwp%2Fv2%2Fmedia&parent=37779"}],"wp:term":[{"taxonomy":"category","embeddable":true,"href":"https:\/\/ucnoqta.az\/index.php?rest_route=%2Fwp%2Fv2%2Fcategories&post=37779"},{"taxonomy":"post_tag","embeddable":true,"href":"https:\/\/ucnoqta.az\/index.php?rest_route=%2Fwp%2Fv2%2Ftags&post=37779"}],"curies":[{"name":"wp","href":"https:\/\/api.w.org\/{rel}","templated":true}]}}