{"id":37776,"date":"2016-09-21T10:15:06","date_gmt":"2016-09-21T06:15:06","guid":{"rendered":""},"modified":"-0001-11-30T00:00:00","modified_gmt":"-0001-11-29T20:00:00","slug":"","status":"publish","type":"post","link":"https:\/\/ucnoqta.az\/?p=37776","title":{"rendered":"<b><b>AB\u015e Rusiyan\u0131 Suriyada humanitar yard\u0131m karvan\u0131na z\u0259rb\u0259 endirm\u0259kd\u0259 g\u00fcnahland\u0131rd\u0131<font color=red> \u2013 V\u0130DEO<\/font><\/b><\/b>"},"content":{"rendered":"<h1 style=\"color: rgb(19, 49, 127); font-family: pf_din_text_cond_promedium, Arial, sans-serif; margin: 15px 0px 5px; font-size: 42px; line-height: normal;\"><span style=\"font-family: Arial, sans-serif; font-size: 18px; line-height: 1.6; color: rgb(51, 51, 51);\">&ldquo;Suriyada humanitar yard\u0131m karvan\u0131na aviaz\u0259rb\u0259ni ya Suriya ordusu, ya da&nbsp;Rusiya aviasiyas\u0131 endirib. \u0130st\u0259nil\u0259n halda AB\u015e&nbsp;hesab edir ki, hadis\u0259nin ba\u015f verdiyi \u0259razid\u0259 endiril\u0259n aviaz\u0259rb\u0259y\u0259 g&ouml;r\u0259 m\u0259suliyy\u0259t Rusiyan\u0131n &uuml;z\u0259rind\u0259dir&rdquo;.<\/span><\/h1>\n<p style=\"line-height: 1.6; font-size: 18px; margin-top: 5px; margin-bottom: 20px; font-family: Arial, sans-serif;\"><strong>Ucnoqta.az&nbsp;<\/strong><a href=\"http:\/\/ria.ru\/\" style=\"color: rgb(19, 49, 127);\" target=\"_blank\">R\u0130A Novosti<\/a>&nbsp;agentliyin\u0259 istinad\u0259n x\u0259b\u0259r verir ki, bu bar\u0259d\u0259 AB\u015e prezidentinin milli t\u0259hl&uuml;k\u0259sizlik &uuml;zr\u0259 m&uuml;\u015favirinin m&uuml;avini&nbsp;<strong>Ben Rods&nbsp;<\/strong>bildirib.<\/p>\n<p style=\"line-height: 1.6; font-size: 18px; margin-top: 5px; margin-bottom: 20px; font-family: Arial, sans-serif;\">&ldquo;Bizim faktlar\u0131m\u0131z a&ccedil;\u0131q-ayd\u0131n aviaz\u0259rb\u0259nin endirilm\u0259sini t\u0259sdiql\u0259yir. Bu, o dem\u0259kdir ki, z\u0259rb\u0259y\u0259 g&ouml;r\u0259 yaln\u0131z iki subyektd\u0259n biri m\u0259suliyy\u0259tlidir &ndash; ya yerli rejim, ya da Rusiya h&ouml;kum\u0259ti. \u0130st\u0259nil\u0259n halda biz hesab edirik ki, aviaz\u0259rb\u0259nin bu m\u0259kanda endirilm\u0259sin\u0259 g&ouml;r\u0259 m\u0259suliyy\u0259t Rusiya h&ouml;kum\u0259tinin &uuml;z\u0259rind\u0259dir&rdquo;, &#8211; dey\u0259 Rods qeyd edib.<\/p>\n<p style=\"line-height: 1.6; font-size: 18px; margin-top: 5px; margin-bottom: 20px; font-family: Arial, sans-serif;\">Rusiya t\u0259r\u0259fi bundan \u0259vv\u0259l b\u0259yan edib ki, n\u0259 Rusiya, n\u0259 d\u0259 Suriya aviasiyas\u0131 humanitar yard\u0131m karvan\u0131na z\u0259rb\u0259 endirm\u0259yib.<\/p>\n<div style=\"line-height: 1.6; font-size: 18px; font-family: Arial, sans-serif;\"><iframe allowfullscreen=\"allowfullscreen\" frameborder=\"0\" height=\"360\" src=\"http:\/\/video.az\/embed\/video\/156579\" style=\"max-width: 100%;\" width=\"640\"><\/iframe><\/div>\n","protected":false},"excerpt":{"rendered":"<p>&ldquo;Suriyada humanitar yard\u0131m karvan\u0131na aviaz\u0259rb\u0259ni ya Suriya ordusu, ya da&nbsp;Rusiya aviasiyas\u0131 endirib. \u0130st\u0259nil\u0259n halda AB\u015e&nbsp;hesab edir ki, hadis\u0259nin ba\u015f verdiyi \u0259razid\u0259 endiril\u0259n aviaz\u0259rb\u0259y\u0259 g&ouml;r\u0259 m\u0259suliyy\u0259t Rusiyan\u0131n &uuml;z\u0259rind\u0259dir&rdquo;. Ucnoqta.az&nbsp;R\u0130A Novosti&nbsp;agentliyin\u0259 istinad\u0259n&hellip;<\/p>\n","protected":false},"author":1,"featured_media":251278,"comment_status":"open","ping_status":"open","sticky":false,"template":"","format":"standard","meta":{"_lmt_disableupdate":"","_lmt_disable":"","footnotes":""},"categories":[89],"tags":[],"class_list":["post-37776","post","type-post","status-publish","format-standard","has-post-thumbnail","hentry","category-dunya-butun-xeberler"],"_links":{"self":[{"href":"https:\/\/ucnoqta.az\/index.php?rest_route=\/wp\/v2\/posts\/37776","targetHints":{"allow":["GET"]}}],"collection":[{"href":"https:\/\/ucnoqta.az\/index.php?rest_route=\/wp\/v2\/posts"}],"about":[{"href":"https:\/\/ucnoqta.az\/index.php?rest_route=\/wp\/v2\/types\/post"}],"author":[{"embeddable":true,"href":"https:\/\/ucnoqta.az\/index.php?rest_route=\/wp\/v2\/users\/1"}],"replies":[{"embeddable":true,"href":"https:\/\/ucnoqta.az\/index.php?rest_route=%2Fwp%2Fv2%2Fcomments&post=37776"}],"version-history":[{"count":0,"href":"https:\/\/ucnoqta.az\/index.php?rest_route=\/wp\/v2\/posts\/37776\/revisions"}],"wp:featuredmedia":[{"embeddable":true,"href":"https:\/\/ucnoqta.az\/index.php?rest_route=\/wp\/v2\/media\/251278"}],"wp:attachment":[{"href":"https:\/\/ucnoqta.az\/index.php?rest_route=%2Fwp%2Fv2%2Fmedia&parent=37776"}],"wp:term":[{"taxonomy":"category","embeddable":true,"href":"https:\/\/ucnoqta.az\/index.php?rest_route=%2Fwp%2Fv2%2Fcategories&post=37776"},{"taxonomy":"post_tag","embeddable":true,"href":"https:\/\/ucnoqta.az\/index.php?rest_route=%2Fwp%2Fv2%2Ftags&post=37776"}],"curies":[{"name":"wp","href":"https:\/\/api.w.org\/{rel}","templated":true}]}}