{"id":37775,"date":"2016-09-21T10:10:42","date_gmt":"2016-09-21T06:10:42","guid":{"rendered":""},"modified":"-0001-11-30T00:00:00","modified_gmt":"-0001-11-29T20:00:00","slug":"","status":"publish","type":"post","link":"https:\/\/ucnoqta.az\/?p=37775","title":{"rendered":"<font color=red><b>H\u0259rb\u00e7il\u0259rimiz d\u00fcnya \u00e7empionat\u0131nda<\/b><\/font>"},"content":{"rendered":"<h1 style=\"color: rgb(19, 49, 127); font-family: pf_din_text_cond_promedium, Arial, sans-serif; margin: 15px 0px 5px; font-size: 42px; line-height: normal;\"><span style=\"font-family: Arial, sans-serif; font-size: 18px; line-height: 1.6; color: rgb(51, 51, 51);\">Makedoniyan\u0131n paytaxt\u0131 Skopye \u015f\u0259h\u0259rind\u0259 ke&ccedil;iril\u0259c\u0259k v\u0259 Beyn\u0259lxalq H\u0259rbi \u0130dman \u015euras\u0131n\u0131n (C\u0130SM) himay\u0259si alt\u0131nda t\u0259\u015fkil edil\u0259n g&uuml;l\u0259\u015f &uuml;zr\u0259 h\u0259rb&ccedil;il\u0259rin 31-ci d&uuml;nya &ccedil;empionat\u0131na haz\u0131rl\u0131q i\u015fl\u0259ri ba\u015fa &ccedil;at\u0131b.<\/span><\/h1>\n<p style=\"line-height: 1.6; font-size: 18px; margin-top: 5px; margin-bottom: 20px; font-family: Arial, sans-serif;\"><strong>Ucnoqta.az&nbsp;<\/strong><a href=\"http:\/\/www.azertag.com\/\" style=\"color: rgb(19, 49, 127);\" target=\"_blank\">A<\/a><a href=\"http:\/\/xn--zrtac-elc\/\" style=\"color: rgb(19, 49, 127);\" target=\"_blank\">Z\u018fRTAC<\/a>-a istinad\u0259n x\u0259b\u0259r verir ki, b&uuml;t&uuml;n idman&ccedil;\u0131lar Skopye \u015f\u0259h\u0259rinin \u0259n b&ouml;y&uuml;k idman arenalar\u0131ndan olan v\u0259 Boris Traykovskinin ad\u0131n\u0131 da\u015f\u0131yan \u0130dman M\u0259rk\u0259zin\u0259 topla\u015f\u0131blar.<\/p>\n<p style=\"line-height: 1.6; font-size: 18px; margin-top: 5px; margin-bottom: 20px; font-family: Arial, sans-serif;\">Yar\u0131\u015flara haz\u0131rl\u0131\u011f\u0131n son m\u0259rh\u0259l\u0259si olaraq idman&ccedil;\u0131lar h\u0259kim yoxlamas\u0131ndan, dopinq n\u0259zar\u0259td\u0259n ke&ccedil;ibl\u0259r v\u0259 onlar\u0131n &ccedil;\u0259kil\u0259ri yoxlan\u0131l\u0131b.<\/p>\n<p style=\"line-height: 1.6; font-size: 18px; margin-top: 5px; margin-bottom: 20px; font-family: Arial, sans-serif;\">Az\u0259rbaycan\u0131n M&uuml;dafi\u0259 Nazirliyinin M\u0259rk\u0259zi Ordu \u0130dman Klubunun (MO\u0130K) komandas\u0131n\u0131n da qat\u0131ld\u0131\u011f\u0131 h\u0259rb&ccedil;il\u0259rin g&uuml;l\u0259\u015f &uuml;zr\u0259 31-ci d&uuml;nya &ccedil;empionat\u0131nda 35 &ouml;lk\u0259d\u0259n 300-d\u0259n &ccedil;ox idman&ccedil;\u0131 i\u015ftirak edir.<\/p>\n<p style=\"line-height: 1.6; font-size: 18px; margin-top: 5px; margin-bottom: 20px; font-family: Arial, sans-serif;\">Yar\u0131\u015flara qat\u0131lan idman&ccedil;\u0131lar\u0131n 50 faizd\u0259n &ccedil;oxu Olimpiya, d&uuml;nya v\u0259 Avropa &ccedil;empionatlar\u0131n\u0131n m&uuml;kafat&ccedil;\u0131lar\u0131d\u0131rlar. D&uuml;nya &ccedil;empionat\u0131nda s\u0259rb\u0259st g&uuml;l\u0259\u015f yar\u0131\u015flar\u0131nda ilk d\u0259f\u0259 qad\u0131n h\u0259rb&ccedil;i idman&ccedil;\u0131lar da 5 &ccedil;\u0259ki d\u0259r\u0259c\u0259si &uuml;zr\u0259 i\u015ftirak edirl\u0259r.<\/p>\n<p style=\"line-height: 1.6; font-size: 18px; margin-top: 5px; margin-bottom: 20px; font-family: Arial, sans-serif;\">Bu g&uuml;n ilk olaraq xal&ccedil;a &uuml;z\u0259rind\u0259 m&uuml;bariz\u0259y\u0259 MO\u0130K-in s\u0259rb\u0259st g&uuml;l\u0259\u015f&ccedil;il\u0259ri qat\u0131lacaqlar. Makedoniya vaxt\u0131 il\u0259 saat 15:30-da g&uuml;l\u0259\u015f &uuml;zr\u0259 h\u0259rb&ccedil;il\u0259rin 31-ci d&uuml;nya &ccedil;empionat\u0131n\u0131n t\u0259nt\u0259n\u0259li a&ccedil;\u0131l\u0131\u015f m\u0259rasimi olacaq.<\/p>\n","protected":false},"excerpt":{"rendered":"<p>Makedoniyan\u0131n paytaxt\u0131 Skopye \u015f\u0259h\u0259rind\u0259 ke&ccedil;iril\u0259c\u0259k v\u0259 Beyn\u0259lxalq H\u0259rbi \u0130dman \u015euras\u0131n\u0131n (C\u0130SM) himay\u0259si alt\u0131nda t\u0259\u015fkil edil\u0259n g&uuml;l\u0259\u015f &uuml;zr\u0259 h\u0259rb&ccedil;il\u0259rin 31-ci d&uuml;nya &ccedil;empionat\u0131na haz\u0131rl\u0131q i\u015fl\u0259ri ba\u015fa &ccedil;at\u0131b. Ucnoqta.az&nbsp;AZ\u018fRTAC-a istinad\u0259n x\u0259b\u0259r verir ki,&hellip;<\/p>\n","protected":false},"author":1,"featured_media":251278,"comment_status":"open","ping_status":"open","sticky":false,"template":"","format":"standard","meta":{"_lmt_disableupdate":"","_lmt_disable":"","footnotes":""},"categories":[90],"tags":[],"class_list":["post-37775","post","type-post","status-publish","format-standard","has-post-thumbnail","hentry","category-idman-butun-xeberler"],"_links":{"self":[{"href":"https:\/\/ucnoqta.az\/index.php?rest_route=\/wp\/v2\/posts\/37775","targetHints":{"allow":["GET"]}}],"collection":[{"href":"https:\/\/ucnoqta.az\/index.php?rest_route=\/wp\/v2\/posts"}],"about":[{"href":"https:\/\/ucnoqta.az\/index.php?rest_route=\/wp\/v2\/types\/post"}],"author":[{"embeddable":true,"href":"https:\/\/ucnoqta.az\/index.php?rest_route=\/wp\/v2\/users\/1"}],"replies":[{"embeddable":true,"href":"https:\/\/ucnoqta.az\/index.php?rest_route=%2Fwp%2Fv2%2Fcomments&post=37775"}],"version-history":[{"count":0,"href":"https:\/\/ucnoqta.az\/index.php?rest_route=\/wp\/v2\/posts\/37775\/revisions"}],"wp:featuredmedia":[{"embeddable":true,"href":"https:\/\/ucnoqta.az\/index.php?rest_route=\/wp\/v2\/media\/251278"}],"wp:attachment":[{"href":"https:\/\/ucnoqta.az\/index.php?rest_route=%2Fwp%2Fv2%2Fmedia&parent=37775"}],"wp:term":[{"taxonomy":"category","embeddable":true,"href":"https:\/\/ucnoqta.az\/index.php?rest_route=%2Fwp%2Fv2%2Fcategories&post=37775"},{"taxonomy":"post_tag","embeddable":true,"href":"https:\/\/ucnoqta.az\/index.php?rest_route=%2Fwp%2Fv2%2Ftags&post=37775"}],"curies":[{"name":"wp","href":"https:\/\/api.w.org\/{rel}","templated":true}]}}