{"id":37774,"date":"2016-09-21T10:00:35","date_gmt":"2016-09-21T06:00:35","guid":{"rendered":""},"modified":"-0001-11-30T00:00:00","modified_gmt":"-0001-11-29T20:00:00","slug":"","status":"publish","type":"post","link":"https:\/\/ucnoqta.az\/?p=37774","title":{"rendered":"<font color=blue>\u018frdo\u011fan:<\/font><font color=red> &#8220;Qafqazdak\u0131 m\u00fcnaqi\u015f\u0259l\u0259r qaynar m\u0259rh\u0259l\u0259y\u0259 ke\u00e7\u0259 bil\u0259r&#8221;<\/font>"},"content":{"rendered":"<h1 style=\"color: rgb(19, 49, 127); font-family: pf_din_text_cond_promedium, Arial, sans-serif; margin: 15px 0px 5px; font-size: 42px; line-height: normal;\"><span style=\"font-family: Arial, sans-serif; font-size: 18px; line-height: 1.6; color: rgb(51, 51, 51);\">G\u0259l\u0259c\u0259k n\u0259sill\u0259rin \u0259min-amanl\u0131\u011f\u0131, rifah\u0131 v\u0259 t\u0259hl&uuml;k\u0259sizliyi bizim ataca\u011f\u0131m\u0131z add\u0131mlardan, g&ouml;r\u0259c\u0259yimiz i\u015fl\u0259rd\u0259n as\u0131l\u0131d\u0131r.<\/span><\/h1>\n<p style=\"line-height: 1.6; font-size: 18px; margin-top: 5px; margin-bottom: 20px; font-family: Arial, sans-serif;\"><strong>Ucnoqta.az<\/strong>-\u0131n&nbsp;<a href=\"http:\/\/aa.com.tr\/ru\/%D0%B7%D0%B0%D0%B3%D0%BE%D0%BB%D0%BE%D0%B2%D0%BA%D0%B8-%D0%B4%D0%BD%D1%8F\/%D1%81%D0%BF%D0%BE%D0%BA%D0%BE%D0%B9%D1%81%D1%82%D0%B2%D0%B8%D0%B5-%D0%B1%D1%83%D0%B4%D1%83%D1%89%D0%B8%D1%85-%D0%BF%D0%BE%D0%BA%D0%BE%D0%BB%D0%B5%D0%BD%D0%B8%D0%B9-%D0%B7%D0%B0%D0%B2%D0%B8%D1%81%D0%B8%D1%82-%D0%BE%D1%82-%D1%88%D0%B0%D0%B3%D0%BE%D0%B2-%D0%BA%D0%BE%D1%82%D0%BE%D1%80%D1%8B%D0%B5-%D0%BC%D1%8B-%D0%BF%D1%80%D0%B5%D0%B4%D0%BF%D1%80%D0%B8%D0%BC%D0%B5%D0%BC\/649476\" style=\"color: rgb(19, 49, 127);\" target=\"_blank\">Anadolu<\/a>&nbsp;agentliyin\u0259 istinad\u0259n m\u0259lumat\u0131na g&ouml;r\u0259, bu bar\u0259d\u0259 T&uuml;rkiy\u0259 prezidenti&nbsp;<strong>R\u0259c\u0259b Tayyip \u018frdo\u011fan&nbsp;<\/strong>BMT Ba\u015f Assambleyas\u0131n\u0131n 71-ci sessiyas\u0131nda &ccedil;\u0131x\u0131\u015f\u0131 zaman\u0131 b\u0259yan edib.<\/p>\n<p style=\"line-height: 1.6; font-size: 18px; margin-top: 5px; margin-bottom: 20px; font-family: Arial, sans-serif;\">Onun s&ouml;zl\u0259rin\u0259 g&ouml;r\u0259, bu g&uuml;n Suriya v\u0259 \u0130raq da daxil olmaqla, m&uuml;naqi\u015f\u0259 zonalar\u0131nda y&uuml;z minl\u0259rl\u0259 u\u015faq, qad\u0131n v\u0259 ya\u015fl\u0131 insan &ouml;ld&uuml;r&uuml;l&uuml;r. &Ouml;l&uuml;m v\u0259 zorak\u0131l\u0131qdan qa&ccedil;anlar\u0131 is\u0259 Avropa \u015f\u0259h\u0259rl\u0259rind\u0259 al&ccedil;ald\u0131rlar v\u0259 t\u0259hqir edirl\u0259r.<\/p>\n<p style=\"line-height: 1.6; font-size: 18px; margin-top: 5px; margin-bottom: 20px; font-family: Arial, sans-serif;\">&ldquo;\u0130\u015e\u0130D, C\u0259bh\u0259t \u0259n-N&uuml;sra v\u0259 PKK terror t\u0259\u015fkilatlar\u0131 regionda f\u0259aliyy\u0259tl\u0259rini davam etdirirl\u0259r. Qafqazdak\u0131 m&uuml;naqi\u015f\u0259l\u0259rin qaynar m\u0259rh\u0259l\u0259y\u0259 ke&ccedil;m\u0259si riski var. Eyni zamanda bir &ccedil;ox &ouml;lk\u0259nin sakinl\u0259ri acl\u0131qdan, x\u0259st\u0259likd\u0259n v\u0259 yoxsulluqdan \u0259ziyy\u0259t &ccedil;\u0259kirl\u0259r. Bu m\u0259nz\u0259r\u0259 b\u0259\u015f\u0259riyy\u0259t &uuml;&ccedil;&uuml;n utanvericidir&rdquo;, &#8211; \u018frdo\u011fan deyib.<\/p>\n","protected":false},"excerpt":{"rendered":"<p>G\u0259l\u0259c\u0259k n\u0259sill\u0259rin \u0259min-amanl\u0131\u011f\u0131, rifah\u0131 v\u0259 t\u0259hl&uuml;k\u0259sizliyi bizim ataca\u011f\u0131m\u0131z add\u0131mlardan, g&ouml;r\u0259c\u0259yimiz i\u015fl\u0259rd\u0259n as\u0131l\u0131d\u0131r. Ucnoqta.az-\u0131n&nbsp;Anadolu&nbsp;agentliyin\u0259 istinad\u0259n m\u0259lumat\u0131na g&ouml;r\u0259, bu bar\u0259d\u0259 T&uuml;rkiy\u0259 prezidenti&nbsp;R\u0259c\u0259b Tayyip \u018frdo\u011fan&nbsp;BMT Ba\u015f Assambleyas\u0131n\u0131n 71-ci sessiyas\u0131nda &ccedil;\u0131x\u0131\u015f\u0131 zaman\u0131 b\u0259yan edib.&hellip;<\/p>\n","protected":false},"author":1,"featured_media":251278,"comment_status":"open","ping_status":"open","sticky":false,"template":"","format":"standard","meta":{"_lmt_disableupdate":"","_lmt_disable":"","footnotes":""},"categories":[89],"tags":[],"class_list":["post-37774","post","type-post","status-publish","format-standard","has-post-thumbnail","hentry","category-dunya-butun-xeberler"],"_links":{"self":[{"href":"https:\/\/ucnoqta.az\/index.php?rest_route=\/wp\/v2\/posts\/37774","targetHints":{"allow":["GET"]}}],"collection":[{"href":"https:\/\/ucnoqta.az\/index.php?rest_route=\/wp\/v2\/posts"}],"about":[{"href":"https:\/\/ucnoqta.az\/index.php?rest_route=\/wp\/v2\/types\/post"}],"author":[{"embeddable":true,"href":"https:\/\/ucnoqta.az\/index.php?rest_route=\/wp\/v2\/users\/1"}],"replies":[{"embeddable":true,"href":"https:\/\/ucnoqta.az\/index.php?rest_route=%2Fwp%2Fv2%2Fcomments&post=37774"}],"version-history":[{"count":0,"href":"https:\/\/ucnoqta.az\/index.php?rest_route=\/wp\/v2\/posts\/37774\/revisions"}],"wp:featuredmedia":[{"embeddable":true,"href":"https:\/\/ucnoqta.az\/index.php?rest_route=\/wp\/v2\/media\/251278"}],"wp:attachment":[{"href":"https:\/\/ucnoqta.az\/index.php?rest_route=%2Fwp%2Fv2%2Fmedia&parent=37774"}],"wp:term":[{"taxonomy":"category","embeddable":true,"href":"https:\/\/ucnoqta.az\/index.php?rest_route=%2Fwp%2Fv2%2Fcategories&post=37774"},{"taxonomy":"post_tag","embeddable":true,"href":"https:\/\/ucnoqta.az\/index.php?rest_route=%2Fwp%2Fv2%2Ftags&post=37774"}],"curies":[{"name":"wp","href":"https:\/\/api.w.org\/{rel}","templated":true}]}}