{"id":37772,"date":"2016-09-21T11:23:55","date_gmt":"2016-09-21T07:23:55","guid":{"rendered":""},"modified":"-0001-11-30T00:00:00","modified_gmt":"-0001-11-29T20:00:00","slug":"","status":"publish","type":"post","link":"https:\/\/ucnoqta.az\/?p=37772","title":{"rendered":"A\u0130 Az\u0259rbaycana 13,5 milyon avro ay\u0131r\u0131b"},"content":{"rendered":"<p><span style=\"line-height: 1.6em;\">Avropa \u0130ttifaq\u0131 (A\u0130) Az\u0259rbaycanda maliyy\u0259, iqtisadiyyat v\u0259 m\u0259hk\u0259m\u0259 hakimiyy\u0259ti sah\u0259l\u0259rind\u0259 m\u0259qs\u0259dy&ouml;nl&uuml; yard\u0131m vasit\u0259sil\u0259 Az\u0259rbaycana iqtisadiyyat\u0131n \u015fax\u0259l\u0259ndirilm\u0259sin\u0259 d\u0259st\u0259yi davam etdirm\u0259yi n\u0259z\u0259rd\u0259 tutan yard\u0131m paketini a&ccedil;\u0131qlay\u0131b.<\/span><span style=\"line-height: 1.6em;\">Bu bar\u0259d\u0259 Trend-\u0259 A\u0130-nin Az\u0259rbaycandak\u0131 n&uuml;may\u0259nd\u0259liyind\u0259n m\u0259lumat verilib.<\/span><span style=\"line-height: 1.6em;\">13.5 milyon avro miqdar\u0131nda fond \u0259sas h&ouml;kum\u0259t idar\u0259l\u0259rini yard\u0131mla t\u0259min ed\u0259r\u0259k ki&ccedil;ik v\u0259 orta biznesin r\u0259qab\u0259t qabiliyy\u0259tinin art\u0131r\u0131lmas\u0131 v\u0259 ixrac imkanlar\u0131n\u0131n geni\u015fl\u0259ndirilm\u0259si, h\u0259m&ccedil;inin biznes m&uuml;hitinin yax\u015f\u0131la\u015fd\u0131r\u0131lmas\u0131n\u0131 diqq\u0259t m\u0259rk\u0259zind\u0259 saxlayacaq.<\/span><br \/>\n<span style=\"line-height: 1.6em;\">Texniki \u018fm\u0259kda\u015fl\u0131q \u0130mkan\u0131 proqram\u0131 ki&ccedil;ik v\u0259 orta biznesin r\u0259qab\u0259t qabiliyy\u0259tinin v\u0259 ixrac f\u0259aliyy\u0259tl\u0259rinin art\u0131r\u0131lmas\u0131 v\u0259 n\u0259tic\u0259 etibaril\u0259 &ouml;lk\u0259nin qeyri-neft &Uuml;DM art\u0131m\u0131 v\u0259 i\u015f yerl\u0259ri a&ccedil;maq imkan\u0131n\u0131 y&uuml;ks\u0259ltm\u0259yi h\u0259d\u0259f g&ouml;t&uuml;r\u0259c\u0259k. O, m&uuml;\u0259ssis\u0259l\u0259rin m&uuml;asirl\u0259\u015fm\u0259sini, h\u0259m&ccedil;inin t\u0259nziml\u0259yici v\u0259 operativ m&uuml;hiti d\u0259st\u0259kl\u0259y\u0259c\u0259k. Proqram bacar\u0131qlar\u0131n v\u0259 sahibkarl\u0131\u011f\u0131n g\u0259l\u0259c\u0259k inki\u015faf\u0131, maliyy\u0259 v\u0259 beyn\u0259lmil\u0259ll\u0259\u015fdirm\u0259y\u0259 ke&ccedil;id &uuml;&ccedil;&uuml;n s\u0259ri\u015ft\u0259nin yarad\u0131lmas\u0131n\u0131 diqq\u0259t m\u0259rk\u0259zind\u0259 saxlayacaq.<\/span><br \/>\n<span style=\"line-height: 1.6em;\">Bu t\u0259\u015f\u0259bb&uuml;s biznes m&uuml;hitinin inki\u015faf\u0131na t&ouml;hf\u0259 ver\u0259c\u0259k.<\/span><br \/>\n<span style=\"line-height: 1.6em;\">Bununla yana\u015f\u0131, proqram Az\u0259rbaycandak\u0131 \u0259sas maliyy\u0259 institutlar\u0131n\u0131n d&ouml;vl\u0259t x\u0259rcl\u0259ri v\u0259 g\u0259lir y\u0131\u011f\u0131m\u0131n\u0131n s\u0259m\u0259r\u0259liliyinin inki\u015faf\u0131n\u0131, bel\u0259likl\u0259, \u0259n yax\u015f\u0131 A\u0130 t\u0259cr&uuml;b\u0259 v\u0259 standartlar\u0131na uy\u011fun olaraq m\u0259suliyy\u0259ti art\u0131raraq d\u0259st\u0259kl\u0259y\u0259c\u0259k.<\/span><br \/>\n<span style=\"line-height: 1.6em;\">Bu ikit\u0259r\u0259fli yard\u0131m paketi A\u0130 v\u0259 Az\u0259rbaycan\u0131n bir ne&ccedil;\u0259 \u0259m\u0259kda\u015fl\u0131q sah\u0259sind\u0259 ir\u0259lil\u0259m\u0259k ist\u0259yini t\u0259sdiql\u0259yir v\u0259 yeni ikit\u0259r\u0259fli sazi\u015fin g\u0259l\u0259c\u0259k m&uuml;zakir\u0259l\u0259rini d\u0259st\u0259kl\u0259y\u0259c\u0259k.<\/span><br \/>\n<span style=\"line-height: 1.6em;\">M\u0259lumatda qeyd olunur ki, Az\u0259rbaycan &ouml;t\u0259n on il \u0259rzind\u0259 yoxsullu\u011fun azald\u0131lmas\u0131 istiqam\u0259tind\u0259 \u0259h\u0259miyy\u0259tli ir\u0259lil\u0259yi\u015f \u0259ld\u0259 ed\u0259r\u0259k iqtisadiyyatda g&uuml;cl&uuml; inki\u015faf \u0259ld\u0259 edib. \u0130qtisadiyyat\u0131n \u015fax\u0259l\u0259ndirilm\u0259si h&ouml;kum\u0259tin \u0259sas prioriteti, h\u0259m&ccedil;inin \u0130qtisadi Qon\u015fuluq Siyas\u0259tinin (ENP) icmal\u0131n\u0131n vur\u011fulad\u0131\u011f\u0131 qon\u015fuluqda iqtisadi b\u0259rpa g&uuml;c&uuml;n&uuml; t\u0259min ed\u0259n \u0259sas sah\u0259dir.<\/span><br \/>\n<span style=\"line-height: 1.6em;\">Maliyy\u0259 apar\u0131c\u0131 maliyy\u0259 v\u0259 \u0259m\u0259kda\u015fl\u0131q al\u0259ti olan Avropa Qon\u015fuluq Al\u0259tind\u0259n (ENI) g\u0259lir, onun vasit\u0259sil\u0259 d\u0259 maliyy\u0259 Az\u0259rbaycan da daxil olmaqla, \u0130qtisadi Qon\u015fuluq Siyas\u0259ti (ENP) &ouml;lk\u0259l\u0259rin\u0259 verilir.<\/span><br \/>\n<span style=\"line-height: 1.6em;\">A\u0130-n\u0131n Az\u0259rbaycana cari proqram m&uuml;dd\u0259ti 2014-2017-ci ill\u0259r &uuml;&ccedil;&uuml;n yard\u0131m\u0131n\u0131n \u0259sas m\u0259rk\u0259zi Vahid D\u0259st\u0259k &Ccedil;\u0259r&ccedil;iv\u0259sind\u0259 g&ouml;st\u0259rildiyi kimi &uuml;&ccedil; sektoru &#8211; t\u0259hsil, regionlar\u0131n v\u0259 k\u0259nd yerl\u0259rinin inki\u015faf\u0131 v\u0259 \u0259dliyy\u0259 sah\u0259sini \u0259hat\u0259 edir.<\/span><\/p>\n","protected":false},"excerpt":{"rendered":"<p>Avropa \u0130ttifaq\u0131 (A\u0130) Az\u0259rbaycanda maliyy\u0259, iqtisadiyyat v\u0259 m\u0259hk\u0259m\u0259 hakimiyy\u0259ti sah\u0259l\u0259rind\u0259 m\u0259qs\u0259dy&ouml;nl&uuml; yard\u0131m vasit\u0259sil\u0259 Az\u0259rbaycana iqtisadiyyat\u0131n \u015fax\u0259l\u0259ndirilm\u0259sin\u0259 d\u0259st\u0259yi davam etdirm\u0259yi n\u0259z\u0259rd\u0259 tutan yard\u0131m paketini a&ccedil;\u0131qlay\u0131b.Bu bar\u0259d\u0259 Trend-\u0259 A\u0130-nin Az\u0259rbaycandak\u0131 n&uuml;may\u0259nd\u0259liyind\u0259n m\u0259lumat&hellip;<\/p>\n","protected":false},"author":1,"featured_media":251278,"comment_status":"open","ping_status":"open","sticky":false,"template":"","format":"standard","meta":{"_lmt_disableupdate":"","_lmt_disable":"","footnotes":""},"categories":[88],"tags":[],"class_list":["post-37772","post","type-post","status-publish","format-standard","has-post-thumbnail","hentry","category-ekonomika"],"_links":{"self":[{"href":"https:\/\/ucnoqta.az\/index.php?rest_route=\/wp\/v2\/posts\/37772","targetHints":{"allow":["GET"]}}],"collection":[{"href":"https:\/\/ucnoqta.az\/index.php?rest_route=\/wp\/v2\/posts"}],"about":[{"href":"https:\/\/ucnoqta.az\/index.php?rest_route=\/wp\/v2\/types\/post"}],"author":[{"embeddable":true,"href":"https:\/\/ucnoqta.az\/index.php?rest_route=\/wp\/v2\/users\/1"}],"replies":[{"embeddable":true,"href":"https:\/\/ucnoqta.az\/index.php?rest_route=%2Fwp%2Fv2%2Fcomments&post=37772"}],"version-history":[{"count":0,"href":"https:\/\/ucnoqta.az\/index.php?rest_route=\/wp\/v2\/posts\/37772\/revisions"}],"wp:featuredmedia":[{"embeddable":true,"href":"https:\/\/ucnoqta.az\/index.php?rest_route=\/wp\/v2\/media\/251278"}],"wp:attachment":[{"href":"https:\/\/ucnoqta.az\/index.php?rest_route=%2Fwp%2Fv2%2Fmedia&parent=37772"}],"wp:term":[{"taxonomy":"category","embeddable":true,"href":"https:\/\/ucnoqta.az\/index.php?rest_route=%2Fwp%2Fv2%2Fcategories&post=37772"},{"taxonomy":"post_tag","embeddable":true,"href":"https:\/\/ucnoqta.az\/index.php?rest_route=%2Fwp%2Fv2%2Ftags&post=37772"}],"curies":[{"name":"wp","href":"https:\/\/api.w.org\/{rel}","templated":true}]}}