{"id":34860,"date":"2016-06-27T11:24:11","date_gmt":"2016-06-27T07:24:11","guid":{"rendered":""},"modified":"-0001-11-30T00:00:00","modified_gmt":"-0001-11-29T20:00:00","slug":"","status":"publish","type":"post","link":"https:\/\/ucnoqta.az\/?p=34860","title":{"rendered":"<font color=red><b>&#8220;Az\u0259rbaycan NATO il\u0259 \u0259m\u0259kda\u015fl\u0131q s\u0259viyy\u0259sind\u0259n raz\u0131d\u0131r&#8221;<\/b><\/font>"},"content":{"rendered":"<p><span style=\"line-height: 1.6em;\">&nbsp;&quot;NATO v\u0259 Az\u0259rbaycan aras\u0131nda m&uuml;nt\u0259z\u0259m siyasi dialoq qurulub&quot;.&nbsp;<\/span><span style=\"line-height: 1.6em;\">Bu bar\u0259d\u0259 Az\u0259rbaycan X\u0130N Beyn\u0259lxalq T\u0259hl&uuml;k\u0259sizlik \u0130dar\u0259sinin r\u0259isi Qaya M\u0259mm\u0259dov NATO-nun Az\u0259rbaycandak\u0131 Beyn\u0259lxalq m\u0259kt\u0259bin (N\u0130SA) Yay Sessiyas\u0131n\u0131n a&ccedil;\u0131l\u0131\u015f m\u0259rasimind\u0259 bildirib. <\/span><span style=\"line-height: 1.6em;\">&quot;Az\u0259rbaycan NATO-nu t\u0259hl&uuml;k\u0259sizliyin qorunmas\u0131 &uuml;zr\u0259 vacib<\/span><span style=\"line-height: 1.6em;\">&nbsp;qurum hesab edir&quot;, &#8211; Q.M\u0259mm\u0259dov deyib. O, sessiya i\u015ftirak&ccedil;\u0131lar\u0131na Az\u0259rbaycan\u0131n NATO il\u0259 \u0259m\u0259kda\u015fl\u0131\u011f\u0131 haqq\u0131nda dan\u0131\u015f\u0131b v\u0259 vur\u011fulay\u0131b ki, Az\u0259rbaycan Alyans\u0131n \u018ffqan\u0131standak\u0131 s&uuml;lhm\u0259raml\u0131 missiyas\u0131n\u0131n bir hiss\u0259sidir.&nbsp;<\/span><\/p>\n<p>X\u0130N idar\u0259sinin r\u0259isi qeyd edib ki, Az\u0259rbaycan t\u0259r\u0259fi Alyansla haz\u0131rk\u0131 \u0259m\u0259kda\u015fl\u0131q s\u0259viyy\u0259sind\u0259n raz\u0131d\u0131r. O bildirib ki, NATO Az\u0259rbaycan\u0131n suverenliyi v\u0259 \u0259razi b&uuml;t&ouml;vl&uuml;y&uuml;n\u0259 h&ouml;rm\u0259t edir.<br \/>\nNATO-nun Var\u015fava Sammiti v\u0259 Alyans\u0131n regional &ccedil;a\u011f\u0131r\u0131\u015flara m&uuml;nasib\u0259td\u0259 roluna h\u0259sr olunan N\u0130SA-n\u0131n haz\u0131rk\u0131 sessiyas\u0131 iyulun 1-d\u0259 ba\u015fa &ccedil;atacaq. Sessiyada d&uuml;nyan\u0131n 17 &ouml;lk\u0259sind\u0259n 40 n&uuml;may\u0259nd\u0259 i\u015ftirak edir.&nbsp;<\/p>\n","protected":false},"excerpt":{"rendered":"<p>&nbsp;&quot;NATO v\u0259 Az\u0259rbaycan aras\u0131nda m&uuml;nt\u0259z\u0259m siyasi dialoq qurulub&quot;.&nbsp;Bu bar\u0259d\u0259 Az\u0259rbaycan X\u0130N Beyn\u0259lxalq T\u0259hl&uuml;k\u0259sizlik \u0130dar\u0259sinin r\u0259isi Qaya M\u0259mm\u0259dov NATO-nun Az\u0259rbaycandak\u0131 Beyn\u0259lxalq m\u0259kt\u0259bin (N\u0130SA) Yay Sessiyas\u0131n\u0131n a&ccedil;\u0131l\u0131\u015f m\u0259rasimind\u0259 bildirib. &quot;Az\u0259rbaycan NATO-nu t\u0259hl&uuml;k\u0259sizliyin&hellip;<\/p>\n","protected":false},"author":1,"featured_media":251278,"comment_status":"open","ping_status":"open","sticky":false,"template":"","format":"standard","meta":{"_lmt_disableupdate":"","_lmt_disable":"","footnotes":""},"categories":[86],"tags":[],"class_list":["post-34860","post","type-post","status-publish","format-standard","has-post-thumbnail","hentry","category-siyaset"],"_links":{"self":[{"href":"https:\/\/ucnoqta.az\/index.php?rest_route=\/wp\/v2\/posts\/34860","targetHints":{"allow":["GET"]}}],"collection":[{"href":"https:\/\/ucnoqta.az\/index.php?rest_route=\/wp\/v2\/posts"}],"about":[{"href":"https:\/\/ucnoqta.az\/index.php?rest_route=\/wp\/v2\/types\/post"}],"author":[{"embeddable":true,"href":"https:\/\/ucnoqta.az\/index.php?rest_route=\/wp\/v2\/users\/1"}],"replies":[{"embeddable":true,"href":"https:\/\/ucnoqta.az\/index.php?rest_route=%2Fwp%2Fv2%2Fcomments&post=34860"}],"version-history":[{"count":0,"href":"https:\/\/ucnoqta.az\/index.php?rest_route=\/wp\/v2\/posts\/34860\/revisions"}],"wp:featuredmedia":[{"embeddable":true,"href":"https:\/\/ucnoqta.az\/index.php?rest_route=\/wp\/v2\/media\/251278"}],"wp:attachment":[{"href":"https:\/\/ucnoqta.az\/index.php?rest_route=%2Fwp%2Fv2%2Fmedia&parent=34860"}],"wp:term":[{"taxonomy":"category","embeddable":true,"href":"https:\/\/ucnoqta.az\/index.php?rest_route=%2Fwp%2Fv2%2Fcategories&post=34860"},{"taxonomy":"post_tag","embeddable":true,"href":"https:\/\/ucnoqta.az\/index.php?rest_route=%2Fwp%2Fv2%2Ftags&post=34860"}],"curies":[{"name":"wp","href":"https:\/\/api.w.org\/{rel}","templated":true}]}}