{"id":34855,"date":"2016-06-27T11:03:38","date_gmt":"2016-06-27T07:03:38","guid":{"rendered":""},"modified":"-0001-11-30T00:00:00","modified_gmt":"-0001-11-29T20:00:00","slug":"","status":"publish","type":"post","link":"https:\/\/ucnoqta.az\/?p=34855","title":{"rendered":"T\u00fcrkiy\u0259d\u0259 1 \u0259sg\u0259r \u015f\u0259hid  olub, 2 yaral\u0131"},"content":{"rendered":"<p><span style=\"line-height: 1.6em;\">T&uuml;rkiy\u0259d\u0259 \u0259sg\u0259r \u015f\u0259hid &nbsp;olub.<\/span><span style=\"line-height: 1.6em;\">Lent.az-\u0131n T&uuml;rkiy\u0259 medias\u0131na istinad\u0259n m\u0259lumat\u0131na g&ouml;r\u0259, Bitlisd\u0259 apar\u0131lan \u0259m\u0259liyyatlar zaman\u0131 PKK t\u0259r\u0259find\u0259n yola partlay\u0131c\u0131 madd\u0259l\u0259r d&ouml;\u015f\u0259nib. Partlay\u0131clar\u0131 i\u015f\u0259 d&uuml;\u015f\u0259n zaman bir \u0259sg\u0259r \u015f\u0259hid olub, ikisi is\u0259 a\u011f\u0131r yaralan\u0131b. &nbsp;Yaral\u0131lar t\u0259cili olaraq x\u0259st\u0259xanaya &ccedil;atd\u0131r\u0131l\u0131b. Onlar\u0131n v\u0259ziyy\u0259ti a\u011f\u0131r hesab olunur.<\/span><\/p>\n<p>M\u0259s\u0259l\u0259 il\u0259 ba\u011fl\u0131 T&uuml;rkiy\u0259nin M&uuml;dafi\u0259 Nazirliyi r\u0259smi m\u0259lumat yayaraq \u015f\u0259hidin ail\u0259sin\u0259 s\u0259br dil\u0259yib<\/p>\n","protected":false},"excerpt":{"rendered":"<p>T&uuml;rkiy\u0259d\u0259 \u0259sg\u0259r \u015f\u0259hid &nbsp;olub.Lent.az-\u0131n T&uuml;rkiy\u0259 medias\u0131na istinad\u0259n m\u0259lumat\u0131na g&ouml;r\u0259, Bitlisd\u0259 apar\u0131lan \u0259m\u0259liyyatlar zaman\u0131 PKK t\u0259r\u0259find\u0259n yola partlay\u0131c\u0131 madd\u0259l\u0259r d&ouml;\u015f\u0259nib. Partlay\u0131clar\u0131 i\u015f\u0259 d&uuml;\u015f\u0259n zaman bir \u0259sg\u0259r \u015f\u0259hid olub, ikisi is\u0259 a\u011f\u0131r&hellip;<\/p>\n","protected":false},"author":1,"featured_media":251278,"comment_status":"open","ping_status":"open","sticky":false,"template":"","format":"standard","meta":{"_lmt_disableupdate":"","_lmt_disable":"","footnotes":""},"categories":[89],"tags":[],"class_list":["post-34855","post","type-post","status-publish","format-standard","has-post-thumbnail","hentry","category-dunya-butun-xeberler"],"_links":{"self":[{"href":"https:\/\/ucnoqta.az\/index.php?rest_route=\/wp\/v2\/posts\/34855","targetHints":{"allow":["GET"]}}],"collection":[{"href":"https:\/\/ucnoqta.az\/index.php?rest_route=\/wp\/v2\/posts"}],"about":[{"href":"https:\/\/ucnoqta.az\/index.php?rest_route=\/wp\/v2\/types\/post"}],"author":[{"embeddable":true,"href":"https:\/\/ucnoqta.az\/index.php?rest_route=\/wp\/v2\/users\/1"}],"replies":[{"embeddable":true,"href":"https:\/\/ucnoqta.az\/index.php?rest_route=%2Fwp%2Fv2%2Fcomments&post=34855"}],"version-history":[{"count":0,"href":"https:\/\/ucnoqta.az\/index.php?rest_route=\/wp\/v2\/posts\/34855\/revisions"}],"wp:featuredmedia":[{"embeddable":true,"href":"https:\/\/ucnoqta.az\/index.php?rest_route=\/wp\/v2\/media\/251278"}],"wp:attachment":[{"href":"https:\/\/ucnoqta.az\/index.php?rest_route=%2Fwp%2Fv2%2Fmedia&parent=34855"}],"wp:term":[{"taxonomy":"category","embeddable":true,"href":"https:\/\/ucnoqta.az\/index.php?rest_route=%2Fwp%2Fv2%2Fcategories&post=34855"},{"taxonomy":"post_tag","embeddable":true,"href":"https:\/\/ucnoqta.az\/index.php?rest_route=%2Fwp%2Fv2%2Ftags&post=34855"}],"curies":[{"name":"wp","href":"https:\/\/api.w.org\/{rel}","templated":true}]}}