{"id":34451,"date":"2016-06-13T14:59:05","date_gmt":"2016-06-13T10:59:05","guid":{"rendered":""},"modified":"-0001-11-30T00:00:00","modified_gmt":"-0001-11-29T20:00:00","slug":"","status":"publish","type":"post","link":"https:\/\/ucnoqta.az\/?p=34451","title":{"rendered":"<b>\u201cQar\u015f\u0131l\u0131ql\u0131 anlay\u0131\u015f v\u0259 birg\u0259 ya\u015fam&#8230;\u201d<\/b>"},"content":{"rendered":"<p><span style=\"line-height: 1.6em;\">&ldquo;V\u0259t\u0259np\u0259rv\u0259r Maarif&ccedil;i G\u0259ncl\u0259r&rdquo; \u0130ctimai Birliyi &ldquo;Qar\u015f\u0131l\u0131ql\u0131 anlay\u0131\u015f v\u0259 birg\u0259 ya\u015fam &ndash; Az\u0259rbaycan tolerantl\u0131q modelinin region g\u0259ncl\u0259rin\u0259 t\u0259qdimat\u0131&rdquo; adl\u0131 layih\u0259 &ccedil;\u0259r&ccedil;iv\u0259sind\u0259 t\u0259liml\u0259r\u0259 start vermi\u015fdir. Az\u0259rbaycan Respublikas\u0131 Prezidenti yan\u0131nda G\u0259ncl\u0259r Fondunun maliyy\u0259 d\u0259st\u0259yi, Dini Qurumlarla \u0130\u015f &uuml;zr\u0259 D&ouml;vl\u0259t Komit\u0259sinin t\u0259r\u0259fda\u015fl\u0131\u011f\u0131 il\u0259 &ldquo;V\u0259t\u0259np\u0259rv\u0259r Maarif&ccedil;i G\u0259ncl\u0259r&rdquo; \u0130ctimai Birliyi t\u0259r\u0259find\u0259n &ldquo;Qar\u015f\u0131l\u0131ql\u0131 anlay\u0131\u015f v\u0259 birg\u0259 ya\u015fam &ndash; Az\u0259rbaycan tolerantl\u0131q modelinin region g\u0259ncl\u0259rin\u0259 t\u0259qdimat\u0131&rdquo; &nbsp;adl\u0131 layih\u0259 &ccedil;\u0259r&ccedil;iv\u0259sind\u0259 Xa&ccedil;maz v\u0259 Quba rayonunda t\u0259liml\u0259r ke&ccedil;irilmi\u015fdir. T\u0259liml\u0259rd\u0259 region g\u0259ncl\u0259rin\u0259 tolerantl\u0131q v\u0259 multikultiralizm &nbsp;anlay\u0131\u015flar\u0131, tolerantl\u0131\u011f\u0131n tarixi t\u0259kam&uuml;l&uuml; v\u0259 m&uuml;asir d&uuml;nyada &ouml;n\u0259mi bar\u0259d\u0259 &nbsp;geni\u015f m\u0259lumat verilib. T\u0259lim&ccedil;i &#8211; Dini Qurumlarla \u0130\u015f &uuml;zr\u0259 D&ouml;vl\u0259t Komit\u0259sinin Xarici \u0259laq\u0259l\u0259r \u015f&ouml;b\u0259sinin m&uuml;diri Nicat M\u0259mm\u0259dlinin t\u0259qdimat\u0131nda ba\u015f tutmu\u015f t\u0259liml\u0259rd\u0259 Az\u0259rbaycan tolerantl\u0131q modeli v\u0259 multikultural c\u0259miyy\u0259timizin formala\u015fmas\u0131, bu sah\u0259d\u0259 d&ouml;vl\u0259tin h\u0259yata ke&ccedil;irdiyi u\u011furlu siyas\u0259t, qanunvericilik v\u0259 &nbsp;\u0259n\u0259n\u0259l\u0259r haqq\u0131nda veril\u0259n m\u0259lumatlar g\u0259ncl\u0259rin bu sah\u0259d\u0259 bilik v\u0259 bacar\u0131qlar\u0131n\u0131n art\u0131r\u0131lmas\u0131nda unikal \u015fans olmu\u015fdur. D&uuml;nyada nadir d&ouml;vl\u0259tl\u0259rd\u0259 m&ouml;vcud olan tolerant m&uuml;hitimiz v\u0259 multikultural c\u0259miyy\u0259timizin &ouml;z\u0259llikl\u0259ri, m\u0259d\u0259ni d\u0259y\u0259rl\u0259rimizin &ouml;n\u0259mi, tarix\u0259n ba\u015fqa, &ouml;zg\u0259, yad olan d\u0259y\u0259rl\u0259r\u0259 d&ouml;z&uuml;ml&uuml;l&uuml;k v\u0259 h&ouml;rm\u0259timiz, m&uuml;asir Az\u0259rbaycan tolerantl\u0131q modeli v\u0259 onun d&uuml;nyaya n&uuml;mun\u0259 olaraq t\u0259qdim edilm\u0259sinin \u0259h\u0259miyy\u0259ti bar\u0259d\u0259 g\u0259ncl\u0259rd\u0259 daha m&uuml;k\u0259mm\u0259l t\u0259s\u0259vv&uuml;r yarad\u0131lmas\u0131 &uuml;&ccedil;&uuml;n t\u0259lim prosesi qar\u015f\u0131l\u0131ql\u0131 m&uuml;zakir\u0259 v\u0259 sual-cavab \u015f\u0259raitd\u0259 h\u0259yata ke&ccedil;irilib. 10 iyun Xa&ccedil;maz &nbsp;v\u0259 11 iyun Quba \u015f\u0259h\u0259rind\u0259 &uuml;mumilikd\u0259 110 n\u0259f\u0259r\u0259 yax\u0131n g\u0259ncin i\u015ftirak\u0131yla ba\u015f tutmu\u015f t\u0259liml\u0259r u\u011furla h\u0259yata ke&ccedil;irilib.<\/span><\/p>\n<p>T\u0259liml\u0259rd\u0259 yerli icra hakimiyy\u0259tl\u0259rinin, Dini Qurumlarla \u0130\u015f &uuml;zr\u0259 D&ouml;vl\u0259t Komit\u0259sinin regional \u015f&ouml;b\u0259l\u0259rinin, G\u0259ncl\u0259r v\u0259 idman idar\u0259l\u0259rinin, region QHT-l\u0259rin v\u0259 K\u0130V-l\u0259rin n&uuml;may\u0259nd\u0259l\u0259ri i\u015ftirak etmi\u015fdir. H\u0259r iki t\u0259limin Az\u0259rbaycan Respublikas\u0131 Prezidenti yan\u0131nda G\u0259ncl\u0259r Fondunun b&ouml;lg\u0259y\u0259 ezam edilmi\u015f n&uuml;may\u0259nd\u0259si t\u0259r\u0259find\u0259n monitorinqi h\u0259yata ke&ccedil;irilib. Region g\u0259ncl\u0259rin\u0259 layih\u0259 &ccedil;\u0259r&ccedil;iv\u0259sind\u0259 n\u0259\u015fr edilmi\u015f &ldquo;Az\u0259rbaycan Tolerantl\u0131q Modeli&rdquo; adl\u0131 maarifl\u0259ndirici kitab paylan\u0131l\u0131b. T\u0259liml\u0259rin sonunda g\u0259ncl\u0259r\u0259 i\u015ftirak&ccedil;\u0131 sertifikatlar\u0131 t\u0259qdim olunub.<\/p>\n","protected":false},"excerpt":{"rendered":"<p>&ldquo;V\u0259t\u0259np\u0259rv\u0259r Maarif&ccedil;i G\u0259ncl\u0259r&rdquo; \u0130ctimai Birliyi &ldquo;Qar\u015f\u0131l\u0131ql\u0131 anlay\u0131\u015f v\u0259 birg\u0259 ya\u015fam &ndash; Az\u0259rbaycan tolerantl\u0131q modelinin region g\u0259ncl\u0259rin\u0259 t\u0259qdimat\u0131&rdquo; adl\u0131 layih\u0259 &ccedil;\u0259r&ccedil;iv\u0259sind\u0259 t\u0259liml\u0259r\u0259 start vermi\u015fdir. Az\u0259rbaycan Respublikas\u0131 Prezidenti yan\u0131nda G\u0259ncl\u0259r Fondunun maliyy\u0259&hellip;<\/p>\n","protected":false},"author":1,"featured_media":251278,"comment_status":"open","ping_status":"open","sticky":false,"template":"","format":"standard","meta":{"_lmt_disableupdate":"","_lmt_disable":"","footnotes":""},"categories":[101],"tags":[],"class_list":["post-34451","post","type-post","status-publish","format-standard","has-post-thumbnail","hentry","category-cemiyyet"],"_links":{"self":[{"href":"https:\/\/ucnoqta.az\/index.php?rest_route=\/wp\/v2\/posts\/34451","targetHints":{"allow":["GET"]}}],"collection":[{"href":"https:\/\/ucnoqta.az\/index.php?rest_route=\/wp\/v2\/posts"}],"about":[{"href":"https:\/\/ucnoqta.az\/index.php?rest_route=\/wp\/v2\/types\/post"}],"author":[{"embeddable":true,"href":"https:\/\/ucnoqta.az\/index.php?rest_route=\/wp\/v2\/users\/1"}],"replies":[{"embeddable":true,"href":"https:\/\/ucnoqta.az\/index.php?rest_route=%2Fwp%2Fv2%2Fcomments&post=34451"}],"version-history":[{"count":0,"href":"https:\/\/ucnoqta.az\/index.php?rest_route=\/wp\/v2\/posts\/34451\/revisions"}],"wp:featuredmedia":[{"embeddable":true,"href":"https:\/\/ucnoqta.az\/index.php?rest_route=\/wp\/v2\/media\/251278"}],"wp:attachment":[{"href":"https:\/\/ucnoqta.az\/index.php?rest_route=%2Fwp%2Fv2%2Fmedia&parent=34451"}],"wp:term":[{"taxonomy":"category","embeddable":true,"href":"https:\/\/ucnoqta.az\/index.php?rest_route=%2Fwp%2Fv2%2Fcategories&post=34451"},{"taxonomy":"post_tag","embeddable":true,"href":"https:\/\/ucnoqta.az\/index.php?rest_route=%2Fwp%2Fv2%2Ftags&post=34451"}],"curies":[{"name":"wp","href":"https:\/\/api.w.org\/{rel}","templated":true}]}}