{"id":34449,"date":"2016-06-13T14:42:00","date_gmt":"2016-06-13T10:42:00","guid":{"rendered":""},"modified":"-0001-11-30T00:00:00","modified_gmt":"-0001-11-29T20:00:00","slug":"","status":"publish","type":"post","link":"https:\/\/ucnoqta.az\/?p=34449","title":{"rendered":"G\u00f6yg\u00f6ld\u0259 polisin idar\u0259 etdiyi avtomobil q\u0259zaya d\u00fc\u015f\u0259r\u0259k yan\u0131b"},"content":{"rendered":"<p><span style=\"line-height: 1.6em;\">Az\u0259rbaycanda polisin idar\u0259 etdiyi avtomobil q\u0259zaya d&uuml;\u015f\u0259r\u0259k yan\u0131b.&nbsp;<\/span><span style=\"line-height: 1.6em;\">&ldquo;Report&rdquo;un <\/span><span style=\"line-height: 1.6em;\">m\u0259lumat\u0131na g&ouml;r\u0259, hadis\u0259 G&ouml;yg&ouml;l rayonu \u0259razisind\u0259 ba\u015f verib.<\/span><span style=\"line-height: 1.6em;\">G\u0259nc\u0259 \u015f\u0259h\u0259r sakini Ceyhun S&uuml;leymanovun idar\u0259 etdiyi VAZ-21099 markal\u0131 avtomobil Da\u015fk\u0259s\u0259n rayon sakini Fiday\u0131l \u018fl\u0259sg\u0259rovun idar\u0259 etdiyi &ldquo;Niva&rdquo; markal\u0131 avtomobill\u0259 toqqu\u015fub.<\/span><\/p>\n<p>Q\u0259zadan sonra &ldquo;Niva&rdquo; markal\u0131 avtoma\u015f\u0131n yan\u0131b.<br \/>\nHadis\u0259 n\u0259tic\u0259sind\u0259 h\u0259r iki s&uuml;r&uuml;c&uuml; a\u011f\u0131r b\u0259d\u0259n x\u0259sar\u0259tl\u0259ri al\u0131b. Yaral\u0131lar G\u0259nc\u0259 \u015f\u0259h\u0259r T\u0259cili Tibbi Yard\u0131m X\u0259st\u0259xanas\u0131na &ccedil;atd\u0131r\u0131l\u0131b.<br \/>\nQeyd ed\u0259k ki, &ldquo;Niva&rdquo; markal\u0131 avtoma\u015f\u0131n\u0131n s&uuml;r&uuml;c&uuml;s&uuml; Fiday\u0131l \u018fl\u0259sg\u0259rov polis \u0259m\u0259kda\u015f\u0131d\u0131r.<\/p>\n","protected":false},"excerpt":{"rendered":"<p>Az\u0259rbaycanda polisin idar\u0259 etdiyi avtomobil q\u0259zaya d&uuml;\u015f\u0259r\u0259k yan\u0131b.&nbsp;&ldquo;Report&rdquo;un m\u0259lumat\u0131na g&ouml;r\u0259, hadis\u0259 G&ouml;yg&ouml;l rayonu \u0259razisind\u0259 ba\u015f verib.G\u0259nc\u0259 \u015f\u0259h\u0259r sakini Ceyhun S&uuml;leymanovun idar\u0259 etdiyi VAZ-21099 markal\u0131 avtomobil Da\u015fk\u0259s\u0259n rayon sakini Fiday\u0131l \u018fl\u0259sg\u0259rovun&hellip;<\/p>\n","protected":false},"author":1,"featured_media":251278,"comment_status":"open","ping_status":"open","sticky":false,"template":"","format":"standard","meta":{"_lmt_disableupdate":"","_lmt_disable":"","footnotes":""},"categories":[],"tags":[],"class_list":["post-34449","post","type-post","status-publish","format-standard","has-post-thumbnail","hentry"],"_links":{"self":[{"href":"https:\/\/ucnoqta.az\/index.php?rest_route=\/wp\/v2\/posts\/34449","targetHints":{"allow":["GET"]}}],"collection":[{"href":"https:\/\/ucnoqta.az\/index.php?rest_route=\/wp\/v2\/posts"}],"about":[{"href":"https:\/\/ucnoqta.az\/index.php?rest_route=\/wp\/v2\/types\/post"}],"author":[{"embeddable":true,"href":"https:\/\/ucnoqta.az\/index.php?rest_route=\/wp\/v2\/users\/1"}],"replies":[{"embeddable":true,"href":"https:\/\/ucnoqta.az\/index.php?rest_route=%2Fwp%2Fv2%2Fcomments&post=34449"}],"version-history":[{"count":0,"href":"https:\/\/ucnoqta.az\/index.php?rest_route=\/wp\/v2\/posts\/34449\/revisions"}],"wp:featuredmedia":[{"embeddable":true,"href":"https:\/\/ucnoqta.az\/index.php?rest_route=\/wp\/v2\/media\/251278"}],"wp:attachment":[{"href":"https:\/\/ucnoqta.az\/index.php?rest_route=%2Fwp%2Fv2%2Fmedia&parent=34449"}],"wp:term":[{"taxonomy":"category","embeddable":true,"href":"https:\/\/ucnoqta.az\/index.php?rest_route=%2Fwp%2Fv2%2Fcategories&post=34449"},{"taxonomy":"post_tag","embeddable":true,"href":"https:\/\/ucnoqta.az\/index.php?rest_route=%2Fwp%2Fv2%2Ftags&post=34449"}],"curies":[{"name":"wp","href":"https:\/\/api.w.org\/{rel}","templated":true}]}}