{"id":34434,"date":"2016-06-13T12:30:55","date_gmt":"2016-06-13T08:30:55","guid":{"rendered":""},"modified":"-0001-11-30T00:00:00","modified_gmt":"-0001-11-29T20:00:00","slug":"","status":"publish","type":"post","link":"https:\/\/ucnoqta.az\/?p=34434","title":{"rendered":"\u018fli H\u00fcseynli: <font color=red><b> \u201cM\u00fcxalif\u0259t v\u0259 onlar\u0131n ideya da\u015f\u0131y\u0131c\u0131lar\u0131 bir daha Az\u0259rbaycan hakimiyy\u0259tind\u0259 ola bilm\u0259zl\u0259r\u201d<\/b><\/font>"},"content":{"rendered":"<p>&quot;Az\u0259rbaycan azad, demokratik d&ouml;vl\u0259t kimi f\u0259rqli siyasi bax\u0131\u015flar\u0131n, d&uuml;\u015f&uuml;nc\u0259l\u0259rin m&ouml;vcud oldu\u011fu &ouml;lk\u0259dir. Ola bilsin ki, iqtidar\u0131n siyas\u0259ti il\u0259 raz\u0131la\u015fmayanlar var. Amma bizim \u0259ld\u0259 etdiyimiz \u0259n b&ouml;y&uuml;k nailiyy\u0259tl\u0259rd\u0259n biri ondan ibar\u0259tdir ki, v\u0259t\u0259nda\u015f c\u0259miyy\u0259ti, xalq\u0131n formala\u015fmas\u0131 prosesi ba\u015fa &ccedil;at\u0131b&quot;.<br \/>\n&quot;Report&quot;un x\u0259b\u0259rin\u0259 g&ouml;r\u0259, bunu Milli M\u0259clisin H&uuml;quq siyas\u0259ti v\u0259 d&ouml;vl\u0259t quruculu\u011fu komit\u0259sinin s\u0259dri \u018fli H&uuml;seynli hakim Yeni Az\u0259rbaycan Partiyas\u0131n\u0131n (YAP) r\u0259smi sayt\u0131na m&uuml;sahib\u0259sind\u0259 deyib.<br \/>\n\u018f.H&uuml;seynli bildirib ki, b&uuml;t&uuml;n bunlar\u0131n \u0259sas\u0131nda qurtulu\u015f m\u0259fkur\u0259si dayan\u0131r: &quot;Qurtulu\u015f m\u0259fkur\u0259si Az\u0259rbayc\u0131n\u0131n inki\u015faf\u0131 &uuml;&ccedil;&uuml;n fundament rolunu oynad\u0131. Biz qon\u015fu &ouml;lk\u0259l\u0259rd\u0259 v\u0259ziyy\u0259ti analiz ed\u0259nd\u0259 g&ouml;r&uuml;r&uuml;k ki, onlar Az\u0259rbaycan\u0131n 1993-c&uuml; ild\u0259 ya\u015fad\u0131qlar\u0131n\u0131 indi ya\u015fay\u0131rlar. Ukrayna hadis\u0259l\u0259ri buna bariz n&uuml;mun\u0259dir. Bir s\u0131ra &ouml;lk\u0259l\u0259r milli t\u0259f\u0259kk&uuml;r&uuml;n, v\u0259t\u0259nda\u015f c\u0259miyy\u0259tinin formala\u015fd\u0131r\u0131lmas\u0131 prosesini ba\u015fa &ccedil;atd\u0131rmay\u0131b&quot;.<br \/>\n\u018f.H&uuml;seynli qeyd edib ki, n\u0259 m&uuml;xalif\u0259t, n\u0259 d\u0259 onlar\u0131n ideya da\u015f\u0131y\u0131c\u0131lar\u0131 bir daha Az\u0259rbaycan hakimiyy\u0259tind\u0259 ola bilm\u0259zl\u0259r: &quot;Onlar\u0131n n\u0259 q\u0259d\u0259r xaricd\u0259n havadarlar\u0131 olsa da bel\u0259, xalq buna n\u0259 indi, n\u0259 d\u0259 g\u0259l\u0259c\u0259kd\u0259 imkan verm\u0259z. &Ccedil;&uuml;nki Az\u0259rbaycan &ccedil;ox d\u0259yi\u015fib. O formatda olan siyas\u0259t adamlar\u0131 m&uuml;asir d&ouml;vrd\u0259 he&ccedil; q\u0259bul olunmurlar. Bunu &ouml;zl\u0259ri d\u0259 bilirl\u0259r. Do\u011frudur, bu q&uuml;vv\u0259l\u0259r h\u0259l\u0259 1993-c&uuml; ild\u0259 Heyd\u0259r \u018fliyev hakimiyy\u0259t\u0259 qay\u0131dandan sonra Onun n&uuml;fuzuna z\u0259rb\u0259 vurmaq &uuml;&ccedil;&uuml;n &ccedil;irkin yollara \u0259l atd\u0131lar. Bilirsiniz ki, 1993-c&uuml; ilin iyun ay\u0131ndan sonra bir ne&ccedil;\u0259 rayonumuz Erm\u0259nistan t\u0259r\u0259find\u0259n i\u015f\u011fal olundu. H\u0259min q&uuml;vv\u0259l\u0259r is\u0259 iddia edirdil\u0259r ki, torpaqlar Heyd\u0259r \u018fliyev hakimiyy\u0259t\u0259 g\u0259l\u0259nd\u0259n sonra i\u015f\u011fal olunub. Amma xalq\u0131 altadmaq m&uuml;mk&uuml;n deyil. &Ccedil;&uuml;nki o d&ouml;vrd\u0259 ordu ayr\u0131-ayr\u0131 \u015f\u0259xsl\u0259rin d\u0259st\u0259l\u0259rind\u0259n ibar\u0259t idi v\u0259 h\u0259min d\u0259st\u0259l\u0259r is\u0259 AXC-M&uuml;savat c&uuml;tl&uuml;y&uuml;n\u0259 aid olan adamlara m\u0259xsus idi. O d&ouml;vrd\u0259 h\u0259min d\u0259st\u0259l\u0259r geri &ccedil;\u0259kilm\u0259kl\u0259 ba\u011f\u0131\u015flanmaz s\u0259hvl\u0259r\u0259 yol verdil\u0259r. Y\u0259ni bu i\u015f\u011fala da onlar \u015f\u0259rait yaratd\u0131lar. Bel\u0259 olmasayd\u0131, torpaqlar\u0131m\u0131z\u0131 erm\u0259nil\u0259r bel\u0259 asanl\u0131qla i\u015f\u011fal ed\u0259 bilm\u0259zdil\u0259r. Do\u011frudur, erm\u0259nil\u0259r i\u015f\u011fal&ccedil;\u0131d\u0131r v\u0259 onlar xarici havadarlar\u0131n\u0131n d\u0259st\u0259yi il\u0259 i\u015f\u011fal\u0131 realla\u015fd\u0131rd\u0131lar. Amma dediyim kimi, bu i\u015f\u011fal\u0131n asanl\u0131qla realla\u015fmas\u0131n\u0131n g&uuml;nahkar\u0131 m\u0259hz AXC-M&uuml;savat c&uuml;tl&uuml;y&uuml;n&uuml;n hakimiyy\u0259tind\u0259 t\u0259msil olunan \u015f\u0259xsl\u0259rdir&quot;.<\/p>\n","protected":false},"excerpt":{"rendered":"<p>&quot;Az\u0259rbaycan azad, demokratik d&ouml;vl\u0259t kimi f\u0259rqli siyasi bax\u0131\u015flar\u0131n, d&uuml;\u015f&uuml;nc\u0259l\u0259rin m&ouml;vcud oldu\u011fu &ouml;lk\u0259dir. Ola bilsin ki, iqtidar\u0131n siyas\u0259ti il\u0259 raz\u0131la\u015fmayanlar var. Amma bizim \u0259ld\u0259 etdiyimiz \u0259n b&ouml;y&uuml;k nailiyy\u0259tl\u0259rd\u0259n biri ondan ibar\u0259tdir&hellip;<\/p>\n","protected":false},"author":1,"featured_media":251278,"comment_status":"open","ping_status":"open","sticky":false,"template":"","format":"standard","meta":{"_lmt_disableupdate":"","_lmt_disable":"","footnotes":""},"categories":[86],"tags":[],"class_list":["post-34434","post","type-post","status-publish","format-standard","has-post-thumbnail","hentry","category-siyaset"],"_links":{"self":[{"href":"https:\/\/ucnoqta.az\/index.php?rest_route=\/wp\/v2\/posts\/34434","targetHints":{"allow":["GET"]}}],"collection":[{"href":"https:\/\/ucnoqta.az\/index.php?rest_route=\/wp\/v2\/posts"}],"about":[{"href":"https:\/\/ucnoqta.az\/index.php?rest_route=\/wp\/v2\/types\/post"}],"author":[{"embeddable":true,"href":"https:\/\/ucnoqta.az\/index.php?rest_route=\/wp\/v2\/users\/1"}],"replies":[{"embeddable":true,"href":"https:\/\/ucnoqta.az\/index.php?rest_route=%2Fwp%2Fv2%2Fcomments&post=34434"}],"version-history":[{"count":0,"href":"https:\/\/ucnoqta.az\/index.php?rest_route=\/wp\/v2\/posts\/34434\/revisions"}],"wp:featuredmedia":[{"embeddable":true,"href":"https:\/\/ucnoqta.az\/index.php?rest_route=\/wp\/v2\/media\/251278"}],"wp:attachment":[{"href":"https:\/\/ucnoqta.az\/index.php?rest_route=%2Fwp%2Fv2%2Fmedia&parent=34434"}],"wp:term":[{"taxonomy":"category","embeddable":true,"href":"https:\/\/ucnoqta.az\/index.php?rest_route=%2Fwp%2Fv2%2Fcategories&post=34434"},{"taxonomy":"post_tag","embeddable":true,"href":"https:\/\/ucnoqta.az\/index.php?rest_route=%2Fwp%2Fv2%2Ftags&post=34434"}],"curies":[{"name":"wp","href":"https:\/\/api.w.org\/{rel}","templated":true}]}}