{"id":34402,"date":"2016-06-11T11:25:07","date_gmt":"2016-06-11T07:25:07","guid":{"rendered":""},"modified":"-0001-11-30T00:00:00","modified_gmt":"-0001-11-29T20:00:00","slug":"","status":"publish","type":"post","link":"https:\/\/ucnoqta.az\/?p=34402","title":{"rendered":"PKK-dan n\u00f6vb\u0259ti h\u00fccum: <font color=red><b> 2 \u015f\u0259hid, 4 yaral\u0131<\/b><\/font>"},"content":{"rendered":"<p><span style=\"line-height: 1.6em;\">T&uuml;rkiy\u0259nin Hakkari vilay\u0259tind\u0259 &quot;Tekeli&quot; h\u0259rbi bazas\u0131na &nbsp;PKK terror&ccedil;ular\u0131n\u0131n etdiyi h&uuml;cum n\u0259tic\u0259sind\u0259 2 \u0259sg\u0259r \u015f\u0259hid olub, 4-&uuml; yaralan\u0131b.&nbsp;<\/span><span style=\"line-height: 1.6em;\">APA-n\u0131n &ldquo;Anadolu&rdquo; agentliyin\u0259 istinad\u0259n verdiyi x\u0259b\u0259r\u0259 g&ouml;r\u0259, yaral\u0131 \u0259sg\u0259rl\u0259r helikopterl\u0259rl\u0259 x\u0259st\u0259xanaya g&ouml;nd\u0259rilib.<\/span><br \/>\n<span style=\"line-height: 1.6em;\">B&ouml;lg\u0259d\u0259 terror&ccedil;ular\u0131n z\u0259r\u0259rsizl\u0259\u015fdirilm\u0259si istiqam\u0259tind\u0259 \u0259m\u0259liyyatlar davam edir.<\/span><\/p>\n","protected":false},"excerpt":{"rendered":"<p>T&uuml;rkiy\u0259nin Hakkari vilay\u0259tind\u0259 &quot;Tekeli&quot; h\u0259rbi bazas\u0131na &nbsp;PKK terror&ccedil;ular\u0131n\u0131n etdiyi h&uuml;cum n\u0259tic\u0259sind\u0259 2 \u0259sg\u0259r \u015f\u0259hid olub, 4-&uuml; yaralan\u0131b.&nbsp;APA-n\u0131n &ldquo;Anadolu&rdquo; agentliyin\u0259 istinad\u0259n verdiyi x\u0259b\u0259r\u0259 g&ouml;r\u0259, yaral\u0131 \u0259sg\u0259rl\u0259r helikopterl\u0259rl\u0259 x\u0259st\u0259xanaya g&ouml;nd\u0259rilib. B&ouml;lg\u0259d\u0259 terror&ccedil;ular\u0131n&hellip;<\/p>\n","protected":false},"author":1,"featured_media":251278,"comment_status":"open","ping_status":"open","sticky":false,"template":"","format":"standard","meta":{"_lmt_disableupdate":"","_lmt_disable":"","footnotes":""},"categories":[89],"tags":[],"class_list":["post-34402","post","type-post","status-publish","format-standard","has-post-thumbnail","hentry","category-dunya-butun-xeberler"],"_links":{"self":[{"href":"https:\/\/ucnoqta.az\/index.php?rest_route=\/wp\/v2\/posts\/34402","targetHints":{"allow":["GET"]}}],"collection":[{"href":"https:\/\/ucnoqta.az\/index.php?rest_route=\/wp\/v2\/posts"}],"about":[{"href":"https:\/\/ucnoqta.az\/index.php?rest_route=\/wp\/v2\/types\/post"}],"author":[{"embeddable":true,"href":"https:\/\/ucnoqta.az\/index.php?rest_route=\/wp\/v2\/users\/1"}],"replies":[{"embeddable":true,"href":"https:\/\/ucnoqta.az\/index.php?rest_route=%2Fwp%2Fv2%2Fcomments&post=34402"}],"version-history":[{"count":0,"href":"https:\/\/ucnoqta.az\/index.php?rest_route=\/wp\/v2\/posts\/34402\/revisions"}],"wp:featuredmedia":[{"embeddable":true,"href":"https:\/\/ucnoqta.az\/index.php?rest_route=\/wp\/v2\/media\/251278"}],"wp:attachment":[{"href":"https:\/\/ucnoqta.az\/index.php?rest_route=%2Fwp%2Fv2%2Fmedia&parent=34402"}],"wp:term":[{"taxonomy":"category","embeddable":true,"href":"https:\/\/ucnoqta.az\/index.php?rest_route=%2Fwp%2Fv2%2Fcategories&post=34402"},{"taxonomy":"post_tag","embeddable":true,"href":"https:\/\/ucnoqta.az\/index.php?rest_route=%2Fwp%2Fv2%2Ftags&post=34402"}],"curies":[{"name":"wp","href":"https:\/\/api.w.org\/{rel}","templated":true}]}}