{"id":34401,"date":"2016-06-11T11:21:32","date_gmt":"2016-06-11T07:21:32","guid":{"rendered":""},"modified":"-0001-11-30T00:00:00","modified_gmt":"-0001-11-29T20:00:00","slug":"","status":"publish","type":"post","link":"https:\/\/ucnoqta.az\/?p=34401","title":{"rendered":"Sahibkar\u0131 d\u00f6y\u0259n b\u0259l\u0259diyy\u0259 s\u0259drin\u0259 h\u00f6km oxunub"},"content":{"rendered":"<p>&nbsp;<span style=\"line-height: 1.6em;\">Sabirabad rayon M\u0259hk\u0259m\u0259sind\u0259 sahibkara qar\u015f\u0131 cinay\u0259t t&ouml;r\u0259tm\u0259kd\u0259 t\u0259qsirl\u0259ndiril\u0259n b\u0259l\u0259diyy\u0259 s\u0259dri Fikr\u0259t \u018fmrahovun bar\u0259sind\u0259 olan cinay\u0259t i\u015fi &uuml;zr\u0259 m\u0259hk\u0259m\u0259 prosesi ba\u015fa &ccedil;at\u0131b.&nbsp;<\/span><span style=\"line-height: 1.6em;\">APA-n\u0131n m\u0259lumat\u0131na g&ouml;r\u0259, hakim T\u0259yyar Abbasl\u0131n\u0131n s\u0259drlik etdiyi prosesd\u0259 prokuror &ccedil;\u0131x\u0131\u015f edib. Prokuror Fikr\u0259t \u018fmrahovun 1 il 6 ay m&uuml;dd\u0259tin\u0259 azadl\u0131qdan m\u0259hrum edilm\u0259sini ist\u0259yib. Daha sonra hakim h&ouml;km elan edib. M\u0259hk\u0259m\u0259nin h&ouml;km&uuml; il\u0259 Fikr\u0259t \u018fmrahov ayl\u0131q qazanc\u0131n\u0131n 15 faizi d&ouml;vl\u0259t n\u0259fin\u0259 tutulmaqla 1 il 6 ay m&uuml;dd\u0259tin\u0259 islah i\u015fl\u0259ri c\u0259zas\u0131na m\u0259hkum olunub.<\/span><br \/>\n<span style=\"line-height: 1.6em;\">Qeyd ed\u0259k ki, &ouml;t\u0259n ilin iyun ay\u0131n\u0131n 21-d\u0259 Sabirabad rayonunun H\u0259\u015fimxanl\u0131 k\u0259nd b\u0259l\u0259diyy\u0259sinin s\u0259dri Fikr\u0259t \u018fmrahovla ki&ccedil;ik sahibkarl\u0131q f\u0259aliyy\u0259ti il\u0259 m\u0259\u015f\u011ful olan Aqif N\u0259c\u0259fov aras\u0131nda m&uuml;bahis\u0259 yaran\u0131b. M&uuml;bahis\u0259 zaman\u0131 Fikr\u0259t \u018fmrahov Aqif N\u0259c\u0259fovu d&ouml;y\u0259r\u0259k, ona b\u0259d\u0259n x\u0259sar\u0259ti yetirib.<\/span><br \/>\n<span style=\"line-height: 1.6em;\">Fikr\u0259t \u018fmrahov Cinay\u0259t M\u0259c\u0259ll\u0259sinin 127.1-ci (sa\u011flaml\u0131\u011fa x\u0259sar\u0259t yetirm\u0259) madd\u0259si il\u0259 ittiham edilib.<\/span><\/p>\n","protected":false},"excerpt":{"rendered":"<p>&nbsp;Sabirabad rayon M\u0259hk\u0259m\u0259sind\u0259 sahibkara qar\u015f\u0131 cinay\u0259t t&ouml;r\u0259tm\u0259kd\u0259 t\u0259qsirl\u0259ndiril\u0259n b\u0259l\u0259diyy\u0259 s\u0259dri Fikr\u0259t \u018fmrahovun bar\u0259sind\u0259 olan cinay\u0259t i\u015fi &uuml;zr\u0259 m\u0259hk\u0259m\u0259 prosesi ba\u015fa &ccedil;at\u0131b.&nbsp;APA-n\u0131n m\u0259lumat\u0131na g&ouml;r\u0259, hakim T\u0259yyar Abbasl\u0131n\u0131n s\u0259drlik etdiyi prosesd\u0259 prokuror&hellip;<\/p>\n","protected":false},"author":1,"featured_media":251278,"comment_status":"open","ping_status":"open","sticky":false,"template":"","format":"standard","meta":{"_lmt_disableupdate":"","_lmt_disable":"","footnotes":""},"categories":[],"tags":[],"class_list":["post-34401","post","type-post","status-publish","format-standard","has-post-thumbnail","hentry"],"_links":{"self":[{"href":"https:\/\/ucnoqta.az\/index.php?rest_route=\/wp\/v2\/posts\/34401","targetHints":{"allow":["GET"]}}],"collection":[{"href":"https:\/\/ucnoqta.az\/index.php?rest_route=\/wp\/v2\/posts"}],"about":[{"href":"https:\/\/ucnoqta.az\/index.php?rest_route=\/wp\/v2\/types\/post"}],"author":[{"embeddable":true,"href":"https:\/\/ucnoqta.az\/index.php?rest_route=\/wp\/v2\/users\/1"}],"replies":[{"embeddable":true,"href":"https:\/\/ucnoqta.az\/index.php?rest_route=%2Fwp%2Fv2%2Fcomments&post=34401"}],"version-history":[{"count":0,"href":"https:\/\/ucnoqta.az\/index.php?rest_route=\/wp\/v2\/posts\/34401\/revisions"}],"wp:featuredmedia":[{"embeddable":true,"href":"https:\/\/ucnoqta.az\/index.php?rest_route=\/wp\/v2\/media\/251278"}],"wp:attachment":[{"href":"https:\/\/ucnoqta.az\/index.php?rest_route=%2Fwp%2Fv2%2Fmedia&parent=34401"}],"wp:term":[{"taxonomy":"category","embeddable":true,"href":"https:\/\/ucnoqta.az\/index.php?rest_route=%2Fwp%2Fv2%2Fcategories&post=34401"},{"taxonomy":"post_tag","embeddable":true,"href":"https:\/\/ucnoqta.az\/index.php?rest_route=%2Fwp%2Fv2%2Ftags&post=34401"}],"curies":[{"name":"wp","href":"https:\/\/api.w.org\/{rel}","templated":true}]}}