{"id":34400,"date":"2016-06-11T11:15:17","date_gmt":"2016-06-11T07:15:17","guid":{"rendered":""},"modified":"-0001-11-30T00:00:00","modified_gmt":"-0001-11-29T20:00:00","slug":"","status":"publish","type":"post","link":"https:\/\/ucnoqta.az\/?p=34400","title":{"rendered":"A\u011f Ev:<font color=red><b>&#8220;\u0130\u015f\u011fal edilmi\u015f \u0259razil\u0259r Az\u0259rbaycana qaytar\u0131ls\u0131n&#8221;<\/b><\/font>"},"content":{"rendered":"<p><span style=\"line-height: 1.6em;\">AB\u015e A\u011f Ev administrasiyas\u0131 iyunun 10-da Az\u0259rbaycan \u0259razisinin 20%-ni i\u015f\u011fal ed\u0259n Erm\u0259nistan qo\u015funlar\u0131n\u0131n geri &ccedil;\u0259kilm\u0259sini t\u0259l\u0259b ed\u0259n v\u0259 bax\u0131ms\u0131z S\u0259rs\u0259ng b\u0259ndin\u0259 g&ouml;r\u0259 humanitar f\u0259lak\u0259tl\u0259 &uuml;zl\u0259\u015f\u0259 bil\u0259c\u0259k y&uuml;z minl\u0259rl\u0259 v\u0259t\u0259nda\u015f\u0131n v\u0259ziyy\u0259tini vur\u011fulayan petisiyaya r\u0259smi cavab verdi.&nbsp;<\/span><span style=\"line-height: 1.6em;\">Lent.az-\u0131n m\u0259lumat\u0131na g&ouml;r\u0259, petisiya 330,000-d\u0259n &ccedil;ox s\u0259s toplay\u0131b, bu is\u0259 Obama administrasiyas\u0131n\u0131n petisiyaya cavab verm\u0259si &uuml;&ccedil;&uuml;n laz\u0131m olan imza say\u0131ndan &uuml;&ccedil; d\u0259f\u0259 &ccedil;oxdur.<\/span><br \/>\n<span style=\"line-height: 1.6em;\">Petisiyan\u0131n m&uuml;\u0259llifi, Az\u0259rbaycanda V\u0259t\u0259nda\u015f C\u0259miyy\u0259tinin \u0130nki\u015faf\u0131na Yard\u0131m Assosiasiyas\u0131n\u0131n prezidenti Elxan S&uuml;leymanov art\u0131q bir ne&ccedil;\u0259 h\u0259ft\u0259 \u0259vv\u0259l bildirmi\u015fdi ki, Az\u0259rbaycana qar\u015f\u0131 uzun ill\u0259rdir d&uuml;nyan\u0131n g&uuml;cl&uuml; d&ouml;vl\u0259tl\u0259ri v\u0259 beyn\u0259lxalq t\u0259\u015fkilatlar t\u0259r\u0259find\u0259n edil\u0259n v\u0259 haz\u0131rda da davam ed\u0259n qlobal siyasi t\u0259zyiql\u0259r fonunda bu petisiyaya AB\u015e t\u0259r\u0259find\u0259n obyektiv munasib\u0259t bildirilm\u0259si onda ciddi \u015f&uuml;bh\u0259l\u0259r yarad\u0131r.<\/span><br \/>\n<span style=\"line-height: 1.6em;\">A\u011f Ev administrasiyas\u0131 is\u0259 bu yax\u0131nlarda Avropa \u015euras\u0131 Parlament Assambleyas\u0131 t\u0259r\u0259find\u0259n S\u0259rs\u0259ng su anbar\u0131na dair q\u0259bul edilmi\u015f 2085 (2016) sayl\u0131 q\u0259tnam\u0259ni birba\u015fa d\u0259st\u0259kl\u0259m\u0259kd\u0259n AB\u015e-\u0131n A\u015ePA-ya &uuml;zv olmamas\u0131 b\u0259han\u0259si il\u0259 yay\u0131n\u0131b. H\u0259min q\u0259tnam\u0259d\u0259 Erm\u0259nistan t\u0259cav&uuml;zkar adland\u0131r\u0131l\u0131r v\u0259 Erm\u0259nistan qo\u015funlar\u0131n\u0131n regiondan d\u0259rhal geri &ccedil;\u0259kilm\u0259si &uuml;&ccedil;&uuml;n &ccedil;a\u011f\u0131r\u0131\u015f edilirdi.<\/span><br \/>\n<span style=\"line-height: 1.6em;\">&ldquo;A\u011f Ev Administrasiyas\u0131n\u0131n A\u015ePA-n\u0131n 2085 (2016) sayl\u0131 q\u0259tnam\u0259sini birm\u0259nal\u0131 \u015f\u0259kild\u0259 t\u0259qdir etm\u0259y\u0259c\u0259yini g&ouml;zl\u0259yirdim. Lakin t\u0259\u0259ss&uuml;fl\u0259nir\u0259m ki, AB\u015e administrasiyas\u0131 petisiyada S\u0259rs\u0259ng su anbar\u0131n\u0131n haz\u0131rki durumu s\u0259b\u0259bind\u0259n ba\u015f ver\u0259 bil\u0259c\u0259k humanitar f\u0259lak\u0259tin qar\u015f\u0131s\u0131n\u0131n al\u0131nmas\u0131na yard\u0131m edilm\u0259si il\u0259 ba\u011fl\u0131 hiss\u0259y\u0259 etinas\u0131zl\u0131q g&ouml;st\u0259rdi&rdquo; &ndash; E.S&uuml;leymanov deyib.<\/span><br \/>\n<span style=\"line-height: 1.6em;\">Petisiyada faktiki olaraq i\u015f\u011fala m\u0259ruz qalm\u0131\u015f rayonlarda, x&uuml;susil\u0259 S\u0259rs\u0259ng \u0259razisind\u0259 ya\u015fayan \u0259halinin insan h&uuml;quqlar\u0131n\u0131n v\u0259ziyy\u0259ti vur\u011fulan\u0131r, A\u011f Evin cavab\u0131 is\u0259 daha &ccedil;ox &ldquo;Da\u011fl\u0131q Qaraba\u011f\u0131n statusunun m&uuml;\u0259yy\u0259nl\u0259\u015fdirilm\u0259sin\u0259&rdquo; y&ouml;n\u0259lib.<\/span><br \/>\n<span style=\"line-height: 1.6em;\">&ldquo;Bu m\u0259nada bir fakt\u0131 t\u0259qdir edirik ki, AB\u015e administrasiyas\u0131 &ouml;z m&ouml;vqeyind\u0259 Da\u011fl\u0131q Qaraba\u011f\u0131n separat&ccedil;\u0131 h\u0259ll yolunu d\u0259st\u0259kl\u0259mir v\u0259 qanunsuz olaraq &ouml;z m&uuml;q\u0259dd\u0259rat\u0131n\u0131 t\u0259yin etm\u0259y\u0259 imkan\u0131 yaratm\u0131r&rdquo;, &#8211; S&uuml;leymanov deyib.<\/span><br \/>\n<span style=\"line-height: 1.6em;\">O bildirib ki, A\u011f Ev &ouml;z cavab\u0131nda S\u0259rs\u0259ngin haz\u0131rki v\u0259ziyy\u0259tinin qurbanlar\u0131 olan insanlar\u0131n \u0259sas h&uuml;quqlar\u0131na dair m&uuml;h&uuml;m m\u0259s\u0259l\u0259d\u0259n yay\u0131n\u0131r, lakin AB\u015e administrasiyas\u0131n\u0131n Erm\u0259nistan ritorikas\u0131na qo\u015fulmamas\u0131n\u0131 y&uuml;ks\u0259k qiym\u0259tl\u0259ndiririk.<\/span><br \/>\n<span style=\"line-height: 1.6em;\">A\u011f Evin cavab\u0131na \u0259sas\u0259n, Az\u0259rbaycanla Erm\u0259nistan aras\u0131nda h\u0259rt\u0259r\u0259fli h\u0259ll yolu &ldquo;Da\u011fl\u0131q Qaraba\u011f \u0259traf\u0131ndak\u0131 \u0259razil\u0259rin Az\u0259rbaycan\u0131n n\u0259zar\u0259tin\u0259 qaytar\u0131lmas\u0131 v\u0259 Da\u011fl\u0131q Qaraba\u011f\u0131n statusunun m&uuml;\u0259yy\u0259nl\u0259\u015fdirilm\u0259sind\u0259n&rdquo; ibar\u0259t olmal\u0131d\u0131r.<\/span><br \/>\n<span style=\"line-height: 1.6em;\">&ldquo;\u015e&uuml;bh\u0259siz, biz d\u0259 \u0259n q\u0131sa vaxtda Da\u011fl\u0131q Qaraba\u011f \u0259traf\u0131ndak\u0131 \u0259razil\u0259rin Az\u0259rbaycan\u0131n n\u0259zar\u0259tin\u0259 qaytar\u0131lmas\u0131n\u0131 v\u0259 Erm\u0259nistan qo\u015funlar\u0131n\u0131n geri &ccedil;\u0259kilm\u0259sini ist\u0259yirik. Bundan \u0259lav\u0259, AB\u015e administrasiyas\u0131n\u0131n Erm\u0259nistan\u0131 a&ccedil;\u0131q-ayd\u0131n t\u0259cav&uuml;zkar v\u0259 i\u015f\u011fal&ccedil;\u0131 adland\u0131ran bu ifad\u0259 formas\u0131n\u0131 t\u0259qdir edirik. Da\u011fl\u0131q Qaraba\u011f\u0131n g\u0259l\u0259c\u0259k statusuna g\u0259ldikd\u0259, qeyd edirik ki, h\u0259qiq\u0259t\u0259n d\u0259 bir &ccedil;ox Avropa &ouml;lk\u0259l\u0259rind\u0259 oldu\u011fu kimi, yerli muxtariyy\u0259t s\u0259viyy\u0259si m&uuml;\u0259yy\u0259n edil\u0259 bil\u0259r. BMT-nin bir s\u0131ra q\u0259tnam\u0259l\u0259rind\u0259 v\u0259 A\u015ePA-n\u0131n 2085 (2016) sayl\u0131 q\u0259tnam\u0259sind\u0259 t\u0259sdiql\u0259ndiyi kimi, Da\u011fl\u0131q Qaraba\u011f i\u015f\u011fal edilmi\u015f \u0259traf rayonlarla birlikd\u0259 Az\u0259rbaycan\u0131n bir hiss\u0259sidir v\u0259 bu, h\u0259mi\u015f\u0259 bel\u0259 olacaq. AB\u015e administrasiyas\u0131 da beyn\u0259lxalq &nbsp;q\u0259tnam\u0259l\u0259r\u0259 h&ouml;rm\u0259t etdiyind\u0259n, Obama administrasiyas\u0131 Da\u011fl\u0131q Qaraba\u011f\u0131n statusunun m&uuml;\u0259yy\u0259nl\u0259\u015fdirilm\u0259sini m&uuml;zakir\u0259 ed\u0259rk\u0259n, a&ccedil;\u0131q-ayd\u0131n Az\u0259rbaycan\u0131n suveren s\u0259rh\u0259dl\u0259ri &ccedil;\u0259r&ccedil;iv\u0259sind\u0259 yerli muxtariyy\u0259t s\u0259viyy\u0259sini n\u0259z\u0259rd\u0259 tutur&rdquo;, &#8211; Elxan S&uuml;leymanov vur\u011fulay\u0131b.<\/span><br \/>\n<span style=\"line-height: 1.6em;\">S&uuml;leymanov deyir ki, Erm\u0259nistan\u0131n t\u0259cav&uuml;zkar olmas\u0131, Az\u0259rbaycan\u0131n Da\u011fl\u0131q Qaraba\u011f v\u0259 dig\u0259r \u0259razil\u0259rinin Erm\u0259nistan silahl\u0131 q&uuml;vv\u0259l\u0259rinin n\u0259zar\u0259tind\u0259 olmas\u0131, S\u0259rs\u0259ng b\u0259ndin\u0259 g&ouml;r\u0259 humanitar f\u0259lak\u0259tin qa&ccedil;\u0131lmaz olmas\u0131 faktlar\u0131 iki aydan art\u0131q m&uuml;dd\u0259td\u0259 A\u011f Evin r\u0259smi sayt\u0131nda olub: &ldquo;\u0130yirmi ild\u0259n art\u0131qd\u0131r ki, q\u0259r\u0259zli beyn\u0259lxalq m\u0259tbuat t\u0259r\u0259find\u0259n yanl\u0131\u015f m\u0259lumatland\u0131r\u0131lan b&uuml;t&uuml;n d&uuml;nyadan olan milyonlarla insan iki aydan art\u0131q vaxtda bu sayta daxil olur. B&uuml;t&uuml;n bu insanlar indi &ouml;lk\u0259miz\u0259 qar\u015f\u0131 t&ouml;r\u0259dilmi\u015f \u0259dal\u0259tsizlik v\u0259 v\u0259t\u0259nda\u015flar\u0131m\u0131za t\u0259hdid yaradan konkret t\u0259hl&uuml;k\u0259l\u0259r v\u0259 torpaqlar\u0131m\u0131z\u0131n i\u015f\u011fal\u0131 bar\u0259d\u0259 d&uuml;zg&uuml;n m\u0259lumat \u0259ld\u0259 edib. Bu s\u0259b\u0259bd\u0259n bu petisiya \u0259razil\u0259rimizin i\u015f\u011faldan azad edilm\u0259sin\u0259 aparan yolda olduqca m&uuml;h&uuml;m v\u0259 \u0259h\u0259miyy\u0259tli f\u0259aliyy\u0259tdir. Bu, Az\u0259rbaycan\u0131n intellektual m&uuml;bariz\u0259d\u0259 m&uuml;h&uuml;m q\u0259l\u0259b\u0259sidir&rdquo;.<\/span><\/p>\n","protected":false},"excerpt":{"rendered":"<p>AB\u015e A\u011f Ev administrasiyas\u0131 iyunun 10-da Az\u0259rbaycan \u0259razisinin 20%-ni i\u015f\u011fal ed\u0259n Erm\u0259nistan qo\u015funlar\u0131n\u0131n geri &ccedil;\u0259kilm\u0259sini t\u0259l\u0259b ed\u0259n v\u0259 bax\u0131ms\u0131z S\u0259rs\u0259ng b\u0259ndin\u0259 g&ouml;r\u0259 humanitar f\u0259lak\u0259tl\u0259 &uuml;zl\u0259\u015f\u0259 bil\u0259c\u0259k y&uuml;z minl\u0259rl\u0259 v\u0259t\u0259nda\u015f\u0131n v\u0259ziyy\u0259tini&hellip;<\/p>\n","protected":false},"author":1,"featured_media":251278,"comment_status":"open","ping_status":"open","sticky":false,"template":"","format":"standard","meta":{"_lmt_disableupdate":"","_lmt_disable":"","footnotes":""},"categories":[86],"tags":[],"class_list":["post-34400","post","type-post","status-publish","format-standard","has-post-thumbnail","hentry","category-siyaset"],"_links":{"self":[{"href":"https:\/\/ucnoqta.az\/index.php?rest_route=\/wp\/v2\/posts\/34400","targetHints":{"allow":["GET"]}}],"collection":[{"href":"https:\/\/ucnoqta.az\/index.php?rest_route=\/wp\/v2\/posts"}],"about":[{"href":"https:\/\/ucnoqta.az\/index.php?rest_route=\/wp\/v2\/types\/post"}],"author":[{"embeddable":true,"href":"https:\/\/ucnoqta.az\/index.php?rest_route=\/wp\/v2\/users\/1"}],"replies":[{"embeddable":true,"href":"https:\/\/ucnoqta.az\/index.php?rest_route=%2Fwp%2Fv2%2Fcomments&post=34400"}],"version-history":[{"count":0,"href":"https:\/\/ucnoqta.az\/index.php?rest_route=\/wp\/v2\/posts\/34400\/revisions"}],"wp:featuredmedia":[{"embeddable":true,"href":"https:\/\/ucnoqta.az\/index.php?rest_route=\/wp\/v2\/media\/251278"}],"wp:attachment":[{"href":"https:\/\/ucnoqta.az\/index.php?rest_route=%2Fwp%2Fv2%2Fmedia&parent=34400"}],"wp:term":[{"taxonomy":"category","embeddable":true,"href":"https:\/\/ucnoqta.az\/index.php?rest_route=%2Fwp%2Fv2%2Fcategories&post=34400"},{"taxonomy":"post_tag","embeddable":true,"href":"https:\/\/ucnoqta.az\/index.php?rest_route=%2Fwp%2Fv2%2Ftags&post=34400"}],"curies":[{"name":"wp","href":"https:\/\/api.w.org\/{rel}","templated":true}]}}