{"id":257451,"date":"2026-09-07T00:01:44","date_gmt":"2026-09-06T20:01:44","guid":{"rendered":"https:\/\/ucnoqta.az\/?p=257451"},"modified":"2026-09-07T00:01:44","modified_gmt":"2026-09-06T20:01:44","slug":"abs-iran-munaqis%c9%99si-daha-6-ay-davam-ed%c9%99-bil%c9%99r-kecmis-nazir","status":"publish","type":"post","link":"https:\/\/ucnoqta.az\/?p=257451","title":{"rendered":"AB\u015e-\u0130ran m\u00fcnaqi\u015f\u0259si daha 6 ay davam ed\u0259 bil\u0259r &#8211; Ke\u00e7mi\u015f nazir"},"content":{"rendered":"<p><strong>AB\u015e-\u0131n ke\u00e7mi\u015f m\u00fcdafi\u0259 naziri v\u0259 M\u0259rk\u0259zi K\u0259\u015ffiyyat \u0130dar\u0259sinin sabiq direktoru Leon Panetta AB\u015e-\u0130ran m\u00fcnaqi\u015f\u0259sinin daha alt\u0131 ay davam ed\u0259 bil\u0259c\u0259yini bildirib.<\/strong><\/p>\n<p>Ucnoqta.az x\u0259b\u0259r verir ki, Panetta \u201cThe Guardian\u201d q\u0259zetin\u0259 m\u00fcsahib\u0259sind\u0259 t\u0259r\u0259fl\u0259rin dalana dir\u0259ndiyini v\u0259 m\u00fcharib\u0259ni ba\u015fa \u00e7atd\u0131rmaq \u00fc\u00e7\u00fcn \u00e7ox az imkan\u0131n qald\u0131\u011f\u0131n\u0131 deyib.<\/p>\n<p>Onun s\u00f6zl\u0259rin\u0259 g\u00f6r\u0259, Donald Tramp administrasiyas\u0131 Yax\u0131n \u015e\u0259rqd\u0259 uzunm\u00fcdd\u0259tli m\u00fcharib\u0259y\u0259 c\u0259lb olunmaq riski il\u0259 \u00fczl\u0259\u015fir. Panetta hesab edir ki, Tramp\u0131n qar\u015f\u0131s\u0131nda \u00fc\u00e7 \u0259sas se\u00e7im var: h\u0259rbi \u0259m\u0259liyyatlar\u0131 dayand\u0131rmaq, hava z\u0259rb\u0259l\u0259rini davam etdirm\u0259k v\u0259 ya H\u00f6rm\u00fcz bo\u011faz\u0131na n\u0259zar\u0259ti \u0259l\u0259 ke\u00e7irm\u0259y\u0259 \u00e7al\u0131\u015fmaq.<\/p>\n<p>Panetta ikinci variant\u0131n m\u00fcnaqi\u015f\u0259nin daha da uzanmas\u0131na s\u0259b\u0259b ola bil\u0259c\u0259yini vur\u011fulay\u0131b.<\/p>\n","protected":false},"excerpt":{"rendered":"<p>AB\u015e-\u0131n ke\u00e7mi\u015f m\u00fcdafi\u0259 naziri v\u0259 M\u0259rk\u0259zi K\u0259\u015ffiyyat \u0130dar\u0259sinin sabiq direktoru Leon Panetta AB\u015e-\u0130ran m\u00fcnaqi\u015f\u0259sinin daha alt\u0131 ay davam ed\u0259 bil\u0259c\u0259yini bildirib. Ucnoqta.az x\u0259b\u0259r verir ki, Panetta \u201cThe Guardian\u201d q\u0259zetin\u0259 m\u00fcsahib\u0259sind\u0259&hellip;<\/p>\n","protected":false},"author":2,"featured_media":257452,"comment_status":"closed","ping_status":"closed","sticky":false,"template":"","format":"standard","meta":{"_lmt_disableupdate":"","_lmt_disable":"","footnotes":""},"categories":[89],"tags":[],"class_list":["post-257451","post","type-post","status-publish","format-standard","has-post-thumbnail","hentry","category-dunya-butun-xeberler"],"_links":{"self":[{"href":"https:\/\/ucnoqta.az\/index.php?rest_route=\/wp\/v2\/posts\/257451","targetHints":{"allow":["GET"]}}],"collection":[{"href":"https:\/\/ucnoqta.az\/index.php?rest_route=\/wp\/v2\/posts"}],"about":[{"href":"https:\/\/ucnoqta.az\/index.php?rest_route=\/wp\/v2\/types\/post"}],"author":[{"embeddable":true,"href":"https:\/\/ucnoqta.az\/index.php?rest_route=\/wp\/v2\/users\/2"}],"replies":[{"embeddable":true,"href":"https:\/\/ucnoqta.az\/index.php?rest_route=%2Fwp%2Fv2%2Fcomments&post=257451"}],"version-history":[{"count":0,"href":"https:\/\/ucnoqta.az\/index.php?rest_route=\/wp\/v2\/posts\/257451\/revisions"}],"wp:featuredmedia":[{"embeddable":true,"href":"https:\/\/ucnoqta.az\/index.php?rest_route=\/wp\/v2\/media\/257452"}],"wp:attachment":[{"href":"https:\/\/ucnoqta.az\/index.php?rest_route=%2Fwp%2Fv2%2Fmedia&parent=257451"}],"wp:term":[{"taxonomy":"category","embeddable":true,"href":"https:\/\/ucnoqta.az\/index.php?rest_route=%2Fwp%2Fv2%2Fcategories&post=257451"},{"taxonomy":"post_tag","embeddable":true,"href":"https:\/\/ucnoqta.az\/index.php?rest_route=%2Fwp%2Fv2%2Ftags&post=257451"}],"curies":[{"name":"wp","href":"https:\/\/api.w.org\/{rel}","templated":true}]}}